{"id":20622,"date":"2026-02-22T15:56:13","date_gmt":"2026-02-22T15:56:13","guid":{"rendered":"https:\/\/ladepeche.mr\/?p=20622"},"modified":"2026-02-22T15:56:13","modified_gmt":"2026-02-22T15:56:13","slug":"rdc-a-goma-lue-exhorte-les-rebelles-congolais-a-ouvrir-des-couloirs-humanitaires","status":"publish","type":"post","link":"https:\/\/ladepeche.mr\/?p=20622","title":{"rendered":"RDC : \u00e0 Goma, l\u2019UE exhorte les rebelles congolais \u00e0 ouvrir des couloirs humanitaires"},"content":{"rendered":"<p data-t=\"{&quot;n&quot;:&quot;blueLinks&quot;,&quot;t&quot;:13,&quot;a&quot;:&quot;click&quot;,&quot;b&quot;:76}\"><strong>En visite dans l\u2019est de la R\u00e9publique d\u00e9mocratique du Congo, la commissaire europ\u00e9enne \u00e0 la gestion des crises, Hadja Lahbib, a appel\u00e9 les groupes arm\u00e9s \u00e0 garantir un acc\u00e8s s\u00e9curis\u00e9 \u00e0 l\u2019aide pour des millions de civils.<\/strong><\/p>\n<div class=\"article-image-slot image-slot-placeholder\" data-doc-id=\"cms\/api\/amp\/image\/AA1WNYZo\">\n<div class=\"article-image-slot\">\n<div class=\"article-image-container polished\" data-t=\"{&quot;n&quot;:&quot;OpenModal&quot;,&quot;t&quot;:13,&quot;b&quot;:8,&quot;c.i&quot;:&quot;AA1WNFYL&quot;,&quot;c.l&quot;:false,&quot;c.t&quot;:13,&quot;c.v&quot;:&quot;news&quot;,&quot;c.c&quot;:&quot;others&quot;,&quot;c.b&quot;:&quot;Euronews (Fran\u00e7ais)&quot;,&quot;c.bi&quot;:&quot;AA2qy7x&quot;,&quot;c.tv&quot;:&quot;politics&quot;,&quot;c.tc&quot;:&quot;government&quot;,&quot;c.hl&quot;:&quot;RDC : \u00e0 Goma, l\u2019UE exhorte les rebelles congolais \u00e0 ouvrir des couloirs humanitaires&quot;}\" data-test-id=\"AA1WNYZo\">\n<p data-t=\"{&quot;n&quot;:&quot;blueLinks&quot;,&quot;t&quot;:13,&quot;a&quot;:&quot;click&quot;,&quot;b&quot;:76}\"><strong>En visite dans l\u2019est de la R\u00e9publique d\u00e9mocratique du Congo, la commissaire europ\u00e9enne \u00e0 la gestion des crises, Hadja Lahbib, a appel\u00e9 les groupes arm\u00e9s \u00e0 garantir un acc\u00e8s s\u00e9curis\u00e9 \u00e0 l\u2019aide pour des millions de civils. \u00c0 l\u2019issue de discussions qu\u2019elle a qualifi\u00e9es de \u00ab franches et constructives \u00bb avec les dirigeants de l\u2019Alliance Fleuve Congo (AFC\/M23), elle a insist\u00e9 sur l\u2019imp\u00e9rieuse n\u00e9cessit\u00e9 de respecter le droit international humanitaire.<\/strong><\/p>\n<div class=\"intra-article-module\" data-t=\"{&quot;n&quot;:&quot;intraArticle&quot;,&quot;t&quot;:13}\">\n<div class=\"articlePageIntraArticleFullWidth ad-slot-placeholder left-image-intra-ad full-bleed-image-intra-ad intra-ad-rm-bg intra-ad-rm-h\" data-ad-index=\"0\">\n<div class=\"left-image-intra-ad full-bleed-image-intra-ad\">\n<div class=\"responsive-views-ad-container\">\n<div class=\"root\">\n<div class=\"content-card-container\">\n<div class=\"article-image-slot image-slot-placeholder\" data-is-first=\"true\" data-doc-id=\"cms\/api\/amp\/image\/AA1Wp0Wd\">\n<div class=\"article-image-slot\">\n<div class=\"article-image-container polished\" data-t=\"{&quot;n&quot;:&quot;OpenModal&quot;,&quot;t&quot;:13,&quot;b&quot;:8,&quot;c.i&quot;:&quot;AA1WoYlj&quot;,&quot;c.l&quot;:false,&quot;c.t&quot;:13,&quot;c.v&quot;:&quot;northafrica&quot;,&quot;c.c&quot;:&quot;morocconews&quot;,&quot;c.b&quot;:&quot;Yabiladi&quot;,&quot;c.bi&quot;:&quot;AADQR1Z&quot;,&quot;c.tv&quot;:&quot;sports&quot;,&quot;c.tc&quot;:&quot;soccer&quot;,&quot;c.hl&quot;:&quot;CAN 2025 : Herv\u00e9 Renard \u00e9claire l\u2019affaire de la serviette entre S\u00e9n\u00e9gal et Maroc&quot;}\" data-test-id=\"AA1Wp0Wd\">\n<div>\n<p data-t=\"{&quot;n&quot;:&quot;blueLinks&quot;,&quot;t&quot;:13,&quot;a&quot;:&quot;click&quot;,&quot;b&quot;:76}\">Goma, \u00e9picentre des violences qui ravagent l\u2019est congolais, a servi vendredi de th\u00e9\u00e2tre \u00e0 un plaidoyer pressant de l\u2019Union europ\u00e9enne en faveur des populations civiles. En mission dans la r\u00e9gion des Grands Lacs, Hadja Lahbib a rencontr\u00e9 les responsables de l\u2019Alliance Fleuve Congo (AFC\/M23), coalition rebelle incluant le M23, afin d\u2019obtenir l\u2019ouverture de couloirs humanitaires s\u00e9curis\u00e9s.<\/p>\n<p class=\"continue-read-break\" data-t=\"{&quot;n&quot;:&quot;blueLinks&quot;,&quot;t&quot;:13,&quot;a&quot;:&quot;click&quot;,&quot;b&quot;:76}\">\u00ab Je suis venue \u00e0 Goma avec un mandat humanitaire. L\u2019aide doit parvenir sans d\u00e9lai aux populations dans le besoin, via des couloirs humanitaires s\u00e9curis\u00e9s \u00bb, a d\u00e9clar\u00e9 la commissaire europ\u00e9enne \u00e0 la presse, soulignant la n\u00e9cessit\u00e9 de prot\u00e9ger les civils. \u00ab Le droit international humanitaire doit \u00eatre respect\u00e9 pour prot\u00e9ger les populations. Il s\u2019agit d\u2019une responsabilit\u00e9 partag\u00e9e \u00e0 l\u2019\u00e9chelle r\u00e9gionale. J\u2019ai port\u00e9 ce message \u00e0 Kinshasa, Bujumbura et Kigali. J\u2019ai re\u00e7u des engagements de toutes les parties rencontr\u00e9es et j\u2019esp\u00e8re qu\u2019ils seront mis en \u0153uvre afin que cette mission porte ses fruits. \u00bb<\/p>\n<\/div>\n<\/div>\n<\/div>\n<\/div>\n<div class=\"intra-article-module-bottom-slot\" data-t=\"{&quot;n&quot;:&quot;intraArticle&quot;,&quot;t&quot;:13}\">\n<p class=\"\" data-t=\"{&quot;n&quot;:&quot;blueLinks&quot;,&quot;t&quot;:13,&quot;a&quot;:&quot;click&quot;,&quot;b&quot;:76}\">Cette \u00e9tape \u00e0 Goma s\u2019inscrivait dans une tourn\u00e9e r\u00e9gionale qui a men\u00e9 Hadja Lahbib successivement \u00e0 Kinshasa, Bujumbura et Kigali. \u00c0 chaque \u00e9tape, la responsable europ\u00e9enne a r\u00e9affirm\u00e9 le m\u00eame message : \u00ab La situation est catastrophique. Il y a des violations croissantes et flagrantes du droit international humanitaire. Nos travailleurs risquent leur vie pour sauver celle des autres \u00bb, a-t-elle alert\u00e9, se faisant le relais des pr\u00e9occupations des ONG internationales et des agences des Nations unies op\u00e9rant dans des conditions extr\u00eamement difficiles, notamment dans les camps de d\u00e9plac\u00e9s.<\/p>\n<div class=\"intra-article-module\" data-t=\"{&quot;n&quot;:&quot;intraArticle&quot;,&quot;t&quot;:13}\">\n<div class=\"articlePageIntraArticleFullWidth ad-slot-placeholder left-image-intra-ad full-bleed-image-intra-ad intra-ad-rm-bg intra-ad-rm-h\" data-ad-index=\"1\">\n<div class=\"left-image-intra-ad full-bleed-image-intra-ad\">\n<div class=\"responsive-views-ad-container\">\n<div class=\"root\">\n<div class=\"content-card-container\">\n<p data-t=\"{&quot;n&quot;:&quot;blueLinks&quot;,&quot;t&quot;:13,&quot;a&quot;:&quot;click&quot;,&quot;b&quot;:76}\">Selon les Nations unies, la RDC traverse l\u2019une des plus graves crises humanitaires au monde, sur fond de conflits persistants et de d\u00e9placements massifs. Face \u00e0 l\u2019urgence, l\u2019Union europ\u00e9enne a mobilis\u00e9 81,2 millions d\u2019euros d\u2019aide en faveur de la r\u00e9gion des Grands Lacs.<\/p>\n<\/div>\n<\/div>\n<p data-t=\"{&quot;n&quot;:&quot;blueLinks&quot;,&quot;t&quot;:13,&quot;a&quot;:&quot;click&quot;,&quot;b&quot;:76}\">Selon les Nations unies, la RDC traverse l\u2019une des plus graves crises humanitaires au monde, sur fond de conflits persistants et de d\u00e9placements massifs. Face \u00e0 l\u2019urgence, l\u2019Union europ\u00e9enne a mobilis\u00e9 81,2 millions d\u2019euros d\u2019aide en faveur de la r\u00e9gion des Grands Lacs.<\/p>\n<p data-t=\"{&quot;n&quot;:&quot;blueLinks&quot;,&quot;t&quot;:13,&quot;a&quot;:&quot;click&quot;,&quot;b&quot;:76}\">Le M23, que l\u2019ONU et plusieurs pays occidentaux soup\u00e7onnent de b\u00e9n\u00e9ficier du soutien de Kigali, contr\u00f4le de vastes territoires dans l\u2019est du pays, dont les capitales provinciales de Goma et Bukavu, tomb\u00e9es sous son contr\u00f4le d\u00e9but 2025. Le passage s\u00e9curis\u00e9 de l\u2019aide humanitaire reste n\u00e9anmoins entrav\u00e9, les couloirs humanitaires \u00e9tant souvent bloqu\u00e9s ou soumis \u00e0 des restrictions, tandis que le Rwanda rejette ces accusations.<\/p>\n<p data-t=\"{&quot;n&quot;:&quot;blueLinks&quot;,&quot;t&quot;:13,&quot;a&quot;:&quot;click&quot;,&quot;b&quot;:76}\">Selon des informations concordantes, des troupes burundaises sont d\u00e9ploy\u00e9es en RDC aux c\u00f4t\u00e9s des forces gouvernementales pour contrer le M23. Depuis d\u00e9cembre 2025, des milliers de Congolais d\u00e9plac\u00e9s par les violences ont trouv\u00e9 refuge au Burundi, accentuant la pression sur une r\u00e9gion d\u00e9j\u00e0 fragilis\u00e9e.<\/p>\n<div class=\"intra-article-module\" data-t=\"{&quot;n&quot;:&quot;intraArticle&quot;,&quot;t&quot;:13}\">\n<div class=\"articlePageIntraArticleFullWidth ad-slot-placeholder left-image-intra-ad full-bleed-image-intra-ad intra-ad-rm-bg intra-ad-rm-h\" data-ad-index=\"2\">\n<div class=\"left-image-intra-ad full-bleed-image-intra-ad\">\n<div class=\"responsive-views-ad-container\">\n<div class=\"root\">\n<div class=\"content-card-container\">\n<div class=\"body\">\n<div class=\"action-row\">\u00ab Nous devenons le premier acteur global humanitaire au monde, particuli\u00e8rement ici dans la r\u00e9gion des Grands Lacs. Mais il faut nous aider \u00e0 faire notre travail \u00bb, a insist\u00e9 Hadja Lahbib, soulignant la n\u00e9cessit\u00e9 d\u2019un soutien international fort pour all\u00e9ger les souffrances des populations civiles.<\/div>\n<\/div>\n<\/div>\n<\/div>\n<\/div>\n<\/div>\n<\/div>\n<\/div>\n<\/div>\n<\/div>\n<\/div>\n<\/div>\n<\/div>\n<\/div>\n<\/div>\n<\/div>\n<\/div>\n<\/div>\n<\/div>\n<\/div>\n<\/div>\n<\/div>\n","protected":false},"excerpt":{"rendered":"<p>En visite dans l\u2019est de la R\u00e9publique d\u00e9mocratique du Congo, la commissaire europ\u00e9enne \u00e0 la gestion des crises, Hadja Lahbib, a appel\u00e9 les groupes arm\u00e9s \u00e0 garantir un acc\u00e8s s\u00e9curis\u00e9 \u00e0 l\u2019aide pour des millions de civils. En visite dans l\u2019est de la R\u00e9publique d\u00e9mocratique du Congo, la commissaire europ\u00e9enne \u00e0 la gestion des crises, &hellip;<\/p>\n","protected":false},"author":2,"featured_media":20623,"comment_status":"open","ping_status":"open","sticky":false,"template":"","format":"standard","meta":{"footnotes":""},"categories":[18,29],"tags":[],"class_list":["post-20622","post","type-post","status-publish","format-standard","has-post-thumbnail","hentry","category-actualites","category-monde"],"_links":{"self":[{"href":"https:\/\/ladepeche.mr\/index.php?rest_route=\/wp\/v2\/posts\/20622","targetHints":{"allow":["GET"]}}],"collection":[{"href":"https:\/\/ladepeche.mr\/index.php?rest_route=\/wp\/v2\/posts"}],"about":[{"href":"https:\/\/ladepeche.mr\/index.php?rest_route=\/wp\/v2\/types\/post"}],"author":[{"embeddable":true,"href":"https:\/\/ladepeche.mr\/index.php?rest_route=\/wp\/v2\/users\/2"}],"replies":[{"embeddable":true,"href":"https:\/\/ladepeche.mr\/index.php?rest_route=%2Fwp%2Fv2%2Fcomments&post=20622"}],"version-history":[{"count":1,"href":"https:\/\/ladepeche.mr\/index.php?rest_route=\/wp\/v2\/posts\/20622\/revisions"}],"predecessor-version":[{"id":20624,"href":"https:\/\/ladepeche.mr\/index.php?rest_route=\/wp\/v2\/posts\/20622\/revisions\/20624"}],"wp:featuredmedia":[{"embeddable":true,"href":"https:\/\/ladepeche.mr\/index.php?rest_route=\/wp\/v2\/media\/20623"}],"wp:attachment":[{"href":"https:\/\/ladepeche.mr\/index.php?rest_route=%2Fwp%2Fv2%2Fmedia&parent=20622"}],"wp:term":[{"taxonomy":"category","embeddable":true,"href":"https:\/\/ladepeche.mr\/index.php?rest_route=%2Fwp%2Fv2%2Fcategories&post=20622"},{"taxonomy":"post_tag","embeddable":true,"href":"https:\/\/ladepeche.mr\/index.php?rest_route=%2Fwp%2Fv2%2Ftags&post=20622"}],"curies":[{"name":"wp","href":"https:\/\/api.w.org\/{rel}","templated":true}]}}