{"id":20625,"date":"2026-02-22T16:12:27","date_gmt":"2026-02-22T16:12:27","guid":{"rendered":"https:\/\/ladepeche.mr\/?p=20625"},"modified":"2026-02-22T16:12:27","modified_gmt":"2026-02-22T16:12:27","slug":"mauritanie-usa-le-gouvernement-rejette-les-declarations-de-lambassadeur-m-huckabee","status":"publish","type":"post","link":"https:\/\/ladepeche.mr\/?p=20625","title":{"rendered":"Mauritanie-USA: le gouvernement rejette les d\u00e9clarations de l\u2019ambassadeur M. Huckabee"},"content":{"rendered":"<p>La Mauritanie n\u2019a pas tard\u00e9 \u00e0 r\u00e9agir, dans un communiqu\u00e9 rendu public par le minist\u00e8re des affaires \u00e9trang\u00e8res, aux d\u00e9clarations fallacieuses de l\u2019ambassadeur am\u00e9ricain Mike Huckabee au sujet des pr\u00e9tentions isra\u00e9liennes relatives aux terres arabes dans la r\u00e9gion du Moyen-Orient.<\/p>\n<p>La Mauritanie a notamment annonc\u00e9 son rejet des d\u00e9clarations faites par l\u2019ambassadeur am\u00e9ricain en Isra\u00ebl, Mike Huckabee, les qualifiant d\u2019erron\u00e9es et contraires aux principes du droit international et \u00e0 la Charte des Nations unies.<\/p>\n<p>Le minist\u00e8re mauritanien des Affaires \u00e9trang\u00e8res, de la Coop\u00e9ration africaine et des Mauritaniens de l\u2019ext\u00e9rieur, a notamment exprim\u00e9 son rejet cat\u00e9gorique des popros de l\u2019ambassadeur Mike Huckabee.<\/p>\n<p>La Mauritanie a, par ailleurs, rappel\u00e9 son soutien constant \u00e0 la cr\u00e9ation d\u2019un \u00c9tat palestinien ind\u00e9pendant dans les fronti\u00e8res du 4 juin 1967, avec J\u00e9rusalem-Est pour capitale, dans le cadre d\u2019une solution juste et globale garantissant une paix durable dans la r\u00e9gion.<\/p>\n<p>Elle a \u00e9galement r\u00e9it\u00e9r\u00e9 que la Cisjordanie, y compris J\u00e9rusalem-Est, ainsi que la bande de Gaza, sont des territoires palestiniens occup\u00e9s conform\u00e9ment aux r\u00e9solutions de la l\u00e9galit\u00e9 internationale, et que toute tentative d\u2019imposer une situation contraire au droit international \u00e0 leur sujet reste nulle et non avenue.<\/p>\n<p>L\u2019ambassadeur am\u00e9ricain en Isra\u00ebl, Huckabee, avait d\u00e9clar\u00e9 lors d\u2019une interview accord\u00e9e au journaliste am\u00e9ricain Tucker Carlson qu\u2019il ne voyait aucun inconv\u00e9nient \u00e0 ce qu\u2019Isra\u00ebl contr\u00f4le l\u2019ensemble du Moyen-Orient, sur une base de ses interpr\u00e9tations bibliques.<\/p>\n<p>&nbsp;<\/p>\n","protected":false},"excerpt":{"rendered":"<p>La Mauritanie n\u2019a pas tard\u00e9 \u00e0 r\u00e9agir, dans un communiqu\u00e9 rendu public par le minist\u00e8re des affaires \u00e9trang\u00e8res, aux d\u00e9clarations fallacieuses de l\u2019ambassadeur am\u00e9ricain Mike Huckabee au sujet des pr\u00e9tentions isra\u00e9liennes relatives aux terres arabes dans la r\u00e9gion du Moyen-Orient. La Mauritanie a notamment annonc\u00e9 son rejet des d\u00e9clarations faites par l\u2019ambassadeur am\u00e9ricain en Isra\u00ebl, &hellip;<\/p>\n","protected":false},"author":2,"featured_media":12224,"comment_status":"open","ping_status":"open","sticky":false,"template":"","format":"standard","meta":{"footnotes":""},"categories":[18,29],"tags":[],"class_list":["post-20625","post","type-post","status-publish","format-standard","has-post-thumbnail","hentry","category-actualites","category-monde"],"_links":{"self":[{"href":"https:\/\/ladepeche.mr\/index.php?rest_route=\/wp\/v2\/posts\/20625","targetHints":{"allow":["GET"]}}],"collection":[{"href":"https:\/\/ladepeche.mr\/index.php?rest_route=\/wp\/v2\/posts"}],"about":[{"href":"https:\/\/ladepeche.mr\/index.php?rest_route=\/wp\/v2\/types\/post"}],"author":[{"embeddable":true,"href":"https:\/\/ladepeche.mr\/index.php?rest_route=\/wp\/v2\/users\/2"}],"replies":[{"embeddable":true,"href":"https:\/\/ladepeche.mr\/index.php?rest_route=%2Fwp%2Fv2%2Fcomments&post=20625"}],"version-history":[{"count":1,"href":"https:\/\/ladepeche.mr\/index.php?rest_route=\/wp\/v2\/posts\/20625\/revisions"}],"predecessor-version":[{"id":20626,"href":"https:\/\/ladepeche.mr\/index.php?rest_route=\/wp\/v2\/posts\/20625\/revisions\/20626"}],"wp:featuredmedia":[{"embeddable":true,"href":"https:\/\/ladepeche.mr\/index.php?rest_route=\/wp\/v2\/media\/12224"}],"wp:attachment":[{"href":"https:\/\/ladepeche.mr\/index.php?rest_route=%2Fwp%2Fv2%2Fmedia&parent=20625"}],"wp:term":[{"taxonomy":"category","embeddable":true,"href":"https:\/\/ladepeche.mr\/index.php?rest_route=%2Fwp%2Fv2%2Fcategories&post=20625"},{"taxonomy":"post_tag","embeddable":true,"href":"https:\/\/ladepeche.mr\/index.php?rest_route=%2Fwp%2Fv2%2Ftags&post=20625"}],"curies":[{"name":"wp","href":"https:\/\/api.w.org\/{rel}","templated":true}]}}