{"id":20627,"date":"2026-02-23T11:00:49","date_gmt":"2026-02-23T11:00:49","guid":{"rendered":"https:\/\/ladepeche.mr\/?p=20627"},"modified":"2026-02-23T11:00:49","modified_gmt":"2026-02-23T11:00:49","slug":"sahara-occidental-nouveau-round-de-negociations-a-washington-sous-legide-des-etats-unis","status":"publish","type":"post","link":"https:\/\/ladepeche.mr\/?p=20627","title":{"rendered":"Sahara occidental: nouveau round de n\u00e9gociations \u00e0 Washington sous l\u2019\u00e9gide des \u00c9tats-Unis"},"content":{"rendered":"<p class=\"t-content__chapo\">Le dossier du Sahara occidental est au c\u0153ur d\u2019un nouveau round de n\u00e9gociations organis\u00e9 \u00e0 Washington du 23 au 24 f\u00e9vrier 2026. Les \u00c9tats-Unis acc\u00e9l\u00e8rent la cadence. Deux semaines apr\u00e8s une premi\u00e8re r\u00e9union tenue \u00e0 l\u2019ambassade am\u00e9ricaine \u00e0 Madrid, Massad Boulos, \u00e9missaire de Donald Trump pour l\u2019Afrique, r\u00e9unit cette fois dans la capitale am\u00e9ricaine le Maroc, l\u2019Alg\u00e9rie, la Mauritanie et le Front Polisario.<\/p>\n<div class=\"t-content__dates t-content__dates--reading-time\">\n<p>Une s\u00e9quence diplomatique \u00e0 huis clos, qui t\u00e9moigne d\u2019une implication directe de la Maison-Blanche dans ce dossier vieux de pr\u00e8s de cinquante ans. Mais derri\u00e8re cette acc\u00e9l\u00e9ration, les positions restent profond\u00e9ment divergentes entre Rabat, le\u00a0<strong><a href=\"https:\/\/www.rfi.fr\/fr\/afrique\/20251024-sahara-occidental-le-polisario-fait-un-pas-vers-le-plan-d-autonomie-propos%C3%A9-par-le-maroc\" target=\"_self\">Front Polisario<\/a><\/strong>\u00a0et Alger.<\/p>\n<p>\u00ab\u00a0<em>C&#8217;est la troisi\u00e8me r\u00e9union en l&#8217;espace d&#8217;un mois, ce qui d\u00e9montre que les Am\u00e9ricains mettent les bouch\u00e9es doubles pour essayer d&#8217;arriver \u00e0 un r\u00e9sultat, sans doute \u00e0 la fin du printemps<\/em>\u00a0\u00bb, analyse le journaliste espagnol Ignacio Cembrero, \u00e0 l\u2019origine des r\u00e9v\u00e9lations sur ces rencontres discr\u00e8tes, au micro de notre journaliste du service Afrique de RFI\u00a0<strong>Christina Okello<\/strong>.<\/p>\n<p>Selon lui, cette implication r\u00e9pond \u00e0 plusieurs objectifs. \u00ab\u00a0<em><strong><a href=\"https:\/\/www.rfi.fr\/fr\/tag\/donald-trump\/\" target=\"_self\">Donald Trump<\/a><\/strong>\u00a0veut se pr\u00e9senter comme le pr\u00e9sident de la paix, l&#8217;homme qui r\u00e9ussit \u00e0 obtenir des accords entre de vieux ennemis, comme c&#8217;est le cas du Maroc et du Front Polisario, qui lutte pour l&#8217;ind\u00e9pendance de son\u00a0<strong><a href=\"https:\/\/www.rfi.fr\/fr\/tag\/sahara-occidental\/\" target=\"_self\">Sahara occidental<\/a><\/strong>, contr\u00f4l\u00e9 aujourd&#8217;hui en majorit\u00e9 par le Maroc<\/em>\u00a0\u00bb.<\/p>\n<p>Autre motivation : aider le Maroc, un alli\u00e9 des \u00c9tats-Unis en Afrique, \u00ab\u00a0<em>qui vient d\u2019int\u00e9grer le Conseil de la paix et qui va \u00eatre m\u00eame l&#8217;un des piliers de cette force de stabilisation que les Am\u00e9ricains mettent sur pied \u00e0 Gaza<\/em>\u00a0\u00bb. Washington cherche donc une \u00ab<em>\u00a0solution favorable<\/em>\u00a0\u00bb \u00e0 son partenaire marocain.<\/p>\n<p>Lire la suite sur <a href=\"https:\/\/www.rfi.fr\/fr\/afrique\/20260223-sahara-occidental-nouveau-round-de-n%C3%A9gociations-%C3%A0-washington-sous-l-%C3%A9gide-des-%C3%A9tats-unis\">Sahara occidental: nouveau round de n\u00e9gociations \u00e0 Washington sous l\u2019\u00e9gide des \u00c9tats-Unis &#8211; RFI<\/a><\/p>\n<\/div>\n","protected":false},"excerpt":{"rendered":"<p>Le dossier du Sahara occidental est au c\u0153ur d\u2019un nouveau round de n\u00e9gociations organis\u00e9 \u00e0 Washington du 23 au 24 f\u00e9vrier 2026. Les \u00c9tats-Unis acc\u00e9l\u00e8rent la cadence. Deux semaines apr\u00e8s une premi\u00e8re r\u00e9union tenue \u00e0 l\u2019ambassade am\u00e9ricaine \u00e0 Madrid, Massad Boulos, \u00e9missaire de Donald Trump pour l\u2019Afrique, r\u00e9unit cette fois dans la capitale am\u00e9ricaine le &hellip;<\/p>\n","protected":false},"author":2,"featured_media":20628,"comment_status":"open","ping_status":"open","sticky":false,"template":"","format":"standard","meta":{"footnotes":""},"categories":[18,29],"tags":[],"class_list":["post-20627","post","type-post","status-publish","format-standard","has-post-thumbnail","hentry","category-actualites","category-monde"],"_links":{"self":[{"href":"https:\/\/ladepeche.mr\/index.php?rest_route=\/wp\/v2\/posts\/20627","targetHints":{"allow":["GET"]}}],"collection":[{"href":"https:\/\/ladepeche.mr\/index.php?rest_route=\/wp\/v2\/posts"}],"about":[{"href":"https:\/\/ladepeche.mr\/index.php?rest_route=\/wp\/v2\/types\/post"}],"author":[{"embeddable":true,"href":"https:\/\/ladepeche.mr\/index.php?rest_route=\/wp\/v2\/users\/2"}],"replies":[{"embeddable":true,"href":"https:\/\/ladepeche.mr\/index.php?rest_route=%2Fwp%2Fv2%2Fcomments&post=20627"}],"version-history":[{"count":1,"href":"https:\/\/ladepeche.mr\/index.php?rest_route=\/wp\/v2\/posts\/20627\/revisions"}],"predecessor-version":[{"id":20629,"href":"https:\/\/ladepeche.mr\/index.php?rest_route=\/wp\/v2\/posts\/20627\/revisions\/20629"}],"wp:featuredmedia":[{"embeddable":true,"href":"https:\/\/ladepeche.mr\/index.php?rest_route=\/wp\/v2\/media\/20628"}],"wp:attachment":[{"href":"https:\/\/ladepeche.mr\/index.php?rest_route=%2Fwp%2Fv2%2Fmedia&parent=20627"}],"wp:term":[{"taxonomy":"category","embeddable":true,"href":"https:\/\/ladepeche.mr\/index.php?rest_route=%2Fwp%2Fv2%2Fcategories&post=20627"},{"taxonomy":"post_tag","embeddable":true,"href":"https:\/\/ladepeche.mr\/index.php?rest_route=%2Fwp%2Fv2%2Ftags&post=20627"}],"curies":[{"name":"wp","href":"https:\/\/api.w.org\/{rel}","templated":true}]}}