{"id":20634,"date":"2026-02-23T12:06:59","date_gmt":"2026-02-23T12:06:59","guid":{"rendered":"https:\/\/ladepeche.mr\/?p=20634"},"modified":"2026-02-23T12:06:59","modified_gmt":"2026-02-23T12:06:59","slug":"lettre-particuliere-a-madame-la-ministre-des-affaires-sociales-de-lenfance-et-de-la-famille","status":"publish","type":"post","link":"https:\/\/ladepeche.mr\/?p=20634","title":{"rendered":"Lettre particuli\u00e8re \u00e0 Madame la Ministre des affaires sociales, de l\u2019enfance et de la famille"},"content":{"rendered":"<p>Madame la Ministre des affaires sociales et de l\u2019enfance, je quitterai Nouakchott sans avoir eu l\u2019honneur, le plaisir et le privil\u00e8ge de vous rencontrer.\u00a0 Je vous imagine d\u00e9bord\u00e9e par le travail et pr\u00e9occup\u00e9e par l\u2019avenir des enfants de votre pays. Je les c\u00f4toie, depuis un mois, dans les rues, dans les \u00e9coles, je les accompagne m\u00eame \u00e0 l\u2019h\u00f4pital.\u00a0 Ils sont, pour une raison qui me d\u00e9passe, devenus ma raison de vivre, probablement parce qu\u2019ils me donnent une grande claque dans le coeur. Il existe, parmi ces enfants, des aveugles, des malvoyants, des handicap\u00e9s et des orphelins.<\/p>\n<p>Mais surtout il existe des enfants qui n\u2019ont pas acc\u00e8s \u00e0 des soins sp\u00e9cifiques. Je parle ici d\u2019une enfant atteinte de mucopolysaccaridose type I, d\u2019une autre atteinte de purpura thrombop\u00e9nique, ou pr\u00e9sentant une malformation que l\u2019on ne peut nommer ici et pour lesquelles je voulais solliciter votre attention et votre bienveillance.\u00a0 H\u00e9las vous n\u2019avez pas r\u00e9pondu \u00e0 ma requ\u00eate.<\/p>\n<p>Dieu est grand et il prendra seul soin de ces enfants car mon temps est compt\u00e9 et mes moyens limit\u00e9s. Ainsi je n\u2019ai pu r\u00e9pondre aux mille sollicitations des ong \u0153uvrant dans la grande ville de Nouakchott alors j\u00a0\u00bbesp\u00e8re que votre minist\u00e8re s\u2019en chargera.<\/p>\n<p>Avec mes remerciements anticip\u00e9s.<\/p>\n<p>Christine Bergougnous<\/p>\n","protected":false},"excerpt":{"rendered":"<p>Madame la Ministre des affaires sociales et de l\u2019enfance, je quitterai Nouakchott sans avoir eu l\u2019honneur, le plaisir et le privil\u00e8ge de vous rencontrer.\u00a0 Je vous imagine d\u00e9bord\u00e9e par le travail et pr\u00e9occup\u00e9e par l\u2019avenir des enfants de votre pays. Je les c\u00f4toie, depuis un mois, dans les rues, dans les \u00e9coles, je les accompagne &hellip;<\/p>\n","protected":false},"author":2,"featured_media":20635,"comment_status":"open","ping_status":"open","sticky":false,"template":"","format":"standard","meta":{"footnotes":""},"categories":[18,27,19],"tags":[],"class_list":["post-20634","post","type-post","status-publish","format-standard","has-post-thumbnail","hentry","category-actualites","category-sante","category-tribune"],"_links":{"self":[{"href":"https:\/\/ladepeche.mr\/index.php?rest_route=\/wp\/v2\/posts\/20634","targetHints":{"allow":["GET"]}}],"collection":[{"href":"https:\/\/ladepeche.mr\/index.php?rest_route=\/wp\/v2\/posts"}],"about":[{"href":"https:\/\/ladepeche.mr\/index.php?rest_route=\/wp\/v2\/types\/post"}],"author":[{"embeddable":true,"href":"https:\/\/ladepeche.mr\/index.php?rest_route=\/wp\/v2\/users\/2"}],"replies":[{"embeddable":true,"href":"https:\/\/ladepeche.mr\/index.php?rest_route=%2Fwp%2Fv2%2Fcomments&post=20634"}],"version-history":[{"count":1,"href":"https:\/\/ladepeche.mr\/index.php?rest_route=\/wp\/v2\/posts\/20634\/revisions"}],"predecessor-version":[{"id":20636,"href":"https:\/\/ladepeche.mr\/index.php?rest_route=\/wp\/v2\/posts\/20634\/revisions\/20636"}],"wp:featuredmedia":[{"embeddable":true,"href":"https:\/\/ladepeche.mr\/index.php?rest_route=\/wp\/v2\/media\/20635"}],"wp:attachment":[{"href":"https:\/\/ladepeche.mr\/index.php?rest_route=%2Fwp%2Fv2%2Fmedia&parent=20634"}],"wp:term":[{"taxonomy":"category","embeddable":true,"href":"https:\/\/ladepeche.mr\/index.php?rest_route=%2Fwp%2Fv2%2Fcategories&post=20634"},{"taxonomy":"post_tag","embeddable":true,"href":"https:\/\/ladepeche.mr\/index.php?rest_route=%2Fwp%2Fv2%2Ftags&post=20634"}],"curies":[{"name":"wp","href":"https:\/\/api.w.org\/{rel}","templated":true}]}}