{"id":20639,"date":"2026-02-24T12:55:45","date_gmt":"2026-02-24T12:55:45","guid":{"rendered":"https:\/\/ladepeche.mr\/?p=20639"},"modified":"2026-02-24T12:55:45","modified_gmt":"2026-02-24T12:55:45","slug":"francesca-albanese-des-elus-europeens-et-la-cncdh-contestent-lappel-francais-a-sa-demission","status":"publish","type":"post","link":"https:\/\/ladepeche.mr\/?p=20639","title":{"rendered":"Francesca Albanese : des \u00e9lus europ\u00e9ens et la CNCDH contestent l\u2019appel fran\u00e7ais \u00e0 sa d\u00e9mission"},"content":{"rendered":"<h4>Une d\u00e9claration \u00e0 l\u2019APCE et une lettre au Quai d\u2019Orsay d\u00e9noncent une atteinte \u00e0 l\u2019ind\u00e9pendance des rapporteurs sp\u00e9ciaux de l\u2019ONU apr\u00e8s les propos de Jean-No\u00ebl Barrot.<\/h4>\n<p class=\"selectionShareable\">Des parlementaires membres de l\u2019Assembl\u00e9e parlementaire du Conseil de l\u2019Europe (APCE) ont annonc\u00e9, le 23 f\u00e9vrier, le d\u00e9p\u00f4t d\u2019une d\u00e9claration de soutien \u00e0 la rapporteure sp\u00e9ciale des Nations unies sur la situation des droits de l\u2019homme dans les territoires palestiniens occup\u00e9s depuis 1967, Francesca Albanese, apr\u00e8s l\u2019appel \u00e0 sa d\u00e9mission formul\u00e9 par le ministre fran\u00e7ais de l\u2019Europe et des Affaires \u00e9trang\u00e8res, Jean-No\u00ebl Barrot.<\/p>\n<p class=\"selectionShareable\">\u00c0 l\u2019initiative de la d\u00e9put\u00e9e La France insoumise\u2013Nouveau Front populaire (LFI-NFP) Gabrielle Cathala, \u00e9lue du Val-d\u2019Oise, et de ses coll\u00e8gues membres de l\u2019APCE, le texte exprime un \u00ab soutien \u00e0 l\u2019exercice ind\u00e9pendant et rigoureux de son mandat \u00bb. Les signataires estiment qu\u2019Albanese \u00ab a alert\u00e9 la communaut\u00e9 internationale \u00bb et \u00ab document\u00e9 des violations graves du droit international en Palestine \u00bb, \u00e9voquant notamment un \u00ab g\u00e9nocide en cours \u00e0 Gaza \u00bb, et consid\u00e8rent que ses analyses \u00ab s\u2019inscrivent dans le cadre strict d\u00e9coulant du droit international \u00bb.<\/p>\n<p class=\"selectionShareable\">La d\u00e9claration d\u00e9nonce par ailleurs les positions de la France, de l\u2019Allemagne et de l\u2019Italie, qui ont appel\u00e9 \u00e0 la d\u00e9mission de la rapporteure. Selon ses auteurs, une telle demande \u00ab fragilise l\u2019ind\u00e9pendance des m\u00e9canismes onusiens \u00bb et constitue un signal pr\u00e9occupant pour la protection des experts internationaux. Ils rappellent que les titulaires de mandat au titre des \u00ab proc\u00e9dures sp\u00e9ciales \u00bb du Conseil des droits de l\u2019homme des Nations unies, m\u00e9canisme ind\u00e9pendant charg\u00e9 d\u2019enqu\u00eater et de rendre compte des violations des droits humains, exercent leurs fonctions \u00e0 titre personnel, sans r\u00e9mun\u00e9ration de l\u2019ONU, et doivent pouvoir agir sans ing\u00e9rence des \u00c9tats.<\/p>\n<p class=\"selectionShareable\">Parmi les signataires figurent des parlementaires de plusieurs pays europ\u00e9ens, dont la France, la Belgique, la Chypre, la T\u00fcrkiye, le Pays-Bas, L\u2019Espagne, l\u2019Italie, l\u2019Irlande, l\u2019Allemagne, la Norv\u00e8ge, la Moldavie, ainsi que plusieurs \u00e9lus fran\u00e7ais dont Anne Stambach-Terrenoir et Sandra Regol.<\/p>\n<p class=\"selectionShareable\">Cette initiative intervient apr\u00e8s une prise de position du bureau de la Commission nationale consultative des droits de l\u2019homme (CNCDH), autorit\u00e9 administrative ind\u00e9pendante fran\u00e7aise charg\u00e9e de conseiller le gouvernement et le Parlement sur les droits humains. Dans une lettre adress\u00e9e le 17 f\u00e9vrier \u00e0 Jean-No\u00ebl Barrot, la CNCDH fait part de sa \u00ab vive pr\u00e9occupation \u00bb \u00e0 la suite des d\u00e9clarations du ministre mettant en cause l\u2019expertise et l\u2019ind\u00e9pendance de Francesca Albanese.<\/p>\n<p class=\"selectionShareable\">La controverse trouve son origine dans une intervention de la rapporteure sp\u00e9ciale, le 7 f\u00e9vrier, lors d\u2019un forum organis\u00e9 par Al Jazeera \u00e0 Doha. Francesca Albanese y avait \u00e9voqu\u00e9 un \u00ab ennemi commun de l\u2019humanit\u00e9 \u00bb pour d\u00e9noncer, selon ses termes, un syst\u00e8me international permettant la poursuite de violations graves du droit international. La formulation \u00ab Isra\u00ebl est l\u2019ennemi commun de l\u2019humanit\u00e9 \u00bb lui a ensuite \u00e9t\u00e9 attribu\u00e9e, ce qu\u2019elle a contest\u00e9 publiquement.<\/p>\n<p class=\"selectionShareable\">Le 11 f\u00e9vrier, Jean-No\u00ebl Barrot avait d\u00e9clar\u00e9 que Albanese \u00ab n\u2019est ni experte ni ind\u00e9pendante \u00bb et l\u2019avait qualifi\u00e9e de \u00ab militante politique \u00bb, appelant \u00e0 sa d\u00e9mission. Dans son courrier, la CNCDH affirme que les accusations reposent sur \u00ab une d\u00e9formation manifeste \u00bb des propos de la rapporteure et estime que contester la l\u00e9gitimit\u00e9 d\u2019un titulaire de mandat pour l\u2019exercice de ses fonctions \u00ab constitue une attaque directe contre le syst\u00e8me onusien de protection des droits de l\u2019homme \u00bb.<\/p>\n<p class=\"selectionShareable\">La commission souligne que les rapporteurs sp\u00e9ciaux sont nomm\u00e9s par le Conseil des droits de l\u2019homme des Nations unies selon une proc\u00e9dure destin\u00e9e \u00e0 garantir leur ind\u00e9pendance et que leur r\u00f4le est de documenter les violations des droits humains et du droit international humanitaire, y compris lorsque leurs constats sont contest\u00e9s par les \u00c9tats concern\u00e9s. Francesca Albanese, nomm\u00e9e en 2022, a \u00e9t\u00e9 reconduite dans son mandat en avril 2025 pour trois ans.<\/p>\n<p class=\"selectionShareable\">La CNCDH appelle le gouvernement fran\u00e7ais \u00e0 renoncer \u00e0 sa demande de d\u00e9mission et \u00e0 rectifier publiquement les propos qu\u2019elle juge inexacts, r\u00e9affirmant l\u2019importance du respect des m\u00e9canismes multilat\u00e9raux de protection des droits humains.<\/p>\n<p>aa.com.tr<\/p>\n<div class=\"row\"><\/div>\n","protected":false},"excerpt":{"rendered":"<p>Une d\u00e9claration \u00e0 l\u2019APCE et une lettre au Quai d\u2019Orsay d\u00e9noncent une atteinte \u00e0 l\u2019ind\u00e9pendance des rapporteurs sp\u00e9ciaux de l\u2019ONU apr\u00e8s les propos de Jean-No\u00ebl Barrot. Des parlementaires membres de l\u2019Assembl\u00e9e parlementaire du Conseil de l\u2019Europe (APCE) ont annonc\u00e9, le 23 f\u00e9vrier, le d\u00e9p\u00f4t d\u2019une d\u00e9claration de soutien \u00e0 la rapporteure sp\u00e9ciale des Nations unies &hellip;<\/p>\n","protected":false},"author":2,"featured_media":20640,"comment_status":"open","ping_status":"open","sticky":false,"template":"","format":"standard","meta":{"footnotes":""},"categories":[18,29],"tags":[],"class_list":["post-20639","post","type-post","status-publish","format-standard","has-post-thumbnail","hentry","category-actualites","category-monde"],"_links":{"self":[{"href":"https:\/\/ladepeche.mr\/index.php?rest_route=\/wp\/v2\/posts\/20639","targetHints":{"allow":["GET"]}}],"collection":[{"href":"https:\/\/ladepeche.mr\/index.php?rest_route=\/wp\/v2\/posts"}],"about":[{"href":"https:\/\/ladepeche.mr\/index.php?rest_route=\/wp\/v2\/types\/post"}],"author":[{"embeddable":true,"href":"https:\/\/ladepeche.mr\/index.php?rest_route=\/wp\/v2\/users\/2"}],"replies":[{"embeddable":true,"href":"https:\/\/ladepeche.mr\/index.php?rest_route=%2Fwp%2Fv2%2Fcomments&post=20639"}],"version-history":[{"count":1,"href":"https:\/\/ladepeche.mr\/index.php?rest_route=\/wp\/v2\/posts\/20639\/revisions"}],"predecessor-version":[{"id":20641,"href":"https:\/\/ladepeche.mr\/index.php?rest_route=\/wp\/v2\/posts\/20639\/revisions\/20641"}],"wp:featuredmedia":[{"embeddable":true,"href":"https:\/\/ladepeche.mr\/index.php?rest_route=\/wp\/v2\/media\/20640"}],"wp:attachment":[{"href":"https:\/\/ladepeche.mr\/index.php?rest_route=%2Fwp%2Fv2%2Fmedia&parent=20639"}],"wp:term":[{"taxonomy":"category","embeddable":true,"href":"https:\/\/ladepeche.mr\/index.php?rest_route=%2Fwp%2Fv2%2Fcategories&post=20639"},{"taxonomy":"post_tag","embeddable":true,"href":"https:\/\/ladepeche.mr\/index.php?rest_route=%2Fwp%2Fv2%2Ftags&post=20639"}],"curies":[{"name":"wp","href":"https:\/\/api.w.org\/{rel}","templated":true}]}}