{"id":20642,"date":"2026-02-25T10:45:01","date_gmt":"2026-02-25T10:45:01","guid":{"rendered":"https:\/\/ladepeche.mr\/?p=20642"},"modified":"2026-02-25T10:45:01","modified_gmt":"2026-02-25T10:45:01","slug":"le-president-de-la-republique-supervise-le-lancement-des-veillees-ramadanesques","status":"publish","type":"post","link":"https:\/\/ladepeche.mr\/?p=20642","title":{"rendered":"Le Pr\u00e9sident de la R\u00e9publique supervise le lancement des veill\u00e9es ramadanesques"},"content":{"rendered":"<p>Son Excellence le Pr\u00e9sident de la R\u00e9publique, Monsieur Mohamed Ould Cheikh El Ghazouani, a organis\u00e9, ce mardi soir, dans l\u2019une des ailes du Palais pr\u00e9sidentiel \u00e0 Nouakchott, un d\u00eener de rupture du je\u00fbne en l\u2019honneur des chefs des formations politiques nationales, des imams, des d\u00e9put\u00e9s et des repr\u00e9sentants des organisations de la soci\u00e9t\u00e9 civile, marquant ainsi le lancement des veill\u00e9es ramadanesques et des activit\u00e9s d\u2019accompagnement du mois b\u00e9ni.<\/p>\n<p>Madame la Premi\u00e8re Dame, Dr. Mariem Mohamed Fadel Dah, a assist\u00e9 \u00e0 la c\u00e9r\u00e9monie de l\u2019iftar, ainsi que Son Excellence le Premier Ministre, Monsieur El Moctar Ould Djay, le Pr\u00e9sident de l\u2019Assembl\u00e9e Nationale, le Pr\u00e9sident du Conseil Constitutionnel, le Pr\u00e9sident de l\u2019Institution de l\u2019Opposition D\u00e9mocratique, le Ministre charg\u00e9 du Cabinet du Pr\u00e9sident de la R\u00e9publique, les deux Ministres Conseillers \u00e0 la Pr\u00e9sidence de la R\u00e9publique, et les membres du Gouvernement.<\/p>\n<p><img loading=\"lazy\" decoding=\"async\" class=\"size-medium wp-image-290214 alignleft b-loaded\" src=\"https:\/\/ami.mr\/fr\/wp-content\/uploads\/2026\/02\/24-02-2026-s0015-300x200.jpg\" sizes=\"auto, (max-width: 300px) 100vw, 300px\" srcset=\"https:\/\/ami.mr\/fr\/wp-content\/uploads\/2026\/02\/24-02-2026-s0015-300x200.jpg 300w, https:\/\/ami.mr\/fr\/wp-content\/uploads\/2026\/02\/24-02-2026-s0015-768x512.jpg 768w, https:\/\/ami.mr\/fr\/wp-content\/uploads\/2026\/02\/24-02-2026-s0015.jpg 800w\" alt=\"\" width=\"300\" height=\"200\" \/><\/p>\n<p>Ont \u00e9galement assist\u00e9 \u00e0 l\u2019iftar les charg\u00e9s de mission et les conseillers \u00e0 la Pr\u00e9sidence de la R\u00e9publique et \u00e0 la Primature, le Wali de Nouakchott Ouest, certains chefs militaires et s\u00e9curitaires, les membres du corps diplomatique, et les repr\u00e9sentants des organisations et institutions internationales accr\u00e9dit\u00e9es en Mauritanie.<\/p>\n<p>Au cours de la c\u00e9r\u00e9monie, le cheikh Cheikh Ould Saleh, Secr\u00e9taire g\u00e9n\u00e9ral de la Ligue des Oul\u00e9mas Mauritaniens, a donn\u00e9 une conf\u00e9rence intitul\u00e9e : \u201cLa citoyennet\u00e9 en Islam\u201d, dans laquelle il a pass\u00e9 en revue diverses d\u00e9finitions de la citoyennet\u00e9, notamment qu\u2019elle est \u201cl\u2019appartenance \u00e0 un groupe sp\u00e9cifique qui entra\u00eene des droits et des devoirs mutuels entre l\u2019individu et l\u2019\u00c9tat\u201d, et qu\u2019elle est \u201cl\u2019appartenance de l\u2019individu \u00e0 une nation ou \u00e0 une patrie en laquelle il croit, dont il porte la nationalit\u00e9 et o\u00f9 il jouit de ses droits civils, politiques et sociaux, \u00e0 moins qu\u2019ils ne lui soient retir\u00e9s par une condamnation, et qu\u2019il s\u2019acquitte de ses devoirs sur un pied d\u2019\u00e9galit\u00e9 avec tous les citoyens, quelles que soient leurs affiliations religieuses, ethniques ou sectaires\u201d.<\/p>\n<p>Il a ajout\u00e9 que la citoyennet\u00e9 est \u00e9galement \u201cune relation juridique entre l\u2019individu et l\u2019\u00c9tat, d\u00e9finie par les lois, y compris les droits et les devoirs\u201d, expliquant que parmi ses fondements les plus importants figurent la fraternit\u00e9 humaine, la dignit\u00e9 universelle de l\u2019\u00eatre humain, la justice et le respect des engagements, soulignant que la loyaut\u00e9 envers l\u2019\u00c9tat est exig\u00e9e par la raison saine, d\u00e9cid\u00e9e par l\u2019int\u00e9r\u00eat et appel\u00e9e par les valeurs religieuses, et que ses exigences incluent le respect de l\u2019ordre public, le respect des lois, la d\u00e9fense de la patrie et la contribution \u00e0 son d\u00e9veloppement et \u00e0 son progr\u00e8s.<\/p>\n<p>Il a expliqu\u00e9 que l\u2019\u00c9tat national est celui qui cherche \u00e0 r\u00e9aliser la justice et l\u2019\u00e9galit\u00e9 entre tous ses citoyens sans discrimination aucune, soulignant la concordance de ce concept avec les objectifs de la charia islamique visant \u00e0 r\u00e9aliser les int\u00e9r\u00eats des serviteurs dans ce monde et dans l\u2019au-del\u00e0.<\/p>\n<p>Il a affirm\u00e9 que la citoyennet\u00e9 n\u2019est pas de simples slogans, mais une pratique concr\u00e8te bas\u00e9e sur la garantie des droits et l\u2019accomplissement des devoirs, et le renforcement de la coexistence fond\u00e9e sur la tol\u00e9rance, la coop\u00e9ration et le respect de l\u2019autre, la consid\u00e9rant comme la soupape de s\u00e9curit\u00e9 pour la stabilit\u00e9 et le progr\u00e8s des soci\u00e9t\u00e9s \u00e0 l\u2019\u00e8re moderne.<\/p>\n<p>Il a soulign\u00e9 que Son Excellence le Pr\u00e9sident de la R\u00e9publique, Monsieur Mohamed Ould Cheikh El Ghazouani, a affirm\u00e9 \u00e0 plusieurs reprises la n\u00e9cessit\u00e9 de consolider les valeurs de la citoyennet\u00e9 et de lutter contre les comportements nuisibles et les mentalit\u00e9s r\u00e9trogrades, mettant en \u00e9vidence que le peuple mauritanien consid\u00e8re la diversit\u00e9 des langues, du patrimoine culturel et des traditions comme une richesse nationale qui doit \u00eatre pr\u00e9serv\u00e9e et renforc\u00e9e, et que le fondement de l\u2019\u00c9tat moderne et l\u2019essence de l\u2019unit\u00e9 nationale est le lien de citoyennet\u00e9 qui doit \u00eatre privil\u00e9gi\u00e9 par rapport \u00e0 tout le reste, afin de construire la patrie et de r\u00e9aliser les aspirations du peuple.<\/p>\n<p>Il a expliqu\u00e9 que l\u2019appel de Son Excellence le Pr\u00e9sident de la R\u00e9publique \u00e0 l\u2019unit\u00e9, \u00e0 l\u2019harmonie, \u00e0 la coh\u00e9sion et \u00e0 l\u2019int\u00e9gration dans la diversit\u00e9 est en accord avec les objectifs de l\u2019Islam, sa guidance et ses applications historiques, et repr\u00e9sente une fid\u00e9lit\u00e9 \u00e0 ce que les anc\u00eatres ont construit dans ce pays en termes d\u2019unit\u00e9 doctrinale, confessionnelle et comportementale distinctive, malgr\u00e9 la diversit\u00e9 ethnique, la consid\u00e9rant comme un bien commun qui doit \u00eatre pr\u00e9serv\u00e9 et prot\u00e9g\u00e9.<\/p>\n<p>Ami<\/p>\n","protected":false},"excerpt":{"rendered":"<p>Son Excellence le Pr\u00e9sident de la R\u00e9publique, Monsieur Mohamed Ould Cheikh El Ghazouani, a organis\u00e9, ce mardi soir, dans l\u2019une des ailes du Palais pr\u00e9sidentiel \u00e0 Nouakchott, un d\u00eener de rupture du je\u00fbne en l\u2019honneur des chefs des formations politiques nationales, des imams, des d\u00e9put\u00e9s et des repr\u00e9sentants des organisations de la soci\u00e9t\u00e9 civile, marquant &hellip;<\/p>\n","protected":false},"author":2,"featured_media":20644,"comment_status":"open","ping_status":"open","sticky":false,"template":"","format":"standard","meta":{"footnotes":""},"categories":[18,15],"tags":[],"class_list":["post-20642","post","type-post","status-publish","format-standard","has-post-thumbnail","hentry","category-actualites","category-culture"],"_links":{"self":[{"href":"https:\/\/ladepeche.mr\/index.php?rest_route=\/wp\/v2\/posts\/20642","targetHints":{"allow":["GET"]}}],"collection":[{"href":"https:\/\/ladepeche.mr\/index.php?rest_route=\/wp\/v2\/posts"}],"about":[{"href":"https:\/\/ladepeche.mr\/index.php?rest_route=\/wp\/v2\/types\/post"}],"author":[{"embeddable":true,"href":"https:\/\/ladepeche.mr\/index.php?rest_route=\/wp\/v2\/users\/2"}],"replies":[{"embeddable":true,"href":"https:\/\/ladepeche.mr\/index.php?rest_route=%2Fwp%2Fv2%2Fcomments&post=20642"}],"version-history":[{"count":1,"href":"https:\/\/ladepeche.mr\/index.php?rest_route=\/wp\/v2\/posts\/20642\/revisions"}],"predecessor-version":[{"id":20645,"href":"https:\/\/ladepeche.mr\/index.php?rest_route=\/wp\/v2\/posts\/20642\/revisions\/20645"}],"wp:featuredmedia":[{"embeddable":true,"href":"https:\/\/ladepeche.mr\/index.php?rest_route=\/wp\/v2\/media\/20644"}],"wp:attachment":[{"href":"https:\/\/ladepeche.mr\/index.php?rest_route=%2Fwp%2Fv2%2Fmedia&parent=20642"}],"wp:term":[{"taxonomy":"category","embeddable":true,"href":"https:\/\/ladepeche.mr\/index.php?rest_route=%2Fwp%2Fv2%2Fcategories&post=20642"},{"taxonomy":"post_tag","embeddable":true,"href":"https:\/\/ladepeche.mr\/index.php?rest_route=%2Fwp%2Fv2%2Ftags&post=20642"}],"curies":[{"name":"wp","href":"https:\/\/api.w.org\/{rel}","templated":true}]}}