{"id":20710,"date":"2026-03-02T13:33:04","date_gmt":"2026-03-02T13:33:04","guid":{"rendered":"https:\/\/ladepeche.mr\/?p=20710"},"modified":"2026-03-02T13:33:04","modified_gmt":"2026-03-02T13:33:04","slug":"sahara-la-finlande-reitere-son-soutien-au-plan-dautonomie-propose-par-le-maroc","status":"publish","type":"post","link":"https:\/\/ladepeche.mr\/?p=20710","title":{"rendered":"Sahara : La Finlande r\u00e9it\u00e8re son soutien au plan d\u2019autonomie propos\u00e9 par le Maroc"},"content":{"rendered":"<p>La Finlande a affirm\u00e9, dimanche, qu\u2019\u00ab une autonomie v\u00e9ritable sous souverainet\u00e9 marocaine pourrait constituer une solution des plus r\u00e9alisables \u00bb pour le r\u00e8glement de la question du Sahara.<\/p>\n<p>Cette position a \u00e9t\u00e9 exprim\u00e9e dans un Communiqu\u00e9 conjoint adopt\u00e9 \u00e0 Rabat \u00e0 l\u2019issue de la rencontre entre le ministre des Affaires \u00e9trang\u00e8res, de la Coop\u00e9ration africaine et des Marocains r\u00e9sidant \u00e0 l\u2019\u00e9tranger, Nasser Bourita, et la ministre finlandaise des Affaires \u00e9trang\u00e8res, Elina Valtonen, qui effectue une visite officielle au Maroc.<\/p>\n<p>\u00c0 cet \u00e9gard, la Finlande a \u00ab r\u00e9it\u00e9r\u00e9 son soutien au Plan d\u2019autonomie pr\u00e9sent\u00e9 par le Maroc \u00bb, le consid\u00e9rant comme une bonne base s\u00e9rieuse et cr\u00e9dible en vue de parvenir \u00e0 une solution politique d\u00e9finitive et mutuellement acceptable, lit-on dans le Communiqu\u00e9.<\/p>\n<p>Les deux ministres ont, par ailleurs, \u00ab salu\u00e9 l&#8217;adoption de la r\u00e9solution 2797 (2025) du Conseil de s\u00e9curit\u00e9 des Nations Unies \u00bb et r\u00e9affirm\u00e9 leur soutien aux efforts du Secr\u00e9taire g\u00e9n\u00e9ral des Nations Unies et de son Envoy\u00e9 Personnel visant \u00e0 parvenir \u00e0 une solution politique juste, durable et mutuellement acceptable \u00e0 la question du Sahara marocain.<\/p>\n<p>(avec m\u00e9dias)<\/p>\n","protected":false},"excerpt":{"rendered":"<p>La Finlande a affirm\u00e9, dimanche, qu\u2019\u00ab une autonomie v\u00e9ritable sous souverainet\u00e9 marocaine pourrait constituer une solution des plus r\u00e9alisables \u00bb pour le r\u00e8glement de la question du Sahara. Cette position a \u00e9t\u00e9 exprim\u00e9e dans un Communiqu\u00e9 conjoint adopt\u00e9 \u00e0 Rabat \u00e0 l\u2019issue de la rencontre entre le ministre des Affaires \u00e9trang\u00e8res, de la Coop\u00e9ration africaine &hellip;<\/p>\n","protected":false},"author":2,"featured_media":20711,"comment_status":"open","ping_status":"open","sticky":false,"template":"","format":"standard","meta":{"footnotes":""},"categories":[18,29],"tags":[],"class_list":["post-20710","post","type-post","status-publish","format-standard","has-post-thumbnail","hentry","category-actualites","category-monde"],"_links":{"self":[{"href":"https:\/\/ladepeche.mr\/index.php?rest_route=\/wp\/v2\/posts\/20710","targetHints":{"allow":["GET"]}}],"collection":[{"href":"https:\/\/ladepeche.mr\/index.php?rest_route=\/wp\/v2\/posts"}],"about":[{"href":"https:\/\/ladepeche.mr\/index.php?rest_route=\/wp\/v2\/types\/post"}],"author":[{"embeddable":true,"href":"https:\/\/ladepeche.mr\/index.php?rest_route=\/wp\/v2\/users\/2"}],"replies":[{"embeddable":true,"href":"https:\/\/ladepeche.mr\/index.php?rest_route=%2Fwp%2Fv2%2Fcomments&post=20710"}],"version-history":[{"count":2,"href":"https:\/\/ladepeche.mr\/index.php?rest_route=\/wp\/v2\/posts\/20710\/revisions"}],"predecessor-version":[{"id":20714,"href":"https:\/\/ladepeche.mr\/index.php?rest_route=\/wp\/v2\/posts\/20710\/revisions\/20714"}],"wp:featuredmedia":[{"embeddable":true,"href":"https:\/\/ladepeche.mr\/index.php?rest_route=\/wp\/v2\/media\/20711"}],"wp:attachment":[{"href":"https:\/\/ladepeche.mr\/index.php?rest_route=%2Fwp%2Fv2%2Fmedia&parent=20710"}],"wp:term":[{"taxonomy":"category","embeddable":true,"href":"https:\/\/ladepeche.mr\/index.php?rest_route=%2Fwp%2Fv2%2Fcategories&post=20710"},{"taxonomy":"post_tag","embeddable":true,"href":"https:\/\/ladepeche.mr\/index.php?rest_route=%2Fwp%2Fv2%2Ftags&post=20710"}],"curies":[{"name":"wp","href":"https:\/\/api.w.org\/{rel}","templated":true}]}}