{"id":20715,"date":"2026-03-02T13:54:48","date_gmt":"2026-03-02T13:54:48","guid":{"rendered":"https:\/\/ladepeche.mr\/?p=20715"},"modified":"2026-03-02T13:54:48","modified_gmt":"2026-03-02T13:54:48","slug":"mauritanie-la-mise-en-service-du-2e-cable-sous-marin-attendue-au-1er-trimestre-2027","status":"publish","type":"post","link":"https:\/\/ladepeche.mr\/?p=20715","title":{"rendered":"Mauritanie : la mise en service du 2e c\u00e2ble sous-marin attendue au 1er trimestre 2027"},"content":{"rendered":"<p class=\"texte textearticle\"><strong>La d\u00e9pendance \u00e0 un unique c\u00e2ble sous-marin fragilise encore le r\u00e9seau Internet de plusieurs pays africains. Confront\u00e9 \u00e0 des perturbations li\u00e9es au c\u00e2ble WACS, le Congo a proc\u00e9d\u00e9, \u00e0 la mi-f\u00e9vrier, \u00e0 la mise en service du c\u00e2ble 2Africa afin de renforcer sa connectivit\u00e9 internationale.<\/strong><\/p>\n<p class=\"texte textearticle\">En Mauritanie, les travaux de la station d\u2019atterrissement du c\u00e2ble sous-marin international EllaLink ont atteint un taux de r\u00e9alisation de 46\u00a0%, selon les autorit\u00e9s. Le gouvernement affiche sa volont\u00e9 d\u2019acc\u00e9l\u00e9rer le rythme du chantier afin d\u2019achever les infrastructures dans les d\u00e9lais et de permettre une mise en service du deuxi\u00e8me c\u00e2ble sous-marin du pays au premier trimestre 2027.<\/p>\n<p class=\"texte textearticle\">Ce point d\u2019\u00e9tape a \u00e9t\u00e9 dress\u00e9 le vendredi 27 f\u00e9vrier \u00e0 l\u2019issue d\u2019une r\u00e9union de travail pr\u00e9sid\u00e9e par Ahmed Salem Ould Bede, ministre de la Transformation num\u00e9rique et de la Modernisation de l\u2019Administration. Il a \u00e9chang\u00e9 avec une d\u00e9l\u00e9gation de haut niveau d\u2019EllaLink conduite par son directeur g\u00e9n\u00e9ral, Philippe Dumont. Les discussions ont port\u00e9 sur l\u2019\u00e9tat d\u2019avancement technique du projet et sur les mesures \u00e0 mettre en \u0153uvre pour respecter le calendrier annonc\u00e9.<\/p>\n<p class=\"texte textearticle\">Selon les informations communiqu\u00e9es, des progr\u00e8s significatifs ont \u00e9t\u00e9 enregistr\u00e9s sur plusieurs composantes cl\u00e9s du projet. Les travaux marins, incluant la pose du c\u00e2ble au large des c\u00f4tes mauritaniennes, avancent conform\u00e9ment au planning. La chambre de plage, point de jonction entre la section sous-marine et le r\u00e9seau terrestre, est \u00e9galement en cours de finalisation. Parall\u00e8lement, la construction de la station d\u2019atterrissement et les travaux terrestres reliant la chambre de plage \u00e0 la station progressent de mani\u00e8re satisfaisante.<\/p>\n<p class=\"texte textearticle\">C\u2019est en juillet 2025 que les travaux de la station d\u2019atterrissement ont \u00e9t\u00e9 lanc\u00e9s \u00e0 Nouadhibou, avec une mise en service pr\u00e9vue initialement pour 2028. Les autorit\u00e9s s\u2019attendent \u00e0 une connectivit\u00e9 internationale suppl\u00e9mentaire avec une vitesse initiale de 200 gigabits par seconde, extensible jusqu\u2019\u00e0 500 gigabits par seconde, et une capacit\u00e9 totale de 12 t\u00e9rabits.<\/p>\n<p class=\"texte textearticle\">Le nouveau c\u00e2ble viendra renforcer l\u2019infrastructure num\u00e9rique nationale en compl\u00e9tant les capacit\u00e9s du c\u00e2ble ACE, auquel la Mauritanie s\u2019est connect\u00e9e en 2011 et dont elle d\u00e9pend encore largement pour son acc\u00e8s \u00e0 la connectivit\u00e9 internationale. Cette d\u00e9pendance expose le pays \u00e0 une forte vuln\u00e9rabilit\u00e9\u00a0: les pannes r\u00e9currentes enregistr\u00e9es sur cette infrastructure ont d\u00e9j\u00e0 entra\u00een\u00e9 des perturbations des services Internet et de t\u00e9l\u00e9phonie mobile \u00e0 l\u2019\u00e9chelle nationale, affectant administrations, entreprises et usagers. M\u00eame les op\u00e9rations de maintenance programm\u00e9es provoquent des baisses significatives de d\u00e9bit, voire des coupures temporaires, faute d\u2019alternative pleinement op\u00e9rationnelle.<\/p>\n<p class=\"texte textearticle\"><strong><em>Isaac K. Kassouwi (agenceecofin.com)<\/em><\/strong><\/p>\n","protected":false},"excerpt":{"rendered":"<p>La d\u00e9pendance \u00e0 un unique c\u00e2ble sous-marin fragilise encore le r\u00e9seau Internet de plusieurs pays africains. Confront\u00e9 \u00e0 des perturbations li\u00e9es au c\u00e2ble WACS, le Congo a proc\u00e9d\u00e9, \u00e0 la mi-f\u00e9vrier, \u00e0 la mise en service du c\u00e2ble 2Africa afin de renforcer sa connectivit\u00e9 internationale. En Mauritanie, les travaux de la station d\u2019atterrissement du c\u00e2ble &hellip;<\/p>\n","protected":false},"author":2,"featured_media":20716,"comment_status":"open","ping_status":"open","sticky":false,"template":"","format":"standard","meta":{"footnotes":""},"categories":[18,2],"tags":[],"class_list":["post-20715","post","type-post","status-publish","format-standard","has-post-thumbnail","hentry","category-actualites","category-economie"],"_links":{"self":[{"href":"https:\/\/ladepeche.mr\/index.php?rest_route=\/wp\/v2\/posts\/20715","targetHints":{"allow":["GET"]}}],"collection":[{"href":"https:\/\/ladepeche.mr\/index.php?rest_route=\/wp\/v2\/posts"}],"about":[{"href":"https:\/\/ladepeche.mr\/index.php?rest_route=\/wp\/v2\/types\/post"}],"author":[{"embeddable":true,"href":"https:\/\/ladepeche.mr\/index.php?rest_route=\/wp\/v2\/users\/2"}],"replies":[{"embeddable":true,"href":"https:\/\/ladepeche.mr\/index.php?rest_route=%2Fwp%2Fv2%2Fcomments&post=20715"}],"version-history":[{"count":1,"href":"https:\/\/ladepeche.mr\/index.php?rest_route=\/wp\/v2\/posts\/20715\/revisions"}],"predecessor-version":[{"id":20717,"href":"https:\/\/ladepeche.mr\/index.php?rest_route=\/wp\/v2\/posts\/20715\/revisions\/20717"}],"wp:featuredmedia":[{"embeddable":true,"href":"https:\/\/ladepeche.mr\/index.php?rest_route=\/wp\/v2\/media\/20716"}],"wp:attachment":[{"href":"https:\/\/ladepeche.mr\/index.php?rest_route=%2Fwp%2Fv2%2Fmedia&parent=20715"}],"wp:term":[{"taxonomy":"category","embeddable":true,"href":"https:\/\/ladepeche.mr\/index.php?rest_route=%2Fwp%2Fv2%2Fcategories&post=20715"},{"taxonomy":"post_tag","embeddable":true,"href":"https:\/\/ladepeche.mr\/index.php?rest_route=%2Fwp%2Fv2%2Ftags&post=20715"}],"curies":[{"name":"wp","href":"https:\/\/api.w.org\/{rel}","templated":true}]}}