{"id":20718,"date":"2026-03-02T16:20:08","date_gmt":"2026-03-02T16:20:08","guid":{"rendered":"https:\/\/ladepeche.mr\/?p=20718"},"modified":"2026-03-02T17:22:02","modified_gmt":"2026-03-02T17:22:02","slug":"le-groupe-de-la-banque-africaine-de-developpement-investit-65-millions-deuros-dans-le-fonds-saviu-ii-pour-soutenir-des-start-up-technologiques-en-afrique-de-louest-et-du-centre","status":"publish","type":"post","link":"https:\/\/ladepeche.mr\/?p=20718","title":{"rendered":"Le Groupe de la BAD investit 6,5 millions d\u2019euros dans le fonds Saviu II\u00a0pour soutenir des start-up technologiques en Afrique de l\u2019Ouest et du Centre francophone"},"content":{"rendered":"<p>Le Conseil d\u2019administration du Groupe de la Banque africaine de d\u00e9veloppement, a approuv\u00e9, le 27 f\u00e9vrier 2026 \u00e0 Abidjan, une prise de participation de 6,5 millions d\u2019euros au capital du fonds Saviu II afin de soutenir des start-up technologiques en phase d\u2019amor\u00e7age et de premi\u00e8re lev\u00e9e de fonds institutionnelle, majoritairement en Afrique de l\u2019Ouest et du Centre francophone<\/p>\n<p>Le Groupe de la Banque investira 4,5 millions d\u2019euros en capitaux propres ainsi que deux millions d\u2019euros sous la forme d\u2019une tranche de couverture de premi\u00e8re perte pour le compte de la Commission europ\u00e9enne dans le cadre du\u00a0<a href=\"https:\/\/u7061146.ct.sendgrid.net\/ls\/click?upn=u001.gqh-2BaxUzlo7XKIuSly0rC7TplYrSzErfsklKvu3l89dLL4NV-2BZHiYJa5t5EYM4z2YpdO3MaCpMn0PUM9CHNwzkRFAQW2vkdy1i3fReEMqwEjdVrZCHtdbTBV1CT42SUjdcyvyMQAhXzDhDuCDU-2BM0Q5-2Bw2Pfoa7B-2FvP67L5WxXU-3D4Ee4_NJpT1e1OfBPBlT2uYwDPTjho64HKxfMOI3otWxATw-2F1LJgDAwsvJD4ivyRyAJZkxez12IFMpB50Dhvp-2B-2FOg2-2BvCKvpWBpQtWqac2fGZAlzvNy9X7jP510zYeAByPmlj3gxl0Wk6C4uYzFl-2BYwalzILyhgMI3exbJ-2Fo90MyWIHODq7LuOMIBZvXfwU6yjiuTD75GWyagqInCHCOmuyxKd7Za18-2Bru9Jgb1JXMK8Q1w6rBwDKgUy70xd5jcAnvUZDAcHxaOoOiNXamDW5bU3RJh4zqUU-2Bh621cC8TjVHRCy1-2BhLhzRei-2BxlKxL0wjfZGRlPo6-2FtRHiW6yAmEojlCH-2BxQ-3D-3D\" target=\"_blank\" rel=\"nofollow noopener noreferrer\">Programme Boost Africa<\/a>. Cette participation de l\u2019institution panafricaine permettra au fonds Saviu II d\u2019accorder la priorit\u00e9 aux entreprises \u00e0 forte composante technologique ou num\u00e9rique.<\/p>\n<p>Le fonds de capital-risque Saviu II a pour objectif de r\u00e9aliser au moins 60 % de ses engagements dans les pays francophones d\u2019Afrique de l\u2019Ouest et du Centre : la C\u00f4te d\u2019Ivoire, le Cameroun, le B\u00e9nin, le S\u00e9n\u00e9gal, le Togo, le Burkina Faso et le Mali. Il peut \u00e9galement co-investir en Afrique de l\u2019Est dans des entreprises technologiques prometteuses disposant d\u2019une \u00e9quipe et d\u2019un mod\u00e8le commercial solides, ayant pour strat\u00e9gie de p\u00e9n\u00e9trer le march\u00e9 des pays francophones d\u2019Afrique de l\u2019Ouest et d\u2019\u00e9tablir une forte pr\u00e9sence dans la r\u00e9gion.<\/p>\n<p>Saviu II, le second v\u00e9hicule d\u2019investissement du Saviu Partners, pr\u00e9voit notamment d\u2019investir entre 500 000 euros et trois millions d\u2019euros dans une vingtaine de start-up \u00ab\u00a0B2B\u00a0\u00bb technologiques ou \u00e0 vocation technologique, en phase d\u2019amor\u00e7age ou de premi\u00e8re lev\u00e9e de fonds institutionnelle.<\/p>\n<p>De plus, le fonds consacrera une enveloppe d\u00e9di\u00e9e aux investissements de pr\u00e9amor\u00e7age, en apportant des tickets par entreprise pour des prises de participation minoritaires, g\u00e9n\u00e9ralement en co-investissement avec des studios, incubateurs ou autres partenaires de l\u2019\u00e9cosyst\u00e8me.<\/p>\n<p><strong>\u00c0 propos du Saviu Partners<\/strong>\u00a0: Cr\u00e9\u00e9 en 2018, le fonds Saviu Partner a acquis une solide exp\u00e9rience en mati\u00e8re d\u2019accompagnement des start-up technologiques en phase de d\u00e9marrage en Afrique de l\u2019Ouest et du Centre francophone. Le premier v\u00e9hicule d\u2019investissement du gestionnaire de fonds ind\u00e9pendant, Saviu I, lanc\u00e9 en 2018 avec une capitalisation de dix millions d\u2019euros, illustre la strat\u00e9gie d\u2019investissement ax\u00e9e sur \u00ab l\u2019amor\u00e7age et le d\u00e9veloppement \u00bb adopt\u00e9e par le gestionnaire. Cette approche consiste \u00e0 investir dans des start-up \u00e0 fort potentiel et \u00e0 leur fournir un soutien pratique dans des domaines tels que le d\u00e9veloppement commercial, le recrutement, l\u2019expansion internationale et la lev\u00e9e de fonds. Le fonds Saviu I a investi dans 12 start-up bas\u00e9es principalement dans les pays francophones d\u2019Afrique de l\u2019Ouest.<\/p>\n<p><strong>Abidjan, le 27 f\u00e9vrier 2026<\/strong>\u00a0&#8211;<\/p>\n<p><strong>Contact m\u00e9dias<\/strong>\u00a0: Alexis Ad\u00e9l\u00e9, D\u00e9partement de la communication et des relations ext\u00e9rieures,\u00a0<a href=\"mailto:media@afdb.org\" target=\"_blank\" rel=\"nofollow noopener noreferrer\">media@afdb.org<\/a><\/p>\n<p>Source BAD<\/p>\n","protected":false},"excerpt":{"rendered":"<p>Le Conseil d\u2019administration du Groupe de la Banque africaine de d\u00e9veloppement, a approuv\u00e9, le 27 f\u00e9vrier 2026 \u00e0 Abidjan, une prise de participation de 6,5 millions d\u2019euros au capital du fonds Saviu II afin de soutenir des start-up technologiques en phase d\u2019amor\u00e7age et de premi\u00e8re lev\u00e9e de fonds institutionnelle, majoritairement en Afrique de l\u2019Ouest et &hellip;<\/p>\n","protected":false},"author":2,"featured_media":10121,"comment_status":"open","ping_status":"open","sticky":false,"template":"","format":"standard","meta":{"footnotes":""},"categories":[18,29],"tags":[],"class_list":["post-20718","post","type-post","status-publish","format-standard","has-post-thumbnail","hentry","category-actualites","category-monde"],"_links":{"self":[{"href":"https:\/\/ladepeche.mr\/index.php?rest_route=\/wp\/v2\/posts\/20718","targetHints":{"allow":["GET"]}}],"collection":[{"href":"https:\/\/ladepeche.mr\/index.php?rest_route=\/wp\/v2\/posts"}],"about":[{"href":"https:\/\/ladepeche.mr\/index.php?rest_route=\/wp\/v2\/types\/post"}],"author":[{"embeddable":true,"href":"https:\/\/ladepeche.mr\/index.php?rest_route=\/wp\/v2\/users\/2"}],"replies":[{"embeddable":true,"href":"https:\/\/ladepeche.mr\/index.php?rest_route=%2Fwp%2Fv2%2Fcomments&post=20718"}],"version-history":[{"count":3,"href":"https:\/\/ladepeche.mr\/index.php?rest_route=\/wp\/v2\/posts\/20718\/revisions"}],"predecessor-version":[{"id":20724,"href":"https:\/\/ladepeche.mr\/index.php?rest_route=\/wp\/v2\/posts\/20718\/revisions\/20724"}],"wp:featuredmedia":[{"embeddable":true,"href":"https:\/\/ladepeche.mr\/index.php?rest_route=\/wp\/v2\/media\/10121"}],"wp:attachment":[{"href":"https:\/\/ladepeche.mr\/index.php?rest_route=%2Fwp%2Fv2%2Fmedia&parent=20718"}],"wp:term":[{"taxonomy":"category","embeddable":true,"href":"https:\/\/ladepeche.mr\/index.php?rest_route=%2Fwp%2Fv2%2Fcategories&post=20718"},{"taxonomy":"post_tag","embeddable":true,"href":"https:\/\/ladepeche.mr\/index.php?rest_route=%2Fwp%2Fv2%2Ftags&post=20718"}],"curies":[{"name":"wp","href":"https:\/\/api.w.org\/{rel}","templated":true}]}}