{"id":20720,"date":"2026-03-02T17:10:42","date_gmt":"2026-03-02T17:10:42","guid":{"rendered":"https:\/\/ladepeche.mr\/?p=20720"},"modified":"2026-03-02T17:10:42","modified_gmt":"2026-03-02T17:10:42","slug":"comment-le-bombardement-de-liran-pourrait-se-retourner-contre-les-etats-unis","status":"publish","type":"post","link":"https:\/\/ladepeche.mr\/?p=20720","title":{"rendered":"Comment le bombardement de l&#8217;Iran pourrait se retourner contre les \u00c9tats-Unis"},"content":{"rendered":"<p>CHICAGO \u2013 Il est difficile d&#8217;en vouloir \u00e0 ceux qui se r\u00e9jouissent de la chute des th\u00e9ocrates iraniens qui ont abattu des foules de leurs concitoyens \u2013 certaines <a href=\"https:\/\/www.theguardian.com\/global-development\/2026\/jan\/27\/iran-protests-death-toll-disappeared-bodies-mass-burials-30000-dead\">estimations<\/a> atteignent jusqu&#8217;\u00e0 30 000 morts rien qu&#8217;au cours des derniers mois. Dans le m\u00eame temps, l&#8217;attaque a\u00e9rienne lanc\u00e9e contre l&#8217;Iran par les \u00c9tats-Unis et Isra\u00ebl annonce une p\u00e9riode de violence indisciplin\u00e9e, ill\u00e9gale et arbitraire qui sera difficile \u00e0 contenir.<\/p>\n<p>Les Am\u00e9ricains, et leurs amis th\u00e9oriques sur la sc\u00e8ne internationale, devraient regarder au-del\u00e0 des cibles impopulaires de la violence actuelle et se demander comment cette violence pourrait \u00eatre appliqu\u00e9e demain. Avec un pr\u00e9sident qui ne se soucie gu\u00e8re des faits ou de la l\u00e9galit\u00e9, la r\u00e9ponse est inqui\u00e9tante : la violence d&#8217;\u00c9tat pourrait \u00eatre utilis\u00e9e non seulement dans la sph\u00e8re internationale, et non seulement contre des r\u00e9gimes tyranniques, mais aussi au niveau national, contre ceux qui sont consid\u00e9r\u00e9s comme des \u00ab ennemis \u00bb int\u00e9rieurs.<\/p>\n<p>&nbsp;<\/p>\n<p>Une \u00e9trange co\u00efncidence illustre ce risque : le jour m\u00eame o\u00f9 les bombes ont commenc\u00e9 \u00e0 tomber sur T\u00e9h\u00e9ran, le <em>Washington Post<\/em><a href=\"https:\/\/www.washingtonpost.com\/politics\/2026\/02\/26\/trump-elections-executive-order-activists\/\">a rapport\u00e9<\/a> que la Maison Blanche pourrait bient\u00f4t publier un d\u00e9cret unilat\u00e9ral affirmant son pouvoir de contr\u00f4ler comment et quand les citoyens pourront voter lors des prochaines \u00e9lections de mi-mandat en novembre. Le d\u00e9cret invoquerait la s\u00e9curit\u00e9 nationale \u2013 une suppos\u00e9e ing\u00e9rence chinoise \u2013 pour justifier l&#8217;imposition de nouvelles restrictions au droit de vote des Am\u00e9ricains. La Maison Blanche et les r\u00e9publicains du Congr\u00e8s esp\u00e8rent sans doute que ces mesures leur permettront de conserver plus facilement le contr\u00f4le de la Chambre des repr\u00e9sentants et du S\u00e9nat.<\/p>\n<p>Trump a <a href=\"https:\/\/www.pbs.org\/newshour\/politics\/trump-says-hes-not-mulling-a-draft-executive-order-to-seize-control-over-elections-heres-what-we-know\">refus\u00e9 de dire<\/a> qu&#8217;il s&#8217;appr\u00eatait \u00e0 publier un tel d\u00e9cret, mais il avait \u00e9galement cach\u00e9 ses intentions concernant l&#8217;Iran au public am\u00e9ricain lors de son discours sur l&#8217;\u00e9tat de l&#8217;Union trois jours plus t\u00f4t. Et les chances qu&#8217;un tel d\u00e9cret soit publi\u00e9 doivent \u00eatre \u00e9valu\u00e9es \u00e0 la lumi\u00e8re des sondages d&#8217;opinion actuels, qui donnent aux d\u00e9mocrates une avance d&#8217;environ <a href=\"https:\/\/www.natesilver.net\/p\/generic-ballot-average-2026-nate-silver-bulletin-congress-polls\">six points de pourcentage<\/a>.<\/p>\n<p>De plus, l&#8217;initiative de Trump visant \u00e0 red\u00e9couper les circonscriptions \u00e9lectorales \u00e0 mi-mandat, dans le but de conserver le contr\u00f4le de la Chambre, <a href=\"https:\/\/www.nytimes.com\/2025\/12\/11\/us\/indiana-senate-redistricting-republicans.html\">a \u00e9t\u00e9 stopp\u00e9e net<\/a> lorsque le d\u00e9coupage \u00e9lectoral favorable aux r\u00e9publicains au Texas s&#8217;est heurt\u00e9 \u00e0 une <a href=\"https:\/\/www.politico.com\/news\/2025\/10\/27\/democrats-get-aggressive-on-remapping-congressional-lines-00624231\">forte<\/a> contre-offensive d\u00e9mocrate en Californie, et que l&#8217;Indiana, fortement r\u00e9publicain, a refus\u00e9 son propre d\u00e9coupage \u00e9lectoral. Avec la perspective d&#8217;une <a href=\"https:\/\/www.cnbc.com\/2026\/02\/24\/biggest-risk-to-the-economy-now-goldman-says-its-a-stock-market-correction.html\">correction boursi\u00e8re<\/a> dans les mois \u00e0 venir, la Maison Blanche subit une pression croissante pour r\u00e9aliser un miracle \u00e9lectoral.<\/p>\n<p>Cependant, ni la Constitution am\u00e9ricaine ni les lois f\u00e9d\u00e9rales ne donnent aux pr\u00e9sidents le pouvoir de prendre les mesures mentionn\u00e9es par le <em>Post<\/em>, telles que l&#8217;interdiction du vote par correspondance et l&#8217;obligation d&#8217;identifier les \u00e9lecteurs. <a href=\"https:\/\/constitution.congress.gov\/browse\/article-1\/section-4\/\">L&#8217;article I<\/a> de la Constitution donne aux \u00c9tats am\u00e9ricains le pouvoir de fixer les r\u00e8gles des \u00e9lections l\u00e9gislatives, sous r\u00e9serve d&#8217;une d\u00e9rogation du Congr\u00e8s. Si les r\u00e9publicains de la Chambre des repr\u00e9sentants ont <a href=\"https:\/\/www.brennancenter.org\/our-work\/analysis-opinion\/new-save-act-bills-would-still-block-millions-americans-voting\">adopt\u00e9<\/a> la loi dite \u00ab SAVE Act \u00bb, qui pr\u00e9voit l&#8217;obligation d&#8217;identifier les \u00e9lecteurs, celle-ci n&#8217;a pas encore force de loi.<\/p>\n<p>Une raison de s&#8217;inqui\u00e9ter v\u00e9ritablement est que, comme le montrent les attaques contre l&#8217;Iran, la pr\u00e9sidence am\u00e9ricaine est particuli\u00e8rement peu li\u00e9e par la loi en mati\u00e8re de s\u00e9curit\u00e9 nationale, qui est le fondement suppos\u00e9 du d\u00e9cret pr\u00e9sidentiel. L&#8217;absence d&#8217;autorit\u00e9 l\u00e9gale n&#8217;a pas emp\u00each\u00e9 les frappes contre l&#8217;Iran, qui sont ill\u00e9gales au regard de la Constitution am\u00e9ricaine, qui attribue au seul Congr\u00e8s le pouvoir d&#8217;engager des conflits internationaux, et de l&#8217;article 2 de la Charte des Nations unies.<\/p>\n<p>En outre, les justifications avanc\u00e9es par Trump pour ces attaques sont, comme <a href=\"https:\/\/www.nytimes.com\/2026\/02\/28\/us\/politics\/trump-iran-attack-fact-check.html\">le dit le<\/a><em>New York Times<\/em>, \u00ab sans fondement et exag\u00e9r\u00e9es \u00bb. Il serait plus juste de dire simplement que le pr\u00e9sident estime pouvoir mentir en toute impunit\u00e9 pour d\u00e9clencher des actions militaires potentiellement catastrophiques au prix de centaines ou de milliers de vies.<\/p>\n<p>Et cela vaut \u00e9galement pour le pays. L&#8217;administration s&#8217;est montr\u00e9e habile \u00e0 transformer ses affirmations selon lesquelles elle dispose d&#8217;une large autorit\u00e9 l\u00e9gale pour agir contre des \u00c9tats \u00e9trangers en affirmations selon lesquelles elle dispose d&#8217;une autorit\u00e9 similaire contre les ressortissants am\u00e9ricains. \u00c0 au moins trois reprises, une affirmation selon laquelle elle agissait \u00e0 l&#8217;ext\u00e9rieur au nom de la s\u00e9curit\u00e9 nationale a \u00e9t\u00e9 transform\u00e9e en une affirmation de pouvoir d&#8217;agir \u00e0 l&#8217;int\u00e9rieur.<\/p>\n<p>Peu apr\u00e8s son retour \u00e0 la Maison Blanche l&#8217;ann\u00e9e derni\u00e8re, Trump a ordonn\u00e9 \u00e0 la ministre de la Justice Pam Bondi de d\u00e9fier la loi promulgu\u00e9e par le Congr\u00e8s \u2013 ironiquement, suivant l&#8217;exemple de Trump lui-m\u00eame \u2013 interdisant TikTok. Elle l&#8217;a fait, avec succ\u00e8s, en <a href=\"https:\/\/www.nytimes.com\/2025\/07\/03\/us\/politics\/trump-bondi-tiktok-executive-power.html\">invoquant<\/a> vaguement \u00ab les pouvoirs pr\u00e9sidentiels fondamentaux en mati\u00e8re de s\u00e9curit\u00e9 nationale et d&#8217;affaires \u00e9trang\u00e8res \u00bb. Cette revendication a eu pour effet de modifier radicalement l&#8217;\u00e9ventail des options disponibles en mati\u00e8re de r\u00e9seaux sociaux aux \u00c9tats-Unis et de pr\u00e9parer le terrain pour l&#8217;achat de TikTok par les acolytes politiques du pr\u00e9sident.<\/p>\n<p>Prenons \u00e9galement le pouvoir du pr\u00e9sident de proscrire les organisations terroristes. Ce pouvoir est accord\u00e9 par la loi f\u00e9d\u00e9rale \u2013 qui, de mani\u00e8re r\u00e9v\u00e9latrice, se trouve dans les <a href=\"https:\/\/uscode.house.gov\/view.xhtml?req=(title:8%20section:1189%20edition:prelim)\">dispositions<\/a> l\u00e9gales <a href=\"https:\/\/uscode.house.gov\/view.xhtml?req=(title:8%20section:1189%20edition:prelim)\">relatives \u00e0 l&#8217;immigration<\/a>, et ne concerne que les organisations \u00ab \u00e9trang\u00e8res \u00bb. Pourtant, en septembre dernier, Trump a publi\u00e9 un <a href=\"https:\/\/www.whitehouse.gov\/presidential-actions\/2025\/09\/designating-antifa-as-a-domestic-terrorist-organization\/\">d\u00e9cret<\/a> interdisant les organisations \u00ab antifascistes \u00bb nationales. Depuis lors, des membres du cabinet, tels que la secr\u00e9taire \u00e0 la S\u00e9curit\u00e9 int\u00e9rieure Kristi Noem, n&#8217;ont pas h\u00e9sit\u00e9 \u00e0 <a href=\"https:\/\/www.axios.com\/2026\/01\/25\/trump-officials-stick-terrorist-label-on-americans-killed-by-dhs\">qualifier<\/a> les manifestants civils <a href=\"https:\/\/www.axios.com\/2026\/01\/25\/trump-officials-stick-terrorist-label-on-americans-killed-by-dhs\">de<\/a> \u00ab terroristes nationaux \u00bb.<\/p>\n<p>Enfin, les op\u00e9rations au cours desquelles deux de ces manifestants, Renee Good et Alex Pretti, ont \u00e9t\u00e9 tu\u00e9s incarnent \u00e9galement une domestication du pouvoir ext\u00e9rieur. Historiquement, l&#8217;application des lois sur l&#8217;immigration <a href=\"https:\/\/www.migrationpolicy.org\/news\/new-era-enforcement-trump-2\">se concentrait principalement<\/a> sur les fronti\u00e8res. En inondant les villes et les \u00c9tats dirig\u00e9s par les d\u00e9mocrates d&#8217;agents violents et militaris\u00e9s, Trump a effectivement transform\u00e9 le pouvoir coercitif du pr\u00e9sident \u00e0 l&#8217;\u00e9gard de l&#8217;\u00e9tranger en un puissant outil de r\u00e9pression politique int\u00e9rieure.<\/p>\n<p>Il y a donc de nombreuses raisons de croire que l&#8217;administration Trump est capable de d\u00e9tourner les pouvoirs pr\u00e9sidentiels en mati\u00e8re de s\u00e9curit\u00e9 nationale pour en faire un instrument d&#8217;anarchie sur le territoire national. Le projet de d\u00e9cret \u00e9lectoral n&#8217;est que l&#8217;exemple le plus r\u00e9cent de ce type de contrecoup.<\/p>\n<p>Le fait que Trump ait pu utiliser les pouvoirs li\u00e9s \u00e0 la s\u00e9curit\u00e9 nationale avec un m\u00e9pris aussi flagrant des faits et du droit \u00e0 l&#8217;encontre de l&#8217;Iran ne fera que l&#8217;encourager \u00e0 recourir \u00e0 nouveau \u00e0 ces pouvoirs. Et si le conflit avec l&#8217;Iran perdure, comme cela semble probable, on peut s&#8217;attendre \u00e0 ce que la Maison Blanche utilise les attentats et les repr\u00e9sailles comme justification pour de nouvelles politiques nationales.<\/p>\n<p>Ni le Congr\u00e8s ni les tribunaux n&#8217;ont \u00e9t\u00e9 en mesure d&#8217;emp\u00eacher ce type de r\u00e9organisation des pouvoirs en mati\u00e8re de politique \u00e9trang\u00e8re lorsqu&#8217;il s&#8217;agissait de TikTok, de la d\u00e9signation des terroristes ou du d\u00e9ploiement d&#8217;agents f\u00e9d\u00e9raux charg\u00e9s de l&#8217;application de la loi. On ne sait toujours pas si d&#8217;autres branches s&#8217;opposeraient \u00e0 un d\u00e9cret \u00e9lectoral.<\/p>\n<p>&nbsp;<\/p>\n<p>Dans la r\u00e9cente <a href=\"https:\/\/www.oyez.org\/cases\/2025\/24-1287\">d\u00e9cision<\/a> sur les droits de douane rendue par la Cour supr\u00eame, le pr\u00e9sident John Roberts a express\u00e9ment rejet\u00e9 l&#8217;argument selon lequel le pouvoir pr\u00e9sidentiel d&#8217;imposer des droits de douane \u00e9chappe au contr\u00f4le judiciaire simplement parce qu&#8217;il s&#8217;agit d&#8217;un pouvoir relevant des \u00ab affaires \u00e9trang\u00e8res \u00bb. Mais la Cour s&#8217;est montr\u00e9e moins soucieuse des droits de vote que des fondements structurels du n\u00e9olib\u00e9ralisme \u00e9conomique, tels que le libre-\u00e9change et l&#8217;ind\u00e9pendance de la R\u00e9serve f\u00e9d\u00e9rale.<\/p>\n<p>Aujourd&#8217;hui, une urgence en mati\u00e8re de s\u00e9curit\u00e9 nationale a \u00e9t\u00e9 invoqu\u00e9e comme un couteau visant les despotes th\u00e9ocratiques iraniens. Mais m\u00eame si le r\u00e9gime iranien ne m\u00e9rite gu\u00e8re de sympathie, il convient de rappeler que demain, la lame pourrait se retourner contre nous.<\/p>\n<p><strong><em>By Aziz Huq<\/em><\/strong><\/p>\n<p><em>Aziz Huq, professeur de droit \u00e0 l&#8217;universit\u00e9 de Chicago, est l&#8217;auteur de <\/em><strong><a href=\"https:\/\/global.oup.com\/academic\/product\/the-collapse-of-constitutional-remedies-9780197556818\">The Collapse of Constitutional Remedies<\/a><\/strong><em>(Oxford University Press, 2021).<\/em><\/p>\n<p><strong>Copyright : Project Syndicate, 2026.<a href=\"http:\/\/www.project-syndicate.org\">www.project-syndicate.org<\/a><\/strong><\/p>\n","protected":false},"excerpt":{"rendered":"<p>CHICAGO \u2013 Il est difficile d&#8217;en vouloir \u00e0 ceux qui se r\u00e9jouissent de la chute des th\u00e9ocrates iraniens qui ont abattu des foules de leurs concitoyens \u2013 certaines estimations atteignent jusqu&#8217;\u00e0 30 000 morts rien qu&#8217;au cours des derniers mois. Dans le m\u00eame temps, l&#8217;attaque a\u00e9rienne lanc\u00e9e contre l&#8217;Iran par les \u00c9tats-Unis et Isra\u00ebl annonce &hellip;<\/p>\n","protected":false},"author":2,"featured_media":20721,"comment_status":"open","ping_status":"open","sticky":false,"template":"","format":"standard","meta":{"footnotes":""},"categories":[18,29,19],"tags":[],"class_list":["post-20720","post","type-post","status-publish","format-standard","has-post-thumbnail","hentry","category-actualites","category-monde","category-tribune"],"_links":{"self":[{"href":"https:\/\/ladepeche.mr\/index.php?rest_route=\/wp\/v2\/posts\/20720","targetHints":{"allow":["GET"]}}],"collection":[{"href":"https:\/\/ladepeche.mr\/index.php?rest_route=\/wp\/v2\/posts"}],"about":[{"href":"https:\/\/ladepeche.mr\/index.php?rest_route=\/wp\/v2\/types\/post"}],"author":[{"embeddable":true,"href":"https:\/\/ladepeche.mr\/index.php?rest_route=\/wp\/v2\/users\/2"}],"replies":[{"embeddable":true,"href":"https:\/\/ladepeche.mr\/index.php?rest_route=%2Fwp%2Fv2%2Fcomments&post=20720"}],"version-history":[{"count":1,"href":"https:\/\/ladepeche.mr\/index.php?rest_route=\/wp\/v2\/posts\/20720\/revisions"}],"predecessor-version":[{"id":20722,"href":"https:\/\/ladepeche.mr\/index.php?rest_route=\/wp\/v2\/posts\/20720\/revisions\/20722"}],"wp:featuredmedia":[{"embeddable":true,"href":"https:\/\/ladepeche.mr\/index.php?rest_route=\/wp\/v2\/media\/20721"}],"wp:attachment":[{"href":"https:\/\/ladepeche.mr\/index.php?rest_route=%2Fwp%2Fv2%2Fmedia&parent=20720"}],"wp:term":[{"taxonomy":"category","embeddable":true,"href":"https:\/\/ladepeche.mr\/index.php?rest_route=%2Fwp%2Fv2%2Fcategories&post=20720"},{"taxonomy":"post_tag","embeddable":true,"href":"https:\/\/ladepeche.mr\/index.php?rest_route=%2Fwp%2Fv2%2Ftags&post=20720"}],"curies":[{"name":"wp","href":"https:\/\/api.w.org\/{rel}","templated":true}]}}