{"id":20725,"date":"2026-03-02T18:08:45","date_gmt":"2026-03-02T18:08:45","guid":{"rendered":"https:\/\/ladepeche.mr\/?p=20725"},"modified":"2026-03-02T18:08:45","modified_gmt":"2026-03-02T18:08:45","slug":"moyen-orient-un-parti-mauritanien-parle-dune-agression-contre-liran","status":"publish","type":"post","link":"https:\/\/ladepeche.mr\/?p=20725","title":{"rendered":"Moyen-Orient\u00a0: Un parti mauritanien parle d\u2019une agression contre l\u2019Iran"},"content":{"rendered":"<p>Dans un communiqu\u00e9 publi\u00e9 ce 28 f\u00e9vrier 2026, le Front pour la Citoyennet\u00e9 et la Justice, conduit par Jemil Ould Mansour, a officiellement r\u00e9agi aux attaques conjointes isra\u00e9lo-am\u00e9ricaines les qualifiant d\u2019agression contre l\u2019Iran.<\/p>\n<p>Le parti de Ould Mansour affirme condamner fermement l\u2019op\u00e9ration militaire, qu\u2019il consid\u00e8re comme une atteinte aux principes de souverainet\u00e9 des \u00c9tats et au respect du droit international. Il a, par ailleurs, exprim\u00e9 sa solidarit\u00e9 avec l\u2019Iran et sa population.<\/p>\n<p>Le mouvement critique \u00e9galement ce qu\u2019il qualifie de contradiction dans la position am\u00e9ricaine. Il souligne que des discussions diplomatiques \u00e9taient r\u00e9cemment pr\u00e9sent\u00e9es comme constructives \u00e0 Gen\u00e8ve et que des pourparlers techniques \u00e9taient annonc\u00e9s \u00e0 Vienne, alors m\u00eame que l\u2019offensive militaire \u00e9tait engag\u00e9e. Selon lui, cette situation fragilise la confiance internationale et renforce l\u2019id\u00e9e d\u2019un recours croissant aux rapports de force militaire.<\/p>\n<p>Enfin, le Front pour la Citoyennet\u00e9 et la Justice appelle les pays de la r\u00e9gion \u00e0 intensifier leurs efforts diplomatiques afin de favoriser un arr\u00eat rapide des hostilit\u00e9s. Il estime que les cons\u00e9quences d\u2019une telle escalade pourraient d\u00e9passer le cadre national et affecter l\u2019ensemble des \u00e9quilibres r\u00e9gionaux.<\/p>\n<p>A noter que les frappes conjointes isra\u00e9lo-am\u00e9ricaines ont d\u00e9j\u00e0 fait plusieurs centaines de morts parmi lesquelles une centaine dans une \u00e9cole primaire pour filles \u00e0 Minab.<\/p>\n","protected":false},"excerpt":{"rendered":"<p>Dans un communiqu\u00e9 publi\u00e9 ce 28 f\u00e9vrier 2026, le Front pour la Citoyennet\u00e9 et la Justice, conduit par Jemil Ould Mansour, a officiellement r\u00e9agi aux attaques conjointes isra\u00e9lo-am\u00e9ricaines les qualifiant d\u2019agression contre l\u2019Iran. Le parti de Ould Mansour affirme condamner fermement l\u2019op\u00e9ration militaire, qu\u2019il consid\u00e8re comme une atteinte aux principes de souverainet\u00e9 des \u00c9tats et &hellip;<\/p>\n","protected":false},"author":2,"featured_media":20726,"comment_status":"open","ping_status":"open","sticky":false,"template":"","format":"standard","meta":{"footnotes":""},"categories":[18,29,31],"tags":[],"class_list":["post-20725","post","type-post","status-publish","format-standard","has-post-thumbnail","hentry","category-actualites","category-monde","category-politique-et-reportages"],"_links":{"self":[{"href":"https:\/\/ladepeche.mr\/index.php?rest_route=\/wp\/v2\/posts\/20725","targetHints":{"allow":["GET"]}}],"collection":[{"href":"https:\/\/ladepeche.mr\/index.php?rest_route=\/wp\/v2\/posts"}],"about":[{"href":"https:\/\/ladepeche.mr\/index.php?rest_route=\/wp\/v2\/types\/post"}],"author":[{"embeddable":true,"href":"https:\/\/ladepeche.mr\/index.php?rest_route=\/wp\/v2\/users\/2"}],"replies":[{"embeddable":true,"href":"https:\/\/ladepeche.mr\/index.php?rest_route=%2Fwp%2Fv2%2Fcomments&post=20725"}],"version-history":[{"count":1,"href":"https:\/\/ladepeche.mr\/index.php?rest_route=\/wp\/v2\/posts\/20725\/revisions"}],"predecessor-version":[{"id":20727,"href":"https:\/\/ladepeche.mr\/index.php?rest_route=\/wp\/v2\/posts\/20725\/revisions\/20727"}],"wp:featuredmedia":[{"embeddable":true,"href":"https:\/\/ladepeche.mr\/index.php?rest_route=\/wp\/v2\/media\/20726"}],"wp:attachment":[{"href":"https:\/\/ladepeche.mr\/index.php?rest_route=%2Fwp%2Fv2%2Fmedia&parent=20725"}],"wp:term":[{"taxonomy":"category","embeddable":true,"href":"https:\/\/ladepeche.mr\/index.php?rest_route=%2Fwp%2Fv2%2Fcategories&post=20725"},{"taxonomy":"post_tag","embeddable":true,"href":"https:\/\/ladepeche.mr\/index.php?rest_route=%2Fwp%2Fv2%2Ftags&post=20725"}],"curies":[{"name":"wp","href":"https:\/\/api.w.org\/{rel}","templated":true}]}}