{"id":20728,"date":"2026-03-02T18:38:57","date_gmt":"2026-03-02T18:38:57","guid":{"rendered":"https:\/\/ladepeche.mr\/?p=20728"},"modified":"2026-03-02T18:38:57","modified_gmt":"2026-03-02T18:38:57","slug":"kosmos-energy-annonce-la-vente-de-gaz-domestique-sur-les-marches-nationaux-du-senegal-et-de-la-mauritanie","status":"publish","type":"post","link":"https:\/\/ladepeche.mr\/?p=20728","title":{"rendered":"Kosmos Energy annonce la vente de gaz domestique sur les march\u00e9s nationaux du S\u00e9n\u00e9gal et de la Mauritanie"},"content":{"rendered":"<p><strong>Kosmos Energy a annonc\u00e9 les ventes sur les march\u00e9s nationaux du S\u00e9n\u00e9gal et de la Mauritanie. Affirmant que les grandes lignes des accords de vente de gaz domestique sont attendues en 2026.<\/strong><\/p>\n<p>\u00ab\u00a0La production de la phase 1 \u00e9tant pleinement op\u00e9rationnelle, le partenariat se concentre d\u00e9sormais sur la croissance future de la production gr\u00e2ce \u00e0 la phase 1+, qui exploite pleinement l\u2019infrastructure existante pour les ventes sur les march\u00e9s nationaux\u00a0\u00bb, indique l\u2019entreprise dans une publication, citant les deux pays voisins, le S\u00e9n\u00e9gal et la Mauritanie qui partagent le gisement exploit\u00e9 sur le projet Grand Tortue Ahmeyim (GTA).<br \/>\nSelon la source, le volume de cargaisons brutes de Gaz naturel liqu\u00e9fi\u00e9 (GNL) devrait quasiment doubler d\u2019une ann\u00e9e sur l\u2019autre.<\/p>\n<p>D\u2019apr\u00e8s toujours Kosmos Energy, la r\u00e9duction des co\u00fbts d\u2019exploitation de la phase 1 du projet GTA demeure une priorit\u00e9 pour le partenariat en 2026, les co\u00fbts d\u2019exploitation nets par baril \u00e9quivalent p\u00e9trole (bep) devant diminuer de plus de 50 % d\u2019une ann\u00e9e sur l\u2019autre, notamment gr\u00e2ce au refinancement du FPSO qui a \u00e9t\u00e9 finalis\u00e9 enJanvier 2026L\u2019effort se poursuit avec l\u2019op\u00e9rateur afin de r\u00e9duire davantage les co\u00fbts, notamment par la mise en \u0153uvre d\u2019un mod\u00e8le op\u00e9rationnel \u00e0 moindre co\u00fbt.<br \/>\nL\u2019entreprise informe que la construction du r\u00e9seau de gazoducs devrait d\u00e9buter au prochain trimestre. Ce r\u00e9seau acheminera le gaz du terminal principal jusqu\u2019\u00e0 la c\u00f4te pour la vente sur le march\u00e9 int\u00e9rieur.<\/p>\n<p>Par ailleurs, concernant Yakaar-Teranga, Kosmos \u00e9voque sa collaboration avec Petrosen pour se retirer du bloc.<\/p>\n<p>Elle soutient n\u2019avoir pas \u00e9t\u00e9 en mesure d\u2019attirer un partenaire ad\u00e9quat ni de convenir d\u2019un concept de d\u00e9veloppement commercialement attractif avec le gouvernement S\u00e9n\u00e9galais.<\/p>\n<p><a href=\"https:\/\/laviesenegalaise.com\/kosmos-energy-annonce-la-vente-de-gaz-domestique-sur-les-marches-nationaux-du-senegal-et-de-la-mauritanie\/\">Kosmos Energy annonce la vente de gaz domestique sur les march\u00e9s nationaux du S\u00e9n\u00e9gal et de la Mauritanie<\/a><\/p>\n","protected":false},"excerpt":{"rendered":"<p>Kosmos Energy a annonc\u00e9 les ventes sur les march\u00e9s nationaux du S\u00e9n\u00e9gal et de la Mauritanie. Affirmant que les grandes lignes des accords de vente de gaz domestique sont attendues en 2026. \u00ab\u00a0La production de la phase 1 \u00e9tant pleinement op\u00e9rationnelle, le partenariat se concentre d\u00e9sormais sur la croissance future de la production gr\u00e2ce \u00e0 &hellip;<\/p>\n","protected":false},"author":2,"featured_media":20729,"comment_status":"open","ping_status":"open","sticky":false,"template":"","format":"standard","meta":{"footnotes":""},"categories":[18,2],"tags":[],"class_list":["post-20728","post","type-post","status-publish","format-standard","has-post-thumbnail","hentry","category-actualites","category-economie"],"_links":{"self":[{"href":"https:\/\/ladepeche.mr\/index.php?rest_route=\/wp\/v2\/posts\/20728","targetHints":{"allow":["GET"]}}],"collection":[{"href":"https:\/\/ladepeche.mr\/index.php?rest_route=\/wp\/v2\/posts"}],"about":[{"href":"https:\/\/ladepeche.mr\/index.php?rest_route=\/wp\/v2\/types\/post"}],"author":[{"embeddable":true,"href":"https:\/\/ladepeche.mr\/index.php?rest_route=\/wp\/v2\/users\/2"}],"replies":[{"embeddable":true,"href":"https:\/\/ladepeche.mr\/index.php?rest_route=%2Fwp%2Fv2%2Fcomments&post=20728"}],"version-history":[{"count":1,"href":"https:\/\/ladepeche.mr\/index.php?rest_route=\/wp\/v2\/posts\/20728\/revisions"}],"predecessor-version":[{"id":20730,"href":"https:\/\/ladepeche.mr\/index.php?rest_route=\/wp\/v2\/posts\/20728\/revisions\/20730"}],"wp:featuredmedia":[{"embeddable":true,"href":"https:\/\/ladepeche.mr\/index.php?rest_route=\/wp\/v2\/media\/20729"}],"wp:attachment":[{"href":"https:\/\/ladepeche.mr\/index.php?rest_route=%2Fwp%2Fv2%2Fmedia&parent=20728"}],"wp:term":[{"taxonomy":"category","embeddable":true,"href":"https:\/\/ladepeche.mr\/index.php?rest_route=%2Fwp%2Fv2%2Fcategories&post=20728"},{"taxonomy":"post_tag","embeddable":true,"href":"https:\/\/ladepeche.mr\/index.php?rest_route=%2Fwp%2Fv2%2Ftags&post=20728"}],"curies":[{"name":"wp","href":"https:\/\/api.w.org\/{rel}","templated":true}]}}