{"id":20731,"date":"2026-03-02T23:50:53","date_gmt":"2026-03-02T23:50:53","guid":{"rendered":"https:\/\/ladepeche.mr\/?p=20731"},"modified":"2026-03-02T23:50:53","modified_gmt":"2026-03-02T23:50:53","slug":"la-mauritanie-face-au-choc-energetique-mondial-comment-gerer-les-repercussions-de-la-guerre-americano-israelo-iranienne","status":"publish","type":"post","link":"https:\/\/ladepeche.mr\/?p=20731","title":{"rendered":"La Mauritanie face au choc \u00e9nerg\u00e9tique mondial : comment g\u00e9rer les r\u00e9percussions de la guerre am\u00e9ricano-isra\u00e9lo-iranienne?"},"content":{"rendered":"<p>La r\u00e9gion conna\u00eet aujourd\u2019hui une guerre ouverte entre les \u00c9tats-Unis et Isra\u00ebl d\u2019une part, et l\u2019Iran d\u2019autre part. Ce conflit a rapidement d\u00e9pass\u00e9 le cadre strictement militaire pour devenir une crise \u00e9conomique mondiale aux r\u00e9percussions multiples. \u00c0 mesure que l\u2019escalade s\u2019intensifie, les march\u00e9s de l\u2019\u00e9nergie sont entr\u00e9s dans une phase de forte tension, provoquant une hausse imm\u00e9diate des prix du p\u00e9trole et du gaz et r\u00e9v\u00e9lant une fois de plus la vuln\u00e9rabilit\u00e9 de l\u2019\u00e9conomie mondiale aux chocs g\u00e9opolitiques.<\/p>\n<p>La gravit\u00e9 de la situation tient au fait que le conflit se d\u00e9roule dans l\u2019une des zones les plus strat\u00e9giques pour l\u2019approvisionnement \u00e9nerg\u00e9tique mondial. La simple menace pesant sur la navigation dans le d\u00e9troit d\u2019Ormuz \u2014 par lequel transite une part significative du p\u00e9trole transport\u00e9 par voie maritime \u2014 a suffi \u00e0 d\u00e9clencher une flamb\u00e9e rapide des prix. Les perturbations de certaines cargaisons, l\u2019augmentation des primes d\u2019assurance maritime et la hausse des co\u00fbts de transport ont accentu\u00e9 la pression sur les march\u00e9s. Parall\u00e8lement, les bourses internationales ont connu une volatilit\u00e9 marqu\u00e9e, tandis que l\u2019or et les valeurs refuges ont progress\u00e9, signe d\u2019inqui\u00e9tudes croissantes quant \u00e0 une extension ou une prolongation du conflit.<br \/>\nPour la Mauritanie, l\u2019impact n\u2019est pas militaire, mais essentiellement \u00e9conomique. Le pays demeure d\u00e9pendant des importations pour une part importante de ses besoins en hydrocarbures, et son \u00e9conomie reste \u00e9troitement li\u00e9e aux co\u00fbts du transport et du commerce ext\u00e9rieur. Toute hausse durable des prix de l\u2019\u00e9nergie se traduit donc par une augmentation de la facture d\u2019importation, une pression accrue sur les finances publiques et un risque inflationniste, notamment sur les produits de premi\u00e8re n\u00e9cessit\u00e9 et les services. Dans un contexte international incertain, la prudence des investisseurs pourrait \u00e9galement ralentir le rythme de croissance et d\u2019investissement.<br \/>\n\u00c0 court terme, la Mauritanie doit adopter une approche pragmatique afin d\u2019absorber le choc avant qu\u2019il ne se transforme en crise plus profonde. La mise en place d\u2019une cellule de veille \u00e9conomique r\u00e9unissant les autorit\u00e9s financi\u00e8res, \u00e9nerg\u00e9tiques et commerciales appara\u00eet indispensable pour suivre l\u2019\u00e9volution des march\u00e9s et prendre des d\u00e9cisions rapides et adapt\u00e9es. Une politique temporaire et \u00e9quilibr\u00e9e de tarification des carburants pourrait contribuer \u00e0 prot\u00e9ger le pouvoir d\u2019achat sans compromettre l\u2019\u00e9quilibre budg\u00e9taire, \u00e0 condition que les aides soient cibl\u00e9es et limit\u00e9es dans le temps au profit des m\u00e9nages les plus vuln\u00e9rables et de secteurs strat\u00e9giques comme le transport public et la p\u00eache. La diversification rapide des fournisseurs et la n\u00e9gociation de contrats \u00e0 court terme permettraient \u00e9galement de limiter l\u2019exposition aux fluctuations brutales, tout en renfor\u00e7ant, dans la mesure du possible, les stocks strat\u00e9giques. Par ailleurs, un contr\u00f4le rigoureux des march\u00e9s int\u00e9rieurs demeure essentiel pour pr\u00e9venir la sp\u00e9culation et garantir la stabilit\u00e9 des prix des biens essentiels. Enfin, l\u2019acc\u00e9l\u00e9ration de projets solaires de petite et moyenne envergure pourrait r\u00e9duire la pression sur le r\u00e9seau \u00e9lectrique et diminuer la d\u00e9pendance aux carburants import\u00e9s.<br \/>\nToutefois, la gestion de l\u2019urgence ne saurait suffire. Le v\u00e9ritable enjeu r\u00e9side dans la r\u00e9duction structurelle de la vuln\u00e9rabilit\u00e9 \u00e9conomique face aux chocs ext\u00e9rieurs. Cela suppose un investissement soutenu dans les \u00e9nergies renouvelables, la constitution de r\u00e9serves strat\u00e9giques p\u00e9rennes, une r\u00e9forme plus \u00e9quitable et cibl\u00e9e du syst\u00e8me de subventions, ainsi qu\u2019une diversification accrue de l\u2019\u00e9conomie \u00e0 travers le d\u00e9veloppement de l\u2019agriculture, de la p\u00eache et des industries de transformation. Le renforcement des partenariats \u00e9conomiques r\u00e9gionaux et internationaux offrirait \u00e9galement au pays une marge de man\u0153uvre plus large face aux turbulences mondiales.<br \/>\nLa guerre en cours constitue ainsi un test majeur pour les \u00e9conomies \u00e9mergentes. Si la hausse des prix de l\u2019\u00e9nergie repr\u00e9sente une menace imm\u00e9diate pour la Mauritanie, elle met \u00e9galement en lumi\u00e8re l\u2019imp\u00e9rieuse n\u00e9cessit\u00e9 d\u2019une vision \u00e9conomique plus r\u00e9siliente et plus autonome. Les grandes crises, aussi difficiles soient-elles, peuvent devenir des moments fondateurs, incitant \u00e0 b\u00e2tir un mod\u00e8le de d\u00e9veloppement moins expos\u00e9 aux secousses g\u00e9opolitiques et mieux pr\u00e9par\u00e9 aux incertitudes d\u2019un monde en profonde mutation.<\/p>\n<p class=\"p1\"><span class=\"s1\">Par Ahmed Mohamed Hamada <\/span><\/p>\n<p class=\"p1\"><span class=\"s1\">\u00c9crivain et analyste politique <\/span><\/p>\n","protected":false},"excerpt":{"rendered":"<p>La r\u00e9gion conna\u00eet aujourd\u2019hui une guerre ouverte entre les \u00c9tats-Unis et Isra\u00ebl d\u2019une part, et l\u2019Iran d\u2019autre part. Ce conflit a rapidement d\u00e9pass\u00e9 le cadre strictement militaire pour devenir une crise \u00e9conomique mondiale aux r\u00e9percussions multiples. \u00c0 mesure que l\u2019escalade s\u2019intensifie, les march\u00e9s de l\u2019\u00e9nergie sont entr\u00e9s dans une phase de forte tension, provoquant une &hellip;<\/p>\n","protected":false},"author":2,"featured_media":20682,"comment_status":"open","ping_status":"open","sticky":false,"template":"","format":"standard","meta":{"footnotes":""},"categories":[18,2,29,19],"tags":[],"class_list":["post-20731","post","type-post","status-publish","format-standard","has-post-thumbnail","hentry","category-actualites","category-economie","category-monde","category-tribune"],"_links":{"self":[{"href":"https:\/\/ladepeche.mr\/index.php?rest_route=\/wp\/v2\/posts\/20731","targetHints":{"allow":["GET"]}}],"collection":[{"href":"https:\/\/ladepeche.mr\/index.php?rest_route=\/wp\/v2\/posts"}],"about":[{"href":"https:\/\/ladepeche.mr\/index.php?rest_route=\/wp\/v2\/types\/post"}],"author":[{"embeddable":true,"href":"https:\/\/ladepeche.mr\/index.php?rest_route=\/wp\/v2\/users\/2"}],"replies":[{"embeddable":true,"href":"https:\/\/ladepeche.mr\/index.php?rest_route=%2Fwp%2Fv2%2Fcomments&post=20731"}],"version-history":[{"count":1,"href":"https:\/\/ladepeche.mr\/index.php?rest_route=\/wp\/v2\/posts\/20731\/revisions"}],"predecessor-version":[{"id":20732,"href":"https:\/\/ladepeche.mr\/index.php?rest_route=\/wp\/v2\/posts\/20731\/revisions\/20732"}],"wp:featuredmedia":[{"embeddable":true,"href":"https:\/\/ladepeche.mr\/index.php?rest_route=\/wp\/v2\/media\/20682"}],"wp:attachment":[{"href":"https:\/\/ladepeche.mr\/index.php?rest_route=%2Fwp%2Fv2%2Fmedia&parent=20731"}],"wp:term":[{"taxonomy":"category","embeddable":true,"href":"https:\/\/ladepeche.mr\/index.php?rest_route=%2Fwp%2Fv2%2Fcategories&post=20731"},{"taxonomy":"post_tag","embeddable":true,"href":"https:\/\/ladepeche.mr\/index.php?rest_route=%2Fwp%2Fv2%2Ftags&post=20731"}],"curies":[{"name":"wp","href":"https:\/\/api.w.org\/{rel}","templated":true}]}}