{"id":20737,"date":"2026-03-03T12:30:02","date_gmt":"2026-03-03T12:30:02","guid":{"rendered":"https:\/\/ladepeche.mr\/?p=20737"},"modified":"2026-03-03T12:19:57","modified_gmt":"2026-03-03T12:19:57","slug":"sahara-bruxelles-reaffirme-son-appui-au-plan-dautonomie-sous-souverainete-marocaine-et-annonce-des-actions-concretes","status":"publish","type":"post","link":"https:\/\/ladepeche.mr\/?p=20737","title":{"rendered":"Sahara: Bruxelles r\u00e9affirme son appui au plan d\u2019autonomie sous souverainet\u00e9 marocaine et annonce des actions concr\u00e8tes"},"content":{"rendered":"<p>Le Royaume de Belgique a r\u00e9affirm\u00e9, lundi, son soutien clair et constant \u00e0 l\u2019Initiative d\u2019autonomie sous souverainet\u00e9 marocaine, la consid\u00e9rant comme &#8220;la base la plus ad\u00e9quate, s\u00e9rieuse, cr\u00e9dible et r\u00e9aliste&#8221; pour parvenir \u00e0 une solution politique juste, durable et mutuellement acceptable au diff\u00e9rend r\u00e9gional autour du Sahara.<\/p>\n<p>Cette position a \u00e9t\u00e9 exprim\u00e9e par le Vice-Premier ministre et ministre des Affaires \u00e9trang\u00e8res, des Affaires europ\u00e9ennes et de la Coop\u00e9ration au d\u00e9veloppement du Royaume de Belgique, Maxime Pr\u00e9vot, \u00e0 l\u2019issue de sa rencontre \u00e0 Rabat avec le ministre des Affaires \u00e9trang\u00e8res, de la Coop\u00e9ration africaine et des Marocains r\u00e9sidant \u00e0 l\u2019\u00e9tranger, Nasser Bourita.<\/p>\n<p>A cette occasion, M. Pr\u00e9vot a \u00e9galement soulign\u00e9 que cette position s&#8217;inscrit dans la continuit\u00e9 de la position exprim\u00e9e dans la D\u00e9claration conjointe sign\u00e9e \u00e0 Bruxelles le 23 octobre 2025 et dans la reconnaissance de l\u2019importance existentielle de cette question pour le Royaume du Maroc et place r\u00e9solument la r\u00e9gion du Sahara dans le cadre de la souverainet\u00e9 et de l\u2019unit\u00e9 nationale du Maroc.<\/p>\n<p>Le ministre belge des Affaires \u00e9trang\u00e8res a aussi soulign\u00e9 qu\u2019il entend agir en cons\u00e9quence sur les plans diplomatique et \u00e9conomique et que cette position de la Belgique s\u2019inscrit dans le respect du droit international.<\/p>\n<p>Il a ainsi r\u00e9it\u00e9r\u00e9 l\u2019annonce selon laquelle l\u2019Ambassadeur belge \u00e0 Rabat sera invit\u00e9 \u00e0 effectuer prochainement une visite dans la r\u00e9gion du Sahara afin de pr\u00e9parer et soutenir plusieurs initiatives \u00e9conomiques, comme la visite d\u2019entreprises belges et l\u2019organisation de foires \u00e9conomiques des trois agences r\u00e9gionales.<\/p>\n<p>S\u2019agissant de l\u2019extension de la couverture consulaire des ressortissants belges r\u00e9sidant au Sahara et aux Belges de passage dans la r\u00e9gion, la Belgique a r\u00e9it\u00e9r\u00e9 que son Consulat G\u00e9n\u00e9ral \u00e0 Rabat est comp\u00e9tent pour le Royaume du Maroc dans son ensemble sans distinction r\u00e9gionale, y compris pour la r\u00e9gion du Sahara.<\/p>\n<p>La visite de M. Pr\u00e9vot s\u2019inscrit dans la dynamique positive que connaissent les relations entre le Royaume du Maroc et le Royaume de Belgique, marqu\u00e9es par un dialogue politique r\u00e9gulier et une volont\u00e9 partag\u00e9e d\u2019approfondir un partenariat strat\u00e9gique, fond\u00e9 sur le respect mutuel et la convergence des vues sur les questions d\u2019int\u00e9r\u00eat commun.<\/p>\n<p>(m\u00e9dias)<\/p>\n","protected":false},"excerpt":{"rendered":"<p>Le Royaume de Belgique a r\u00e9affirm\u00e9, lundi, son soutien clair et constant \u00e0 l\u2019Initiative d\u2019autonomie sous souverainet\u00e9 marocaine, la consid\u00e9rant comme &#8220;la base la plus ad\u00e9quate, s\u00e9rieuse, cr\u00e9dible et r\u00e9aliste&#8221; pour parvenir \u00e0 une solution politique juste, durable et mutuellement acceptable au diff\u00e9rend r\u00e9gional autour du Sahara. Cette position a \u00e9t\u00e9 exprim\u00e9e par le Vice-Premier &hellip;<\/p>\n","protected":false},"author":2,"featured_media":20738,"comment_status":"open","ping_status":"open","sticky":false,"template":"","format":"standard","meta":{"footnotes":""},"categories":[18,29],"tags":[],"class_list":["post-20737","post","type-post","status-publish","format-standard","has-post-thumbnail","hentry","category-actualites","category-monde"],"_links":{"self":[{"href":"https:\/\/ladepeche.mr\/index.php?rest_route=\/wp\/v2\/posts\/20737","targetHints":{"allow":["GET"]}}],"collection":[{"href":"https:\/\/ladepeche.mr\/index.php?rest_route=\/wp\/v2\/posts"}],"about":[{"href":"https:\/\/ladepeche.mr\/index.php?rest_route=\/wp\/v2\/types\/post"}],"author":[{"embeddable":true,"href":"https:\/\/ladepeche.mr\/index.php?rest_route=\/wp\/v2\/users\/2"}],"replies":[{"embeddable":true,"href":"https:\/\/ladepeche.mr\/index.php?rest_route=%2Fwp%2Fv2%2Fcomments&post=20737"}],"version-history":[{"count":2,"href":"https:\/\/ladepeche.mr\/index.php?rest_route=\/wp\/v2\/posts\/20737\/revisions"}],"predecessor-version":[{"id":20740,"href":"https:\/\/ladepeche.mr\/index.php?rest_route=\/wp\/v2\/posts\/20737\/revisions\/20740"}],"wp:featuredmedia":[{"embeddable":true,"href":"https:\/\/ladepeche.mr\/index.php?rest_route=\/wp\/v2\/media\/20738"}],"wp:attachment":[{"href":"https:\/\/ladepeche.mr\/index.php?rest_route=%2Fwp%2Fv2%2Fmedia&parent=20737"}],"wp:term":[{"taxonomy":"category","embeddable":true,"href":"https:\/\/ladepeche.mr\/index.php?rest_route=%2Fwp%2Fv2%2Fcategories&post=20737"},{"taxonomy":"post_tag","embeddable":true,"href":"https:\/\/ladepeche.mr\/index.php?rest_route=%2Fwp%2Fv2%2Ftags&post=20737"}],"curies":[{"name":"wp","href":"https:\/\/api.w.org\/{rel}","templated":true}]}}