{"id":20741,"date":"2026-03-03T13:39:05","date_gmt":"2026-03-03T13:39:05","guid":{"rendered":"https:\/\/ladepeche.mr\/?p=20741"},"modified":"2026-03-03T13:39:05","modified_gmt":"2026-03-03T13:39:05","slug":"iran-la-guerre-cessera-quand-lagression-sarretera-dit-teheran","status":"publish","type":"post","link":"https:\/\/ladepeche.mr\/?p=20741","title":{"rendered":"Iran : la guerre cessera quand \u00ab l\u2019agression \u00bb s\u2019arr\u00eatera, dit T\u00e9h\u00e9ran"},"content":{"rendered":"<h4>T\u00e9h\u00e9ran, qui fait \u00e9tat de pr\u00e8s de 800 morts depuis samedi, appelle l\u2019ONU \u00e0 intervenir et assure poursuivre ses ripostes contre Isra\u00ebl et des installations am\u00e9ricaines dans la r\u00e9gion.<\/h4>\n<p class=\"selectionShareable\">L\u2019Iran a affirm\u00e9 ce mardi que la guerre en cours avec les \u00c9tats-Unis et Isra\u00ebl prendrait fin \u00ab lorsque l\u2019agression cessera \u00bb, alors que T\u00e9h\u00e9ran fait \u00e9tat de pr\u00e8s de 800 morts depuis le d\u00e9but des frappes samedi.<\/p>\n<p class=\"selectionShareable\">S\u2019exprimant devant des journalistes dans une \u00e9cole primaire touch\u00e9e par une frappe am\u00e9ricano-isra\u00e9lienne \u00e0 T\u00e9h\u00e9ran, le porte-parole du minist\u00e8re iranien des Affaires \u00e9trang\u00e8res, Esmail Baghaei, a d\u00e9clar\u00e9 que le conflit \u00ab n\u2019a pas \u00e9t\u00e9 initi\u00e9 par l\u2019Iran, dont le choix \u00e9tait la diplomatie \u00bb.<\/p>\n<p class=\"selectionShareable\">Les \u00c9tats-Unis et Isra\u00ebl ont lanc\u00e9 samedi une offensive d\u2019ampleur contre l\u2019Iran, ayant fait pr\u00e8s de 800 morts, dont le guide supr\u00eame, l\u2019ayatollah Ali Khamenei, ainsi que de hauts responsables militaires, selon des chiffres fournis par les autorit\u00e9s iraniennes.<\/p>\n<p class=\"selectionShareable\">Cette attaque est intervenue quelques jours apr\u00e8s un troisi\u00e8me cycle de n\u00e9gociations indirectes sur le nucl\u00e9aire entre Washington et T\u00e9h\u00e9ran, men\u00e9es sous m\u00e9diation omanaise.<\/p>\n<p class=\"selectionShareable\">Selon Esmail Baghaei, de nombreuses voix en Iran s\u2019\u00e9taient oppos\u00e9es \u00e0 ces discussions avec les \u00c9tats-Unis, au regard de pr\u00e9c\u00e9dents \u00e9pisodes de tensions, notamment des frappes attribu\u00e9es \u00e0 Isra\u00ebl et aux \u00c9tats-Unis en juin dernier.<\/p>\n<p class=\"selectionShareable\">Le porte-parole a appel\u00e9 le Conseil de s\u00e9curit\u00e9 des Nations unies et la communaut\u00e9 internationale \u00e0 intervenir \u00ab avant que la guerre ne s\u2019\u00e9tende \u00e0 d\u2019autres r\u00e9gions \u00bb.<\/p>\n<p class=\"selectionShareable\">L\u2019Iran a \u00ab jur\u00e9 de combattre de toutes ses forces dans cette bataille \u00bb, a-t-il affirm\u00e9, pr\u00e9cisant que la priorit\u00e9 demeurait la d\u00e9fense du territoire face aux attaques.<\/p>\n<p class=\"selectionShareable\">\u00ab Le monde a \u00e9t\u00e9 t\u00e9moin d\u2019un g\u00e9nocide et n\u2019a pas agi ; il a vu des agressions contre des pays voisins et n\u2019a pas r\u00e9agi \u00bb, a-t-il d\u00e9clar\u00e9, d\u00e9non\u00e7ant ce qu\u2019il a qualifi\u00e9 d\u2019inaction de la communaut\u00e9 internationale face aux violations du droit.<\/p>\n<p class=\"selectionShareable\">Selon les autorit\u00e9s iraniennes, l\u2019Iran a lanc\u00e9 jusqu\u2019\u00e0 pr\u00e9sent 15 vagues de frappes de missiles et de drones contre Isra\u00ebl et des installations am\u00e9ricaines dans la r\u00e9gion, notamment \u00e0 Bahre\u00efn, au Qatar, aux \u00c9mirats arabes unis, en Jordanie, en Irak, au Kowe\u00eft et en Arabie saoudite. Plusieurs de ces pays ont condamn\u00e9 ces attaques iraniennes, les qualifiant d\u2019injustifi\u00e9es.<\/p>\n<p>aa.com.tr<\/p>\n","protected":false},"excerpt":{"rendered":"<p>T\u00e9h\u00e9ran, qui fait \u00e9tat de pr\u00e8s de 800 morts depuis samedi, appelle l\u2019ONU \u00e0 intervenir et assure poursuivre ses ripostes contre Isra\u00ebl et des installations am\u00e9ricaines dans la r\u00e9gion. L\u2019Iran a affirm\u00e9 ce mardi que la guerre en cours avec les \u00c9tats-Unis et Isra\u00ebl prendrait fin \u00ab lorsque l\u2019agression cessera \u00bb, alors que T\u00e9h\u00e9ran fait &hellip;<\/p>\n","protected":false},"author":2,"featured_media":20742,"comment_status":"open","ping_status":"open","sticky":false,"template":"","format":"standard","meta":{"footnotes":""},"categories":[18,29],"tags":[],"class_list":["post-20741","post","type-post","status-publish","format-standard","has-post-thumbnail","hentry","category-actualites","category-monde"],"_links":{"self":[{"href":"https:\/\/ladepeche.mr\/index.php?rest_route=\/wp\/v2\/posts\/20741","targetHints":{"allow":["GET"]}}],"collection":[{"href":"https:\/\/ladepeche.mr\/index.php?rest_route=\/wp\/v2\/posts"}],"about":[{"href":"https:\/\/ladepeche.mr\/index.php?rest_route=\/wp\/v2\/types\/post"}],"author":[{"embeddable":true,"href":"https:\/\/ladepeche.mr\/index.php?rest_route=\/wp\/v2\/users\/2"}],"replies":[{"embeddable":true,"href":"https:\/\/ladepeche.mr\/index.php?rest_route=%2Fwp%2Fv2%2Fcomments&post=20741"}],"version-history":[{"count":1,"href":"https:\/\/ladepeche.mr\/index.php?rest_route=\/wp\/v2\/posts\/20741\/revisions"}],"predecessor-version":[{"id":20743,"href":"https:\/\/ladepeche.mr\/index.php?rest_route=\/wp\/v2\/posts\/20741\/revisions\/20743"}],"wp:featuredmedia":[{"embeddable":true,"href":"https:\/\/ladepeche.mr\/index.php?rest_route=\/wp\/v2\/media\/20742"}],"wp:attachment":[{"href":"https:\/\/ladepeche.mr\/index.php?rest_route=%2Fwp%2Fv2%2Fmedia&parent=20741"}],"wp:term":[{"taxonomy":"category","embeddable":true,"href":"https:\/\/ladepeche.mr\/index.php?rest_route=%2Fwp%2Fv2%2Fcategories&post=20741"},{"taxonomy":"post_tag","embeddable":true,"href":"https:\/\/ladepeche.mr\/index.php?rest_route=%2Fwp%2Fv2%2Ftags&post=20741"}],"curies":[{"name":"wp","href":"https:\/\/api.w.org\/{rel}","templated":true}]}}