{"id":20744,"date":"2026-03-03T14:15:20","date_gmt":"2026-03-03T14:15:20","guid":{"rendered":"https:\/\/ladepeche.mr\/?p=20744"},"modified":"2026-03-03T13:52:45","modified_gmt":"2026-03-03T13:52:45","slug":"iran-paris-et-pekin-appellent-a-la-desescalade-apres-un-entretien-entre-jean-noel-barrot-et-wang-yi","status":"publish","type":"post","link":"https:\/\/ladepeche.mr\/?p=20744","title":{"rendered":"Iran : Paris et P\u00e9kin appellent \u00e0 la d\u00e9sescalade apr\u00e8s un entretien entre Jean-No\u00ebl Barrot et Wang Yi"},"content":{"rendered":"<h4>Le chef de la diplomatie fran\u00e7aise a rappel\u00e9 \u00e0 son homologue chinois la position de Paris sur l\u2019Iran, tout en appelant conjointement \u00e0 une d\u00e9sescalade r\u00e9gionale et \u00e0 une solution politique.<\/h4>\n<p class=\"selectionShareable\">Le ministre de l\u2019Europe et des Affaires \u00e9trang\u00e8res, Jean-No\u00ebl Barrot, s\u2019est entretenu lundi 2 mars par t\u00e9l\u00e9phone avec Wang Yi, directeur du bureau de la Commission centrale des affaires \u00e9trang\u00e8res du Parti communiste chinois et ministre des Affaires \u00e9trang\u00e8res de la R\u00e9publique populaire de Chine, afin d\u2019\u00e9voquer la situation au Moyen-Orient.<\/p>\n<p class=\"selectionShareable\">Selon les \u00e9l\u00e9ments communiqu\u00e9s, les deux responsables ont \u00e9chang\u00e9 sur l\u2019escalade en cours dans la r\u00e9gion. Le ministre fran\u00e7ais a rappel\u00e9 ce qu\u2019il a qualifi\u00e9 de responsabilit\u00e9 du r\u00e9gime iranien dans la mont\u00e9e des tensions, apr\u00e8s des frappes visant plusieurs pays de la r\u00e9gion. Il a estim\u00e9 que ces actions intervenaient dans un contexte de refus de T\u00e9h\u00e9ran de se conformer aux r\u00e9solutions du Conseil de s\u00e9curit\u00e9 des Nations unies encadrant son programme nucl\u00e9aire et ses activit\u00e9s balistiques, ainsi qu\u2019aux dispositions interdisant le soutien \u00e0 des groupes arm\u00e9s non \u00e9tatiques.<\/p>\n<p class=\"selectionShareable\">Ces r\u00e9solutions du Conseil de s\u00e9curit\u00e9, organe charg\u00e9 du maintien de la paix et de la s\u00e9curit\u00e9 internationales, fixent un cadre juridique contraignant pour les \u00c9tats membres des Nations unies. Elles portent notamment sur la limitation des activit\u00e9s li\u00e9es \u00e0 l\u2019enrichissement d\u2019uranium, susceptible d\u2019avoir des applications militaires, ainsi que sur le d\u00e9veloppement de missiles balistiques.<\/p>\n<p class=\"selectionShareable\">Jean-No\u00ebl Barrot a \u00e9galement \u00e9voqu\u00e9, lors de cet \u00e9change, les violations des droits humains commises selon lui par les autorit\u00e9s iraniennes lors de la r\u00e9pression de manifestations populaires en janvier.<\/p>\n<p class=\"selectionShareable\">Le ministre fran\u00e7ais a par ailleurs pr\u00e9cis\u00e9 que l\u2019op\u00e9ration militaire men\u00e9e par les \u00c9tats-Unis et Isra\u00ebl contre l\u2019Iran avait \u00e9t\u00e9 conduite sans participation ni information pr\u00e9alable de la France. Il a rappel\u00e9 que le r\u00e8glement des diff\u00e9rends internationaux relevait en priorit\u00e9 des institutions multilat\u00e9rales et du droit international, et que le recours \u00e0 la force devait, le cas \u00e9ch\u00e9ant, s\u2019inscrire dans ce cadre.<\/p>\n<p class=\"selectionShareable\">Les deux ministres ont convenu de la n\u00e9cessit\u00e9 d\u2019\u0153uvrer \u00e0 la d\u00e9sescalade, en lien avec les pays du Golfe, et de rechercher une solution politique garantissant les int\u00e9r\u00eats de s\u00e9curit\u00e9 collectifs ainsi que la prise en compte des aspirations du peuple iranien, conform\u00e9ment aux r\u00e9solutions du Conseil de s\u00e9curit\u00e9 de l\u2019ONU et aux principes du droit international.<\/p>\n<p class=\"selectionShareable\">Ils sont convenus de poursuivre leur dialogue \u00e9troit sur ce dossier.<\/p>\n<p>aa.com.tr<\/p>\n","protected":false},"excerpt":{"rendered":"<p>Le chef de la diplomatie fran\u00e7aise a rappel\u00e9 \u00e0 son homologue chinois la position de Paris sur l\u2019Iran, tout en appelant conjointement \u00e0 une d\u00e9sescalade r\u00e9gionale et \u00e0 une solution politique. Le ministre de l\u2019Europe et des Affaires \u00e9trang\u00e8res, Jean-No\u00ebl Barrot, s\u2019est entretenu lundi 2 mars par t\u00e9l\u00e9phone avec Wang Yi, directeur du bureau de &hellip;<\/p>\n","protected":false},"author":2,"featured_media":20745,"comment_status":"open","ping_status":"open","sticky":false,"template":"","format":"standard","meta":{"footnotes":""},"categories":[18,29],"tags":[],"class_list":["post-20744","post","type-post","status-publish","format-standard","has-post-thumbnail","hentry","category-actualites","category-monde"],"_links":{"self":[{"href":"https:\/\/ladepeche.mr\/index.php?rest_route=\/wp\/v2\/posts\/20744","targetHints":{"allow":["GET"]}}],"collection":[{"href":"https:\/\/ladepeche.mr\/index.php?rest_route=\/wp\/v2\/posts"}],"about":[{"href":"https:\/\/ladepeche.mr\/index.php?rest_route=\/wp\/v2\/types\/post"}],"author":[{"embeddable":true,"href":"https:\/\/ladepeche.mr\/index.php?rest_route=\/wp\/v2\/users\/2"}],"replies":[{"embeddable":true,"href":"https:\/\/ladepeche.mr\/index.php?rest_route=%2Fwp%2Fv2%2Fcomments&post=20744"}],"version-history":[{"count":1,"href":"https:\/\/ladepeche.mr\/index.php?rest_route=\/wp\/v2\/posts\/20744\/revisions"}],"predecessor-version":[{"id":20746,"href":"https:\/\/ladepeche.mr\/index.php?rest_route=\/wp\/v2\/posts\/20744\/revisions\/20746"}],"wp:featuredmedia":[{"embeddable":true,"href":"https:\/\/ladepeche.mr\/index.php?rest_route=\/wp\/v2\/media\/20745"}],"wp:attachment":[{"href":"https:\/\/ladepeche.mr\/index.php?rest_route=%2Fwp%2Fv2%2Fmedia&parent=20744"}],"wp:term":[{"taxonomy":"category","embeddable":true,"href":"https:\/\/ladepeche.mr\/index.php?rest_route=%2Fwp%2Fv2%2Fcategories&post=20744"},{"taxonomy":"post_tag","embeddable":true,"href":"https:\/\/ladepeche.mr\/index.php?rest_route=%2Fwp%2Fv2%2Ftags&post=20744"}],"curies":[{"name":"wp","href":"https:\/\/api.w.org\/{rel}","templated":true}]}}