{"id":20750,"date":"2026-03-04T12:16:37","date_gmt":"2026-03-04T12:16:37","guid":{"rendered":"https:\/\/ladepeche.mr\/?p=20750"},"modified":"2026-03-04T12:16:37","modified_gmt":"2026-03-04T12:16:37","slug":"force-en-attente-de-la-cedeao-2-000-hommes-pour-lutter-contre-le-jihadisme","status":"publish","type":"post","link":"https:\/\/ladepeche.mr\/?p=20750","title":{"rendered":"Force en attente de la CEDEAO : 2 000 hommes pour lutter contre le jihadisme"},"content":{"rendered":"<p data-t=\"{&quot;n&quot;:&quot;blueLinks&quot;,&quot;t&quot;:13,&quot;a&quot;:&quot;click&quot;,&quot;b&quot;:76}\"><strong>Les pays membres de l\u2019organisation r\u00e9gionale ont \u00ab dress\u00e9 les contours d\u2019une force en attente \u00bb destin\u00e9e \u00e0 \u00eatre d\u00e9ploy\u00e9e dans le cadre de la lutte antiterroriste. La coop\u00e9ration s\u00e9curitaire pourrait s\u2019\u00e9tendre \u00e0 l\u2019Alliance des \u00c9tats du Sahel (AES).<\/strong><\/p>\n<div class=\"article-image-slot image-slot-placeholder\" data-doc-id=\"cms\/api\/amp\/image\/AA1Xvv5X\">\n<div class=\"article-image-slot\">\n<div class=\"article-image-container polished\" data-t=\"{&quot;n&quot;:&quot;OpenModal&quot;,&quot;t&quot;:13,&quot;b&quot;:8,&quot;c.i&quot;:&quot;AA1XvlpB&quot;,&quot;c.l&quot;:false,&quot;c.t&quot;:13,&quot;c.v&quot;:&quot;news&quot;,&quot;c.c&quot;:&quot;others&quot;,&quot;c.b&quot;:&quot;Jeune Afrique&quot;,&quot;c.bi&quot;:&quot;BB141bRa&quot;,&quot;c.tv&quot;:&quot;politics&quot;,&quot;c.tc&quot;:&quot;government&quot;,&quot;c.hl&quot;:&quot;Force en attente de la CEDEAO : 2 000 hommes pour lutter contre le jihadisme&quot;}\" data-test-id=\"AA1Xvv5X\">Maintes fois annonc\u00e9e, la Force en attente de la\u00a0<a href=\"https:\/\/www.jeuneafrique.com\/institutions\/cedeao\/?utm_source=microsoft&amp;utm_medium=feeds&amp;utm_campaign=feeds-microsoft-v1\" target=\"_blank\" rel=\"noopener\" data-t=\"{&quot;n&quot;:&quot;destination&quot;,&quot;t&quot;:13,&quot;a&quot;:&quot;click&quot;,&quot;b&quot;:1,&quot;c.t&quot;:7}\">Cedeao<\/a>\u00a0semble d\u00e9sormais passer une \u00e9tape suppl\u00e9mentaire vers l\u2019op\u00e9rationnalisation. Sa mise en place effective a \u00e9t\u00e9 d\u00e9cid\u00e9e \u00e0 l\u2019issue d\u2019une r\u00e9union de haut niveau de l\u2019organisation sous-r\u00e9gionale, qui s\u2019est tenue les 28 f\u00e9vrier et 1er mars \u00e0 Freetown, au lendemain d\u2019une rencontre qui a rassembl\u00e9 les chefs d\u2019\u00e9tat-major ouest-africains dans la capitale lib\u00e9rienne.<\/div>\n<\/div>\n<div data-t=\"{&quot;n&quot;:&quot;OpenModal&quot;,&quot;t&quot;:13,&quot;b&quot;:8,&quot;c.i&quot;:&quot;AA1XvlpB&quot;,&quot;c.l&quot;:false,&quot;c.t&quot;:13,&quot;c.v&quot;:&quot;news&quot;,&quot;c.c&quot;:&quot;others&quot;,&quot;c.b&quot;:&quot;Jeune Afrique&quot;,&quot;c.bi&quot;:&quot;BB141bRa&quot;,&quot;c.tv&quot;:&quot;politics&quot;,&quot;c.tc&quot;:&quot;government&quot;,&quot;c.hl&quot;:&quot;Force en attente de la CEDEAO : 2 000 hommes pour lutter contre le jihadisme&quot;}\" data-test-id=\"AA1Xvv5X\">\n<p data-t=\"{&quot;n&quot;:&quot;blueLinks&quot;,&quot;t&quot;:13,&quot;a&quot;:&quot;click&quot;,&quot;b&quot;:76}\">\u00ab\u00a0Nous avons dessin\u00e9 les contours d\u2019une force pour lutter contre le terrorisme\u00a0\u00bb, a affirm\u00e9 \u00e0 l\u2019AFP un haut responsable militaire nig\u00e9rian. \u00ab\u00a0Plusieurs pays ont annonc\u00e9 des chiffres [sur la participation de leurs soldats \u00e0 la force en attente]. Dans un premier temps, nous serons environ 2 000 hommes pour lutter contre le terrorisme [et] l\u2019ins\u00e9curit\u00e9 dans la r\u00e9gion ouest-africaine\u00a0\u00bb, a-t-il ajout\u00e9.<\/p>\n<h2 class=\"article-sub-heading\">Faire face \u00e0 \u00ab\u00a0la mont\u00e9e en puissance de la menace terroriste\u00a0\u00bb<\/h2>\n<p class=\"continue-read-break\" data-t=\"{&quot;n&quot;:&quot;blueLinks&quot;,&quot;t&quot;:13,&quot;a&quot;:&quot;click&quot;,&quot;b&quot;:76}\">Cette force antijihadiste, dite \u00ab\u00a0d\u2019attente\u00a0\u00bb, sera compos\u00e9e d\u2019hommes stationn\u00e9s dans leurs pays d\u2019origine et disponibles pour \u00eatre d\u00e9ploy\u00e9s en cas de besoin. Elle est \u00e9voqu\u00e9e depuis des ann\u00e9es par les 12 pays membres de la Cedeao, o\u00f9 diff\u00e9rents\u00a0<a href=\"https:\/\/www.jeuneafrique.com\/tags\/terrorisme\/?utm_source=microsoft&amp;utm_medium=feeds&amp;utm_campaign=feeds-microsoft-v1\" target=\"_blank\" rel=\"noopener\" data-t=\"{&quot;n&quot;:&quot;destination&quot;,&quot;t&quot;:13,&quot;a&quot;:&quot;click&quot;,&quot;b&quot;:1,&quot;c.t&quot;:7}\">groupes jihadistes<\/a>\u00a0\u00e9tendent leurs actions.<\/p>\n<p data-t=\"{&quot;n&quot;:&quot;blueLinks&quot;,&quot;t&quot;:13,&quot;a&quot;:&quot;click&quot;,&quot;b&quot;:76}\">Stationn\u00e9es dans leurs pays d\u2019origine, les troupes disposeront d\u2019une base logistique en Sierra Leone, selon une source officielle sierra-l\u00e9onaise. Les discussions sur le financement de cette force \u00e9taient toujours en cours, selon des informations recueillies par l\u2019AFP. La Cedeao n\u2019a pas encore publi\u00e9 de d\u00e9claration officielle. Aucun de ses responsables n\u2019a r\u00e9pondu aux demandes d\u2019informations compl\u00e9mentaires.<\/p>\n<h2 class=\"article-sub-heading\">Associer l\u2019AES : \u00ab\u00a0Tous les chefs d\u2019\u00c9tat sont d\u2019accord\u00a0\u00bb<\/h2>\n<p data-t=\"{&quot;n&quot;:&quot;blueLinks&quot;,&quot;t&quot;:13,&quot;a&quot;:&quot;click&quot;,&quot;b&quot;:76}\">Lors des discussions, les chefs des arm\u00e9es ouest-africains ont \u00ab dress\u00e9 un \u00e9tat des lieux pr\u00e9occupant du paysage s\u00e9curitaire r\u00e9gional \u00bb, a affirm\u00e9 \u00e0 l\u2019AFP une source ayant requis l\u2019anonymat. \u00ab Les \u00e9changes se sont concentr\u00e9s sur la mont\u00e9e en puissance de la menace terroriste, l\u2019expansion de la criminalit\u00e9 transnationale organis\u00e9e et les d\u00e9fis persistants li\u00e9s \u00e0 l\u2019ins\u00e9curit\u00e9 maritime. Il faut lutter contre tout \u00e7a et redoubler de vigilance pour \u00e9viter des ruptures de l\u2019ordre constitutionnel. \u00bb<\/p>\n<div class=\"intra-article-module\" data-t=\"{&quot;n&quot;:&quot;intraArticle&quot;,&quot;t&quot;:13}\">\n<div class=\"articlePageIntraArticleFullWidth ad-slot-placeholder left-image-intra-ad full-bleed-image-intra-ad intra-ad-rm-bg intra-ad-rm-h\" data-ad-index=\"2\">\n<div class=\"left-image-intra-ad full-bleed-image-intra-ad\">\n<div class=\"responsive-views-ad-container\">\n<div class=\"root\">\n<div class=\"content-card-container\">\n<div class=\"body\">\n<div class=\"action-row\">Quant aux trois \u00c9tats s\u00e9cessionnistes de la Cedeao (Mali, Burkina Faso et Niger), ayant ensuite cr\u00e9\u00e9 une conf\u00e9d\u00e9ration, <a href=\"https:\/\/www.jeuneafrique.com\/institutions\/alliance-etats-du-sahel-mali-burkina-faso-niger\/?utm_source=microsoft&amp;utm_medium=feeds&amp;utm_campaign=feeds-microsoft-v1\" target=\"_blank\" rel=\"noopener\" data-t=\"{&quot;n&quot;:&quot;destination&quot;,&quot;t&quot;:13,&quot;a&quot;:&quot;click&quot;,&quot;b&quot;:1,&quot;c.t&quot;:7}\">l\u2019Alliance des \u00c9tats du Sahel (AES)<\/a>, leur coop\u00e9ration avec la Cedeao a \u00e9t\u00e9 encourag\u00e9e, a indiqu\u00e9 un chef d\u2019\u00e9tat-major ouest-africain. \u00ab\u00a0Les pays de l\u2019AES sont dans un espace dans le Sahel [qui est] l\u2019\u00e9picentre de la lutte contre les jihadistes. Il faut les associer [\u00e0 la force en attente]. Tous nos chefs d\u2019\u00c9tat sont d\u2019accord\u00a0\u00bb, a-t-il dit.<\/div>\n<\/div>\n<\/div>\n<\/div>\n<\/div>\n<\/div>\n<\/div>\n<\/div>\n<p data-t=\"{&quot;n&quot;:&quot;blueLinks&quot;,&quot;t&quot;:13,&quot;a&quot;:&quot;click&quot;,&quot;b&quot;:76}\"><strong>(Avec AFP)<\/strong><\/p>\n<p data-t=\"{&quot;n&quot;:&quot;blueLinks&quot;,&quot;t&quot;:13,&quot;a&quot;:&quot;click&quot;,&quot;b&quot;:76}\"><a href=\"https:\/\/www.msn.com\/fr-xl\/actualite\/other\/force-en-attente-de-la-cedeao-2-000-hommes-pour-lutter-contre-le-jihadisme\/ar-AA1XvlpB?ocid=msedgdhp&amp;pc=U531&amp;cvid=69a82044e6c84420b8fb08a9c83efaa7&amp;ei=32\">Force en attente de la CEDEAO : 2 000 hommes pour lutter contre le jihadisme<\/a><\/p>\n<\/div>\n<\/div>\n","protected":false},"excerpt":{"rendered":"<p>Les pays membres de l\u2019organisation r\u00e9gionale ont \u00ab dress\u00e9 les contours d\u2019une force en attente \u00bb destin\u00e9e \u00e0 \u00eatre d\u00e9ploy\u00e9e dans le cadre de la lutte antiterroriste. La coop\u00e9ration s\u00e9curitaire pourrait s\u2019\u00e9tendre \u00e0 l\u2019Alliance des \u00c9tats du Sahel (AES). Maintes fois annonc\u00e9e, la Force en attente de la\u00a0Cedeao\u00a0semble d\u00e9sormais passer une \u00e9tape suppl\u00e9mentaire vers l\u2019op\u00e9rationnalisation. &hellip;<\/p>\n","protected":false},"author":2,"featured_media":20751,"comment_status":"open","ping_status":"open","sticky":false,"template":"","format":"standard","meta":{"footnotes":""},"categories":[18,28],"tags":[],"class_list":["post-20750","post","type-post","status-publish","format-standard","has-post-thumbnail","hentry","category-actualites","category-sahel"],"_links":{"self":[{"href":"https:\/\/ladepeche.mr\/index.php?rest_route=\/wp\/v2\/posts\/20750","targetHints":{"allow":["GET"]}}],"collection":[{"href":"https:\/\/ladepeche.mr\/index.php?rest_route=\/wp\/v2\/posts"}],"about":[{"href":"https:\/\/ladepeche.mr\/index.php?rest_route=\/wp\/v2\/types\/post"}],"author":[{"embeddable":true,"href":"https:\/\/ladepeche.mr\/index.php?rest_route=\/wp\/v2\/users\/2"}],"replies":[{"embeddable":true,"href":"https:\/\/ladepeche.mr\/index.php?rest_route=%2Fwp%2Fv2%2Fcomments&post=20750"}],"version-history":[{"count":1,"href":"https:\/\/ladepeche.mr\/index.php?rest_route=\/wp\/v2\/posts\/20750\/revisions"}],"predecessor-version":[{"id":20752,"href":"https:\/\/ladepeche.mr\/index.php?rest_route=\/wp\/v2\/posts\/20750\/revisions\/20752"}],"wp:featuredmedia":[{"embeddable":true,"href":"https:\/\/ladepeche.mr\/index.php?rest_route=\/wp\/v2\/media\/20751"}],"wp:attachment":[{"href":"https:\/\/ladepeche.mr\/index.php?rest_route=%2Fwp%2Fv2%2Fmedia&parent=20750"}],"wp:term":[{"taxonomy":"category","embeddable":true,"href":"https:\/\/ladepeche.mr\/index.php?rest_route=%2Fwp%2Fv2%2Fcategories&post=20750"},{"taxonomy":"post_tag","embeddable":true,"href":"https:\/\/ladepeche.mr\/index.php?rest_route=%2Fwp%2Fv2%2Ftags&post=20750"}],"curies":[{"name":"wp","href":"https:\/\/api.w.org\/{rel}","templated":true}]}}