{"id":20762,"date":"2026-03-05T14:56:42","date_gmt":"2026-03-05T14:56:42","guid":{"rendered":"https:\/\/ladepeche.mr\/?p=20762"},"modified":"2026-03-05T14:56:42","modified_gmt":"2026-03-05T14:56:42","slug":"cooperation-hausse-des-exportations-du-betail-vers-la-cote-divoire","status":"publish","type":"post","link":"https:\/\/ladepeche.mr\/?p=20762","title":{"rendered":"Coop\u00e9ration: hausse des exportations du b\u00e9tail vers la C\u00f4te d&#8217;Ivoire"},"content":{"rendered":"<p>Le ministre mauritanien de l\u2019\u00c9levage, Sid\u2019Ahmed Ould Mohamed, et le ministre ivoirien des Ressources animales et halieutiques, Sidi Tiemoko Tour\u00e9, ont sign\u00e9 mercredi \u00e0 Nouakchott un protocole de coop\u00e9ration entre la Mauritanie et la C\u00f4te d\u2019Ivoire. La c\u00e9r\u00e9monie s\u2019est tenue au si\u00e8ge du minist\u00e8re mauritanien de l\u2019\u00c9levage.<\/p>\n<p>Cet accord vise \u00e0 consolider la collaboration entre les deux pays dans le domaine du d\u00e9veloppement de l\u2019\u00e9levage. Il pr\u00e9voit notamment l\u2019organisation et le renforcement des exportations de b\u00e9tail mauritanien vers le march\u00e9 ivoirien, afin de r\u00e9pondre \u00e0 la demande croissante en viande, particuli\u00e8rement \u00e0 l\u2019approche de la f\u00eate de A\u00efd al-Adha.<\/p>\n<p>Le protocole comprend \u00e9galement plusieurs axes de coop\u00e9ration, parmi lesquels la coordination dans le domaine de la sant\u00e9 animale, l\u2019harmonisation des proc\u00e9dures et des certificats v\u00e9t\u00e9rinaires, ainsi que l\u2019am\u00e9lioration des m\u00e9canismes li\u00e9s au financement et au transport du b\u00e9tail. Il encourage aussi les investissements dans la transformation de la viande et la valorisation des produits issus de l\u2019\u00e9levage.<\/p>\n<p>\u00c0 cette occasion, les deux parties ont r\u00e9affirm\u00e9 l\u2019engagement des dirigeants des deux pays, le pr\u00e9sident de la Mauritanie, Mohamed Ould Cheikh El Ghazouani, et le pr\u00e9sident de la C\u00f4te d\u2019Ivoire, Alassane Ouattara, \u00e0 renforcer les relations de coop\u00e9ration et de partenariat entre leurs nations, dans l\u2019int\u00e9r\u00eat mutuel et dans une perspective de consolidation de l\u2019int\u00e9gration \u00e9conomique r\u00e9gionale.<\/p>\n<p>La c\u00e9r\u00e9monie de signature s\u2019est d\u00e9roul\u00e9e en pr\u00e9sence du secr\u00e9taire g\u00e9n\u00e9ral du minist\u00e8re, Ahmed Ould Allal, ainsi que de l\u2019ambassadeur de la Mauritanie en C\u00f4te d\u2019Ivoire, Mohamed Abdallahi Ould Khatra, aux c\u00f4t\u00e9s des membres des d\u00e9l\u00e9gations des deux pays.<\/p>\n<p>(avec Ami)<\/p>\n","protected":false},"excerpt":{"rendered":"<p>Le ministre mauritanien de l\u2019\u00c9levage, Sid\u2019Ahmed Ould Mohamed, et le ministre ivoirien des Ressources animales et halieutiques, Sidi Tiemoko Tour\u00e9, ont sign\u00e9 mercredi \u00e0 Nouakchott un protocole de coop\u00e9ration entre la Mauritanie et la C\u00f4te d\u2019Ivoire. La c\u00e9r\u00e9monie s\u2019est tenue au si\u00e8ge du minist\u00e8re mauritanien de l\u2019\u00c9levage. Cet accord vise \u00e0 consolider la collaboration entre &hellip;<\/p>\n","protected":false},"author":2,"featured_media":5856,"comment_status":"open","ping_status":"open","sticky":false,"template":"","format":"standard","meta":{"footnotes":""},"categories":[18,2],"tags":[],"class_list":["post-20762","post","type-post","status-publish","format-standard","has-post-thumbnail","hentry","category-actualites","category-economie"],"_links":{"self":[{"href":"https:\/\/ladepeche.mr\/index.php?rest_route=\/wp\/v2\/posts\/20762","targetHints":{"allow":["GET"]}}],"collection":[{"href":"https:\/\/ladepeche.mr\/index.php?rest_route=\/wp\/v2\/posts"}],"about":[{"href":"https:\/\/ladepeche.mr\/index.php?rest_route=\/wp\/v2\/types\/post"}],"author":[{"embeddable":true,"href":"https:\/\/ladepeche.mr\/index.php?rest_route=\/wp\/v2\/users\/2"}],"replies":[{"embeddable":true,"href":"https:\/\/ladepeche.mr\/index.php?rest_route=%2Fwp%2Fv2%2Fcomments&post=20762"}],"version-history":[{"count":1,"href":"https:\/\/ladepeche.mr\/index.php?rest_route=\/wp\/v2\/posts\/20762\/revisions"}],"predecessor-version":[{"id":20763,"href":"https:\/\/ladepeche.mr\/index.php?rest_route=\/wp\/v2\/posts\/20762\/revisions\/20763"}],"wp:featuredmedia":[{"embeddable":true,"href":"https:\/\/ladepeche.mr\/index.php?rest_route=\/wp\/v2\/media\/5856"}],"wp:attachment":[{"href":"https:\/\/ladepeche.mr\/index.php?rest_route=%2Fwp%2Fv2%2Fmedia&parent=20762"}],"wp:term":[{"taxonomy":"category","embeddable":true,"href":"https:\/\/ladepeche.mr\/index.php?rest_route=%2Fwp%2Fv2%2Fcategories&post=20762"},{"taxonomy":"post_tag","embeddable":true,"href":"https:\/\/ladepeche.mr\/index.php?rest_route=%2Fwp%2Fv2%2Ftags&post=20762"}],"curies":[{"name":"wp","href":"https:\/\/api.w.org\/{rel}","templated":true}]}}