{"id":20764,"date":"2026-03-05T15:30:02","date_gmt":"2026-03-05T15:30:02","guid":{"rendered":"https:\/\/ladepeche.mr\/?p=20764"},"modified":"2026-03-05T15:30:02","modified_gmt":"2026-03-05T15:30:02","slug":"guerre-americano-israelienne-contre-liran-les-autorites-assurent-dun-approvisionnement-regulier-du-marche-national","status":"publish","type":"post","link":"https:\/\/ladepeche.mr\/?p=20764","title":{"rendered":"Guerre am\u00e9ricano-isra\u00e9lienne contre l\u2019Iran\u00a0: les autorit\u00e9s assurent d\u2019un approvisionnement r\u00e9gulier du march\u00e9 national"},"content":{"rendered":"<p>Les autorit\u00e9s mauritaniennes ont assur\u00e9 que toutes les dispositions sont prises pour garantir l\u2019approvisionnement r\u00e9gulier du march\u00e9 national en produits essentiels, dans un contexte international marqu\u00e9 par de fortes tensions et des perturbations potentielles des march\u00e9s mondiaux.<\/p>\n<p>Le porte-parole du gouvernement avait d\u2019abord plant\u00e9 le d\u00e9cor en \u00e9voquant la situation du stock strat\u00e9gique national, soulignant la vigilance des autorit\u00e9s face aux \u00e9volutions de la conjoncture internationale.<\/p>\n<p>Lui embo\u00eetant le pas, le ministre de l\u2019\u00c9conomie a indiqu\u00e9 que le Pr\u00e9sident de la R\u00e9publique, Mohamed Ould Cheikh El Ghazouani, a donn\u00e9 des instructions afin que toutes les mesures n\u00e9cessaires soient prises pour assurer un approvisionnement permanent du march\u00e9 national.<\/p>\n<p>Il a annonc\u00e9 qu\u2019\u00e0 l\u2019issue du Conseil des ministres, un comit\u00e9 interminist\u00e9riel s\u2019est r\u00e9uni sous la pr\u00e9sidence du Premier ministre, El Moctar Ould Djay, en pr\u00e9sence de hauts responsables de l\u2019\u00c9tat et de repr\u00e9sentants du patronat. Au cours de cette r\u00e9union, le Premier ministre a demand\u00e9 une \u00e9valuation pr\u00e9cise des stocks disponibles, tant pour les produits alimentaires que pour l\u2019\u00e9nergie.<\/p>\n<p>Selon le ministre de l\u2019\u00c9conomie, les quantit\u00e9s actuellement disponibles sont jug\u00e9es suffisantes et devraient continuer \u00e0 \u00eatre mises sur le march\u00e9 \u00e0 des prix accessibles pour les consommateurs.<\/p>\n<p>Dans le m\u00eame sens, le ministre de l\u2019\u00c9nergie a assur\u00e9 que l\u2019ensemble des produits p\u00e9troliers est disponible sur le territoire national, avec un niveau de stock jug\u00e9 confortable. Il a pr\u00e9cis\u00e9 que les capacit\u00e9s de stockage comprennent notamment 60 000 m\u00b3 \u00e0 Nouakchott, qui seront renforc\u00e9s par 23 000 m\u00b3 \u00e0 Nouadhibou. Il a \u00e9galement annonc\u00e9 qu\u2019\u00e0 l\u2019horizon de la fin de l\u2019ann\u00e9e, les capacit\u00e9s de stockage de Nouakchott devraient augmenter de 100 000 m\u00b3 suppl\u00e9mentaires.<\/p>\n<p>Interrog\u00e9 sur la hausse des prix du carburant, le ministre a expliqu\u00e9 que ce processus a \u00e9t\u00e9 engag\u00e9 depuis janvier. Il a toutefois pr\u00e9cis\u00e9 que l\u2019\u00c9tat encadre cette augmentation, qui ne peut d\u00e9passer 5 %. Il a par ailleurs soulign\u00e9 que la Mauritanie continue de subventionner les hydrocarbures, alors que le prix du baril se situe autour de 88 dollars sur le march\u00e9 international.<\/p>\n<p>Concernant le stock strat\u00e9gique alimentaire, la ministre du Commerce a \u00e9galement tenu \u00e0 rassurer les citoyens en d\u00e9taillant les quantit\u00e9s disponibles de produits de base. Elle a indiqu\u00e9 qu\u2019en janvier, le stock de sucre s\u2019\u00e9levait \u00e0 71 331 tonnes, auquel se sont ajout\u00e9es 27 594 tonnes suppl\u00e9mentaires, ainsi que 25 075 tonnes, 29 000 tonnes et 31 101 tonnes actuellement au port de Nouakchott.<\/p>\n<p>Pour le bl\u00e9, 37 700 tonnes ont \u00e9t\u00e9 r\u00e9ceptionn\u00e9es en janvier et 140 312 tonnes en f\u00e9vrier, tandis que 39 791 tonnes, 35 503 tonnes et 23 029 tonnes sont actuellement \u00e0 bord de navires au port en attente de d\u00e9chargement. S\u2019agissant de l\u2019huile, 82 000 tonnes sont disponibles depuis janvier et 123 000 tonnes suppl\u00e9mentaires ont \u00e9t\u00e9 r\u00e9ceptionn\u00e9es en f\u00e9vrier.<\/p>\n<p>La ministre a enfin indiqu\u00e9 qu\u2019un m\u00e9canisme de suivi a \u00e9t\u00e9 mis en place, comprenant plusieurs comit\u00e9s charg\u00e9s de veiller \u00e0 l\u2019approvisionnement du march\u00e9, de contr\u00f4ler les prix, de v\u00e9rifier r\u00e9guli\u00e8rement les niveaux de stock et d\u2019assurer une veille permanente sur l\u2019\u00e9volution de la situation internationale.<\/p>\n<p>A noter que le monde entier fait face aujourd\u2019hui \u00e0 d\u2019importants bouleversements depuis le d\u00e9clenchement de la guerre men\u00e9e contre l\u2019Iran par Isra\u00ebl et les Etats-Unis.<\/p>\n<p>(avec Ami)<\/p>\n","protected":false},"excerpt":{"rendered":"<p>Les autorit\u00e9s mauritaniennes ont assur\u00e9 que toutes les dispositions sont prises pour garantir l\u2019approvisionnement r\u00e9gulier du march\u00e9 national en produits essentiels, dans un contexte international marqu\u00e9 par de fortes tensions et des perturbations potentielles des march\u00e9s mondiaux. Le porte-parole du gouvernement avait d\u2019abord plant\u00e9 le d\u00e9cor en \u00e9voquant la situation du stock strat\u00e9gique national, soulignant &hellip;<\/p>\n","protected":false},"author":2,"featured_media":20765,"comment_status":"open","ping_status":"open","sticky":false,"template":"","format":"standard","meta":{"footnotes":""},"categories":[18,2],"tags":[],"class_list":["post-20764","post","type-post","status-publish","format-standard","has-post-thumbnail","hentry","category-actualites","category-economie"],"_links":{"self":[{"href":"https:\/\/ladepeche.mr\/index.php?rest_route=\/wp\/v2\/posts\/20764","targetHints":{"allow":["GET"]}}],"collection":[{"href":"https:\/\/ladepeche.mr\/index.php?rest_route=\/wp\/v2\/posts"}],"about":[{"href":"https:\/\/ladepeche.mr\/index.php?rest_route=\/wp\/v2\/types\/post"}],"author":[{"embeddable":true,"href":"https:\/\/ladepeche.mr\/index.php?rest_route=\/wp\/v2\/users\/2"}],"replies":[{"embeddable":true,"href":"https:\/\/ladepeche.mr\/index.php?rest_route=%2Fwp%2Fv2%2Fcomments&post=20764"}],"version-history":[{"count":1,"href":"https:\/\/ladepeche.mr\/index.php?rest_route=\/wp\/v2\/posts\/20764\/revisions"}],"predecessor-version":[{"id":20766,"href":"https:\/\/ladepeche.mr\/index.php?rest_route=\/wp\/v2\/posts\/20764\/revisions\/20766"}],"wp:featuredmedia":[{"embeddable":true,"href":"https:\/\/ladepeche.mr\/index.php?rest_route=\/wp\/v2\/media\/20765"}],"wp:attachment":[{"href":"https:\/\/ladepeche.mr\/index.php?rest_route=%2Fwp%2Fv2%2Fmedia&parent=20764"}],"wp:term":[{"taxonomy":"category","embeddable":true,"href":"https:\/\/ladepeche.mr\/index.php?rest_route=%2Fwp%2Fv2%2Fcategories&post=20764"},{"taxonomy":"post_tag","embeddable":true,"href":"https:\/\/ladepeche.mr\/index.php?rest_route=%2Fwp%2Fv2%2Ftags&post=20764"}],"curies":[{"name":"wp","href":"https:\/\/api.w.org\/{rel}","templated":true}]}}