{"id":20767,"date":"2026-03-05T15:34:09","date_gmt":"2026-03-05T15:34:09","guid":{"rendered":"https:\/\/ladepeche.mr\/?p=20767"},"modified":"2026-03-05T15:34:09","modified_gmt":"2026-03-05T15:34:09","slug":"lue-prete-a-defendre-lespagne-face-aux-menaces-commerciales-de-donald-trump","status":"publish","type":"post","link":"https:\/\/ladepeche.mr\/?p=20767","title":{"rendered":"L\u2019UE pr\u00eate \u00e0 d\u00e9fendre l\u2019Espagne face aux menaces commerciales de Donald Trump"},"content":{"rendered":"<p data-t=\"{&quot;n&quot;:&quot;blueLinks&quot;,&quot;t&quot;:13,&quot;a&quot;:&quot;click&quot;,&quot;b&quot;:76}\"><strong>L\u2019Union europ\u00e9enne a affirm\u00e9 mercredi \u00eatre \u00ab pr\u00eate \u00e0 r\u00e9agir \u00bb pour d\u00e9fendre ses int\u00e9r\u00eats et ceux de ses \u00c9tats membres, apr\u00e8s les menaces commerciales brandies par le pr\u00e9sident am\u00e9ricain Donald Trump \u00e0 l\u2019encontre de l\u2019Espagne.<\/strong><\/p>\n<p data-t=\"{&quot;n&quot;:&quot;blueLinks&quot;,&quot;t&quot;:13,&quot;a&quot;:&quot;click&quot;,&quot;b&quot;:76}\">La r\u00e9action de Bruxelles intervient au lendemain des d\u00e9clarations du dirigeant am\u00e9ricain, qui a \u00e9voqu\u00e9 la possibilit\u00e9 de mettre fin aux relations commerciales avec Madrid. Cette menace fait suite au refus du gouvernement espagnol d\u2019autoriser les \u00c9tats-Unis \u00e0 utiliser deux bases militaires situ\u00e9es en Andalousie dans le cadre de l\u2019offensive men\u00e9e contre l\u2019Iran.<\/p>\n<p data-t=\"{&quot;n&quot;:&quot;blueLinks&quot;,&quot;t&quot;:13,&quot;a&quot;:&quot;click&quot;,&quot;b&quot;:76}\">Face \u00e0 cette pression, la Commission europ\u00e9enne a tenu \u00e0 rappeler l\u2019unit\u00e9 du bloc europ\u00e9en. Un porte-parole de l\u2019institution a assur\u00e9 que l\u2019UE \u00ab veillera \u00e0 ce que les int\u00e9r\u00eats de l\u2019Union europ\u00e9enne soient pleinement prot\u00e9g\u00e9s \u00bb.<\/p>\n<p data-t=\"{&quot;n&quot;:&quot;blueLinks&quot;,&quot;t&quot;:13,&quot;a&quot;:&quot;click&quot;,&quot;b&quot;:76}\"><em>\u00ab Nous sommes solidaires de tous les \u00c9tats membres et de leurs citoyens et sommes pr\u00eats \u00e0 r\u00e9agir si n\u00e9cessaire, \u00e0 travers notre politique commerciale commune, afin de d\u00e9fendre les int\u00e9r\u00eats de l\u2019UE<\/em>\u00a0\u00bb, a-t-il pr\u00e9cis\u00e9.<\/p>\n<p class=\"continue-read-break\" data-t=\"{&quot;n&quot;:&quot;blueLinks&quot;,&quot;t&quot;:13,&quot;a&quot;:&quot;click&quot;,&quot;b&quot;:76}\">Cette d\u00e9claration souligne la volont\u00e9 de Bruxelles de ne pas laisser un \u00c9tat membre faire face seul \u00e0 des mesures de r\u00e9torsion commerciale de la part de Washington.<\/p>\n<p data-t=\"{&quot;n&quot;:&quot;blueLinks&quot;,&quot;t&quot;:13,&quot;a&quot;:&quot;click&quot;,&quot;b&quot;:76}\">La Commission europ\u00e9enne a \u00e9galement rappel\u00e9 que les deux puissances \u00e9conomiques avaient conclu l\u2019an dernier un accord commercial majeur. Dans ce contexte, Bruxelles attend des \u00c9tats-Unis qu\u2019ils \u00ab respectent pleinement leurs engagements \u00bb.<\/p>\n<p data-t=\"{&quot;n&quot;:&quot;blueLinks&quot;,&quot;t&quot;:13,&quot;a&quot;:&quot;click&quot;,&quot;b&quot;:76}\">Tout en adoptant un ton ferme, l\u2019UE a toutefois r\u00e9affirm\u00e9 son attachement \u00e0 la stabilit\u00e9 des relations \u00e9conomiques transatlantiques. L\u2019objectif reste de maintenir des \u00e9change<em>s \u00ab stables, pr\u00e9visibles et mutuellement b\u00e9n\u00e9fiques \u00bb<\/em>\u00a0entre les deux partenaires.<\/p>\n<h3 class=\"article-sub-heading\">Un nouvel \u00e9pisode de tensions transatlantiques<\/h3>\n<p data-t=\"{&quot;n&quot;:&quot;blueLinks&quot;,&quot;t&quot;:13,&quot;a&quot;:&quot;click&quot;,&quot;b&quot;:76}\">Les propos de Donald Trump s\u2019inscrivent dans un contexte international particuli\u00e8rement tendu, marqu\u00e9 par l\u2019escalade militaire au Moyen-Orient. Le refus de Madrid d\u2019impliquer ses bases militaires dans l\u2019op\u00e9ration am\u00e9ricaine contre l\u2019Iran a raviv\u00e9 les frictions entre Washington et certains alli\u00e9s europ\u00e9ens.<\/p>\n<p data-t=\"{&quot;n&quot;:&quot;blueLinks&quot;,&quot;t&quot;:13,&quot;a&quot;:&quot;click&quot;,&quot;b&quot;:76}\">Si aucune mesure concr\u00e8te n\u2019a pour l\u2019instant \u00e9t\u00e9 annonc\u00e9e, la menace d\u2019un conflit commercial entre les \u00c9tats-Unis et l\u2019Espagne pourrait avoir des r\u00e9percussions bien au-del\u00e0 de la p\u00e9ninsule ib\u00e9rique, touchant potentiellement l\u2019ensemble du march\u00e9 europ\u00e9en.<\/p>\n<p data-t=\"{&quot;n&quot;:&quot;blueLinks&quot;,&quot;t&quot;:13,&quot;a&quot;:&quot;click&quot;,&quot;b&quot;:76}\">Pour l\u2019heure, Bruxelles se veut vigilante et pr\u00e9vient qu\u2019elle n\u2019h\u00e9sitera pas \u00e0 utiliser les instruments de sa politique commerciale si les int\u00e9r\u00eats europ\u00e9ens venaient \u00e0 \u00eatre menac\u00e9s.<\/p>\n<p data-t=\"{&quot;n&quot;:&quot;blueLinks&quot;,&quot;t&quot;:13,&quot;a&quot;:&quot;click&quot;,&quot;b&quot;:76}\">The post\u00a0<a href=\"https:\/\/fr.hespress.com\/464660-lue-prete-a-defendre-lespagne-face-aux-menaces-commerciales-de-donald-trump.html\" target=\"_blank\" rel=\"noopener\" data-t=\"{&quot;n&quot;:&quot;destination&quot;,&quot;t&quot;:13,&quot;a&quot;:&quot;click&quot;,&quot;b&quot;:1,&quot;c.t&quot;:7}\">L\u2019UE pr\u00eate \u00e0 d\u00e9fendre l\u2019Espagne face aux menaces commerciales de Donald Trump<\/a>\u00a0appeared first on\u00a0<a href=\"https:\/\/fr.hespress.com\/\" target=\"_blank\" rel=\"noopener\" data-t=\"{&quot;n&quot;:&quot;destination&quot;,&quot;t&quot;:13,&quot;a&quot;:&quot;click&quot;,&quot;b&quot;:1,&quot;c.t&quot;:7}\">Hespress Fran\u00e7ais &#8211; Actualit\u00e9s du Maroc<\/a>.<\/p>\n","protected":false},"excerpt":{"rendered":"<p>L\u2019Union europ\u00e9enne a affirm\u00e9 mercredi \u00eatre \u00ab pr\u00eate \u00e0 r\u00e9agir \u00bb pour d\u00e9fendre ses int\u00e9r\u00eats et ceux de ses \u00c9tats membres, apr\u00e8s les menaces commerciales brandies par le pr\u00e9sident am\u00e9ricain Donald Trump \u00e0 l\u2019encontre de l\u2019Espagne. La r\u00e9action de Bruxelles intervient au lendemain des d\u00e9clarations du dirigeant am\u00e9ricain, qui a \u00e9voqu\u00e9 la possibilit\u00e9 de mettre &hellip;<\/p>\n","protected":false},"author":2,"featured_media":20768,"comment_status":"open","ping_status":"open","sticky":false,"template":"","format":"standard","meta":{"footnotes":""},"categories":[18,29],"tags":[],"class_list":["post-20767","post","type-post","status-publish","format-standard","has-post-thumbnail","hentry","category-actualites","category-monde"],"_links":{"self":[{"href":"https:\/\/ladepeche.mr\/index.php?rest_route=\/wp\/v2\/posts\/20767","targetHints":{"allow":["GET"]}}],"collection":[{"href":"https:\/\/ladepeche.mr\/index.php?rest_route=\/wp\/v2\/posts"}],"about":[{"href":"https:\/\/ladepeche.mr\/index.php?rest_route=\/wp\/v2\/types\/post"}],"author":[{"embeddable":true,"href":"https:\/\/ladepeche.mr\/index.php?rest_route=\/wp\/v2\/users\/2"}],"replies":[{"embeddable":true,"href":"https:\/\/ladepeche.mr\/index.php?rest_route=%2Fwp%2Fv2%2Fcomments&post=20767"}],"version-history":[{"count":1,"href":"https:\/\/ladepeche.mr\/index.php?rest_route=\/wp\/v2\/posts\/20767\/revisions"}],"predecessor-version":[{"id":20769,"href":"https:\/\/ladepeche.mr\/index.php?rest_route=\/wp\/v2\/posts\/20767\/revisions\/20769"}],"wp:featuredmedia":[{"embeddable":true,"href":"https:\/\/ladepeche.mr\/index.php?rest_route=\/wp\/v2\/media\/20768"}],"wp:attachment":[{"href":"https:\/\/ladepeche.mr\/index.php?rest_route=%2Fwp%2Fv2%2Fmedia&parent=20767"}],"wp:term":[{"taxonomy":"category","embeddable":true,"href":"https:\/\/ladepeche.mr\/index.php?rest_route=%2Fwp%2Fv2%2Fcategories&post=20767"},{"taxonomy":"post_tag","embeddable":true,"href":"https:\/\/ladepeche.mr\/index.php?rest_route=%2Fwp%2Fv2%2Ftags&post=20767"}],"curies":[{"name":"wp","href":"https:\/\/api.w.org\/{rel}","templated":true}]}}