{"id":20770,"date":"2026-03-05T15:42:58","date_gmt":"2026-03-05T15:42:58","guid":{"rendered":"https:\/\/ladepeche.mr\/?p=20770"},"modified":"2026-03-05T15:42:58","modified_gmt":"2026-03-05T15:42:58","slug":"mettre-fin-a-limpunite-disrael-le-groupe-de-la-haye-reunit-35-pays-pour-agir-concretement","status":"publish","type":"post","link":"https:\/\/ladepeche.mr\/?p=20770","title":{"rendered":"Mettre fin \u00e0 l\u2019impunit\u00e9 d\u2019Isra\u00ebl : le groupe de La Haye r\u00e9unit 35 pays pour agir concr\u00e8tement"},"content":{"rendered":"<p>L\u2019Afrique du Sud et la Colombie, copr\u00e9sidentes du\u00a0<a href=\"https:\/\/thehaguegroup.org\/home-fr\/\">Groupe de La Haye<\/a>, ont convoqu\u00e9 une r\u00e9union d\u2019urgence sur la situation en Palestine \u00e0 La Haye le 4 mars 2026. \u00c0 ce jour, 35 \u00c9tats d\u2019Am\u00e9rique latine, d\u2019Afrique, d\u2019Asie et d\u2019Europe ont confirm\u00e9 leur participation. Par ailleurs, un Congr\u00e8s des peuples organis\u00e9 par la soci\u00e9t\u00e9 civile se tiendra le 7 mars \u00e0 Amsterdam en pr\u00e9sence de nombreuses personnalit\u00e9s.<\/p>\n<p>Cr\u00e9\u00e9 en janvier 2025 durant le g\u00e9nocide \u00e0 Gaza pour coordonner des actions gouvernementales concr\u00e8tes visant \u00e0 mettre la pression \u00e9conomique et politique sur Isra\u00ebl, le groupe de La Haye convoque une r\u00e9union d\u2019urgence le 4 mars dans la ville h\u00f4te des institutions de droit international : \u00ab\u00a0<em>Alors qu\u2019Isra\u00ebl \u00e9tend unilat\u00e9ralement sa pr\u00e9sence ill\u00e9gale en Cisjordanie occup\u00e9e \u00e0 travers des mesures largement condamn\u00e9es comme une annexion de facto et restreint encore une fois s\u00e9v\u00e8rement l\u2019entr\u00e9e de l\u2019aide humanitaire \u00e0 Gaza [\u2026] l\u2019Afrique du Sud et la Colombie, en tant que copr\u00e9sidentes du Groupe de La Haye, r\u00e9uniront des gouvernements du monde entier \u00e0 La Haye le 4 mars 2026 afin de promouvoir une action \u00e9tatique coordonn\u00e9e et concr\u00e8te pour mettre fin \u00e0 l\u2019impunit\u00e9, r\u00e9duire la complicit\u00e9 et faire respecter le droit international.<\/em>\u00a0\u00bb<\/p>\n<p>Pas moins de 35 pays ont confirm\u00e9 leur pr\u00e9sence \u00e0 cette r\u00e9union, parmi lesquels la Chine, le Br\u00e9sil, le Chili, Cuba, l\u2019Uruguay, l\u2019Espagne, la Suisse, la Su\u00e8de, le Danemark, la Norv\u00e8ge, l\u2019Egypte, la Malaisie, l\u2019Indon\u00e9sie, le Qatar, l\u2019Arabie Saoudite, l\u2019Alg\u00e9rie ou encore la Tunisie. La r\u00e9union se d\u00e9roulera en pr\u00e9sence des ambassadeurs de ces \u00c9tats \u00e0 la Haye mais aussi aupr\u00e8s de la Cour internationale de justice (CIJ) et de la Cour p\u00e9nale internationale (CPI). La rapporteure sp\u00e9ciale de l\u2019ONU sur les territoires palestiniens a \u00e9galement annonc\u00e9 sa pr\u00e9sence \u00e0 la r\u00e9union. \u00ab\u00a0<em>L\u2019heure est venue d\u2019un multilat\u00e9ralisme d\u00e9colonis\u00e9, fond\u00e9 sur des droits et des obligations universels, appliqu\u00e9 avec int\u00e9grit\u00e9 et exempt de deux poids, deux mesures. Puissent les \u00c9tats europ\u00e9ens et arabes se joindre \u00e0 cet effort indispensable<\/em>\u00a0\u00bb, a \u00e9crit Francesca Albanese sur son\u00a0<a href=\"https:\/\/x.com\/FranceskAlbs\/status\/2028483750825275850\">compte X<\/a>.<\/p>\n<h2 class=\"wp-block-heading\">Une alternative au\u00a0<em>Board of peace<\/em>\u00a0colonial de Trump ?<\/h2>\n<p>&nbsp;<\/p>\n<p>Le groupe de La Haye se pr\u00e9sente comme une plateforme de coordination d\u2019action des \u00c9tats, r\u00e9unissant des gouvernements attach\u00e9s \u00e0 la d\u00e9fense du droit international ; une sorte d\u2019alternative au \u00ab Conseil de la paix \u00bb de Donald Trump vu comme une offensive n\u00e9ocoloniale du pr\u00e9sident des \u00c9tats-Unis pour miner et saper l\u2019autorit\u00e9 du droit international et des Nations Unies. Il est int\u00e9ressant de noter que certains des pays pr\u00e9sents lors des r\u00e9unions du groupe de la Haye sont \u00e9galement membres du Conseil de la Paix de Donald Trump comme le Qatar, l\u2019Arabie Saoudite, l\u2019Egypte ou l\u2019Indon\u00e9sie. Dans les couloirs de la diplomatie internationale, on appelle cela\u00a0<em>multi-track diplomacy<\/em>, une strat\u00e9gie \u00e0 plusieurs voies visant \u00e0 ne pas mettre tous ses \u0153ufs dans le m\u00eame panier et qui d\u00e9montre l\u2019h\u00e9sitation de ces pays \u00e0 se ranger corps et \u00e2me derri\u00e8re Washington et Isra\u00ebl, en explorant diff\u00e9rentes strat\u00e9gies diplomatiques sans compromettre l\u2019une ou l\u2019autre.<\/p>\n<p>La r\u00e9union du 4 mars est la quatri\u00e8me grande rencontre organis\u00e9e par le Groupe de la Haye qui a d\u00e9j\u00e0 coordonn\u00e9 trois conf\u00e9rences majeures \u00e0 La Haye, Bogota et New York durant l\u2019ann\u00e9e 2025. Son but : \u00ab<em>\u00a0passer des paroles aux actes et pr\u00e9server l\u2019int\u00e9grit\u00e9 du syst\u00e8me juridique international<\/em>\u00a0\u00bb. Plusieurs gouvernements participants ont depuis commenc\u00e9 \u00e0 appliquer leurs obligations l\u00e9gales au niveau national. Le groupe liste les mesures suivantes : interdiction des exportations militaires et \u00e0 double usage vers Isra\u00ebl, refus des transferts d\u2019armes isra\u00e9liennes dans les ports, interdiction des navires transportant des armes vers Isra\u00ebl sous pavillon national, r\u00e9vision des contrats publics afin d\u2019emp\u00eacher les institutions et fonds publics de soutenir l\u2019occupation ill\u00e9gale d\u2019Isra\u00ebl, poursuite en justice pour les crimes internationaux et soutien \u00e0 la comp\u00e9tence universelle pour que les auteurs de ces crimes soient tenus responsables.<\/p>\n<p>La r\u00e9union du 4 mars 2026 portera sur l\u2019\u00e9valuation de la mise en \u0153uvre de ces mesures annonc\u00e9es et \u00e9tudiera des propositions visant \u00e0 \u00ab<em>renforcer les m\u00e9canismes transnationaux de r\u00e9pression n\u00e9cessaires pour s\u2019attaquer aux facteurs mat\u00e9riels qui facilitent le g\u00e9nocide et les crimes de guerre\u00a0<\/em>\u00bb.<\/p>\n<p>Parall\u00e8lement \u00e0 cette r\u00e9union, un \u00e9v\u00e8nement se tiendra \u00e0 Amsterdam le 7 mars \u00e0 l\u2019initiative d\u2019organisations de d\u00e9fense du peuple palestinien issues de la soci\u00e9t\u00e9 civile internationale. Intitul\u00e9\u00a0<a href=\"https:\/\/www.instagram.com\/p\/DVJrvkRDCs2\/?img_index=1\">La Nakba n\u2019a jamais pris fin \u2013 Congr\u00e8s des peuples en soutien au Groupe de La Haye<\/a>, il r\u00e9unira des personnalit\u00e9s comme la militante \u00e9cologiste Greta Thunberg, Francesca Albanese ou l\u2019ancien chef du Parti travailliste britannique, le d\u00e9put\u00e9 Jeremy Corbyn.<\/p>\n<p><a href=\"https:\/\/agencemediapalestine.fr\/blog\/2026\/03\/03\/mettre-fin-a-limpunite-disrael-le-groupe-de-la-haye-reunit-35-pays-pour-agir-concretement\/?utm_source=newsletter&amp;utm_medium=email&amp;utm_campaign=mettre_fin_a_l_impunite_d_israel_le_groupe_de_la_haye_reunit_35_pays_pour_agir_concretement&amp;utm_term=2026-03-03\">Mettre fin \u00e0 l\u2019impunit\u00e9 d\u2019Isra\u00ebl : le groupe de La Haye r\u00e9unit 35 pays pour agir concr\u00e8tement &#8211; Agence Media Palestine<\/a><\/p>\n","protected":false},"excerpt":{"rendered":"<p>L\u2019Afrique du Sud et la Colombie, copr\u00e9sidentes du\u00a0Groupe de La Haye, ont convoqu\u00e9 une r\u00e9union d\u2019urgence sur la situation en Palestine \u00e0 La Haye le 4 mars 2026. \u00c0 ce jour, 35 \u00c9tats d\u2019Am\u00e9rique latine, d\u2019Afrique, d\u2019Asie et d\u2019Europe ont confirm\u00e9 leur participation. Par ailleurs, un Congr\u00e8s des peuples organis\u00e9 par la soci\u00e9t\u00e9 civile se &hellip;<\/p>\n","protected":false},"author":2,"featured_media":20771,"comment_status":"open","ping_status":"open","sticky":false,"template":"","format":"standard","meta":{"footnotes":""},"categories":[18,29],"tags":[],"class_list":["post-20770","post","type-post","status-publish","format-standard","has-post-thumbnail","hentry","category-actualites","category-monde"],"_links":{"self":[{"href":"https:\/\/ladepeche.mr\/index.php?rest_route=\/wp\/v2\/posts\/20770","targetHints":{"allow":["GET"]}}],"collection":[{"href":"https:\/\/ladepeche.mr\/index.php?rest_route=\/wp\/v2\/posts"}],"about":[{"href":"https:\/\/ladepeche.mr\/index.php?rest_route=\/wp\/v2\/types\/post"}],"author":[{"embeddable":true,"href":"https:\/\/ladepeche.mr\/index.php?rest_route=\/wp\/v2\/users\/2"}],"replies":[{"embeddable":true,"href":"https:\/\/ladepeche.mr\/index.php?rest_route=%2Fwp%2Fv2%2Fcomments&post=20770"}],"version-history":[{"count":1,"href":"https:\/\/ladepeche.mr\/index.php?rest_route=\/wp\/v2\/posts\/20770\/revisions"}],"predecessor-version":[{"id":20772,"href":"https:\/\/ladepeche.mr\/index.php?rest_route=\/wp\/v2\/posts\/20770\/revisions\/20772"}],"wp:featuredmedia":[{"embeddable":true,"href":"https:\/\/ladepeche.mr\/index.php?rest_route=\/wp\/v2\/media\/20771"}],"wp:attachment":[{"href":"https:\/\/ladepeche.mr\/index.php?rest_route=%2Fwp%2Fv2%2Fmedia&parent=20770"}],"wp:term":[{"taxonomy":"category","embeddable":true,"href":"https:\/\/ladepeche.mr\/index.php?rest_route=%2Fwp%2Fv2%2Fcategories&post=20770"},{"taxonomy":"post_tag","embeddable":true,"href":"https:\/\/ladepeche.mr\/index.php?rest_route=%2Fwp%2Fv2%2Ftags&post=20770"}],"curies":[{"name":"wp","href":"https:\/\/api.w.org\/{rel}","templated":true}]}}