{"id":20781,"date":"2026-03-06T16:18:55","date_gmt":"2026-03-06T16:18:55","guid":{"rendered":"https:\/\/ladepeche.mr\/?p=20781"},"modified":"2026-03-06T16:18:55","modified_gmt":"2026-03-06T16:18:55","slug":"la-mauritanie-appelle-les-membres-de-la-communaute-residant-dans-la-region-du-golfe-arabe-et-du-moyen-orient-a-faire-preuve-de-la-plus-grande-prudence","status":"publish","type":"post","link":"https:\/\/ladepeche.mr\/?p=20781","title":{"rendered":"La Mauritanie appelle les membres de la communaut\u00e9 r\u00e9sidant dans la r\u00e9gion du Golfe arabe et du Moyen-Orient \u00e0 faire preuve de la plus grande prudence"},"content":{"rendered":"<p>Le minist\u00e8re des Affaires \u00e9trang\u00e8res, de la Coop\u00e9ration africaine et des Mauritaniens de l\u2019rct\u00e9rieur a appel\u00e9 les membres de la communaut\u00e9 mauritanienne r\u00e9sidant dans la r\u00e9gion du Golfe arabe et du Moyen-Orient \u00e0 faire preuve de la plus grande prudence, suite \u00e0 l\u2019escalade que conna\u00eet la r\u00e9gion.<\/p>\n<p>Le minist\u00e8re a expliqu\u00e9, dans un communiqu\u00e9 publi\u00e9 ce jeudi, dont l\u2019Agence Mauritanienne d\u2019Information a re\u00e7u une copie, que ce suivi intervient sur hautes instructions de Son Excellence le Pr\u00e9sident de la R\u00e9publique, Monsieur Mohamed Ould Cheikh El Ghazouani, le minist\u00e8re suivant de pr\u00e8s les conditions et la situation des communaut\u00e9s mauritaniennes r\u00e9sidant dans cette r\u00e9gion.<\/p>\n<p>Le minist\u00e8re a exhort\u00e9 les citoyens mauritaniens des pays concern\u00e9s \u00e0 respecter les instructions des autorit\u00e9s comp\u00e9tentes des pays h\u00f4tes et \u00e0 contacter, si n\u00e9cessaire, les missions diplomatiques et consulaires mauritaniennes dans ces pays, indiquant qu\u2019une liste de num\u00e9ros de contact est jointe au communiqu\u00e9.<\/p>\n<p>Le minist\u00e8re a annonc\u00e9 la cr\u00e9ation d\u2019une cellule de crise au niveau du d\u00e9partement, pour suivre de mani\u00e8re continue la situation des communaut\u00e9s mauritaniennes dans la r\u00e9gion, en coordination avec les missions diplomatiques et consulaires, afin d\u2019assurer une r\u00e9ponse rapide aux pr\u00e9occupations des citoyens.<\/p>\n<p>Il a affirm\u00e9 que ses missions diplomatiques et consulaires sont en permanence mobilis\u00e9es pour apporter diverses formes de soutien et d\u2019assistance aux ressortissants mauritaniens \u00e0 l\u2019\u00e9tranger.<\/p>\n<p>Le minist\u00e8re a \u00e9galement annonc\u00e9 la mise \u00e0 disposition d\u2019un num\u00e9ro vert pour les citoyens mauritaniens dans les pays concern\u00e9s: 80001717.<\/p>\n<p>Ami<\/p>\n","protected":false},"excerpt":{"rendered":"<p>Le minist\u00e8re des Affaires \u00e9trang\u00e8res, de la Coop\u00e9ration africaine et des Mauritaniens de l\u2019rct\u00e9rieur a appel\u00e9 les membres de la communaut\u00e9 mauritanienne r\u00e9sidant dans la r\u00e9gion du Golfe arabe et du Moyen-Orient \u00e0 faire preuve de la plus grande prudence, suite \u00e0 l\u2019escalade que conna\u00eet la r\u00e9gion. Le minist\u00e8re a expliqu\u00e9, dans un communiqu\u00e9 publi\u00e9 &hellip;<\/p>\n","protected":false},"author":2,"featured_media":12224,"comment_status":"open","ping_status":"open","sticky":false,"template":"","format":"standard","meta":{"footnotes":""},"categories":[18,29],"tags":[],"class_list":["post-20781","post","type-post","status-publish","format-standard","has-post-thumbnail","hentry","category-actualites","category-monde"],"_links":{"self":[{"href":"https:\/\/ladepeche.mr\/index.php?rest_route=\/wp\/v2\/posts\/20781","targetHints":{"allow":["GET"]}}],"collection":[{"href":"https:\/\/ladepeche.mr\/index.php?rest_route=\/wp\/v2\/posts"}],"about":[{"href":"https:\/\/ladepeche.mr\/index.php?rest_route=\/wp\/v2\/types\/post"}],"author":[{"embeddable":true,"href":"https:\/\/ladepeche.mr\/index.php?rest_route=\/wp\/v2\/users\/2"}],"replies":[{"embeddable":true,"href":"https:\/\/ladepeche.mr\/index.php?rest_route=%2Fwp%2Fv2%2Fcomments&post=20781"}],"version-history":[{"count":1,"href":"https:\/\/ladepeche.mr\/index.php?rest_route=\/wp\/v2\/posts\/20781\/revisions"}],"predecessor-version":[{"id":20782,"href":"https:\/\/ladepeche.mr\/index.php?rest_route=\/wp\/v2\/posts\/20781\/revisions\/20782"}],"wp:featuredmedia":[{"embeddable":true,"href":"https:\/\/ladepeche.mr\/index.php?rest_route=\/wp\/v2\/media\/12224"}],"wp:attachment":[{"href":"https:\/\/ladepeche.mr\/index.php?rest_route=%2Fwp%2Fv2%2Fmedia&parent=20781"}],"wp:term":[{"taxonomy":"category","embeddable":true,"href":"https:\/\/ladepeche.mr\/index.php?rest_route=%2Fwp%2Fv2%2Fcategories&post=20781"},{"taxonomy":"post_tag","embeddable":true,"href":"https:\/\/ladepeche.mr\/index.php?rest_route=%2Fwp%2Fv2%2Ftags&post=20781"}],"curies":[{"name":"wp","href":"https:\/\/api.w.org\/{rel}","templated":true}]}}