{"id":20787,"date":"2026-03-06T16:56:37","date_gmt":"2026-03-06T16:56:37","guid":{"rendered":"https:\/\/ladepeche.mr\/?p=20787"},"modified":"2026-03-07T12:23:18","modified_gmt":"2026-03-07T12:23:18","slug":"programme-durgence-pour-le-developpement-de-nouakchott-le-taux-davance-du-programme-a-atteint-86-officiel","status":"publish","type":"post","link":"https:\/\/ladepeche.mr\/?p=20787","title":{"rendered":"Programme d\u2019urgence pour le d\u00e9veloppement de\u00a0Nouakchott\u00a0: Le taux d\u2019avancement du programme a atteint 86% (officiel)"},"content":{"rendered":"<p>Le taux d\u2019avancement du programme d\u2019urgence pour le d\u00e9veloppement de la ville de Nouakchott a atteint <strong><span style=\"font-weight: normal;\">86 %<\/span><\/strong>, alors que seulement <strong><span style=\"font-weight: normal;\">81 % des d\u00e9lais pr\u00e9vus<\/span><\/strong> ont \u00e9t\u00e9 consomm\u00e9s, selon une pr\u00e9sentation faite lors de la r\u00e9union du Comit\u00e9 minist\u00e9riel charg\u00e9 du suivi de la mise en \u0153uvre des grands projets, tenue jeudi \u00e0 la Primature.<\/p>\n<p>Pr\u00e9sid\u00e9e par le Premier ministre, El Moctar Ould Djay, la r\u00e9union aurait examin\u00e9 l\u2019\u00e9tat d\u2019avancement de plusieurs projets gouvernementaux au cours des mois de janvier et f\u00e9vrier, ainsi que les progr\u00e8s enregistr\u00e9s dans diff\u00e9rents secteurs de d\u00e9veloppement.<\/p>\n<p>Le Comit\u00e9 a \u00e9galement \u00e9tudi\u00e9 la situation du programme d\u2019urgence pour la g\u00e9n\u00e9ralisation de l\u2019acc\u00e8s aux services de base destin\u00e9s au d\u00e9veloppement local. Les donn\u00e9es pr\u00e9sent\u00e9es indiquent que <strong><span style=\"font-weight: normal;\">26 % des travaux ont \u00e9t\u00e9 r\u00e9alis\u00e9s<\/span><\/strong>, tandis que <strong><span style=\"font-weight: normal;\">17 % seulement des d\u00e9lais programm\u00e9s<\/span><\/strong> ont \u00e9t\u00e9 \u00e9coul\u00e9s.<\/p>\n<p>S\u2019agissant du portefeuille global des grands projets, les indicateurs auraient montr\u00e9 <strong><span style=\"font-weight: normal;\">une am\u00e9lioration continue de la performance g\u00e9n\u00e9rale dans l\u2019ex\u00e9cution<\/span><\/strong>, malgr\u00e9 des \u00e9carts constat\u00e9s dans le rythme de r\u00e9alisation entre certains secteurs.<\/p>\n<p>A l\u2019issue de ces conclaves, le Premier ministre aurait insist\u00e9 sur la n\u00e9cessit\u00e9 de <strong><span style=\"font-weight: normal;\">maintenir un suivi rigoureux et un contr\u00f4le r\u00e9gulier sur le terrain<\/span><\/strong>, afin de pr\u00e9server le rythme d\u2019ex\u00e9cution et d\u2019am\u00e9liorer l\u2019efficacit\u00e9 de la mise en \u0153uvre des projets de d\u00e9veloppement.<\/p>\n<p>La r\u00e9union d\u2019\u00e9valuation du programme s\u2019inscrirait dans le cadre des orientations du pr\u00e9sident de la R\u00e9publique, Mohamed Ould Cheikh El Ghazouani, visant \u00e0 assurer la r\u00e9alisation des projets de d\u00e9veloppement dans les d\u00e9lais fix\u00e9s et conform\u00e9ment aux normes requises, indique une source officielle.<\/p>\n<p>(avec Ami)<\/p>\n<p>&nbsp;<\/p>\n","protected":false},"excerpt":{"rendered":"<p>Le taux d\u2019avancement du programme d\u2019urgence pour le d\u00e9veloppement de la ville de Nouakchott a atteint 86 %, alors que seulement 81 % des d\u00e9lais pr\u00e9vus ont \u00e9t\u00e9 consomm\u00e9s, selon une pr\u00e9sentation faite lors de la r\u00e9union du Comit\u00e9 minist\u00e9riel charg\u00e9 du suivi de la mise en \u0153uvre des grands projets, tenue jeudi \u00e0 la &hellip;<\/p>\n","protected":false},"author":2,"featured_media":20788,"comment_status":"open","ping_status":"open","sticky":false,"template":"","format":"standard","meta":{"footnotes":""},"categories":[18,2],"tags":[],"class_list":["post-20787","post","type-post","status-publish","format-standard","has-post-thumbnail","hentry","category-actualites","category-economie"],"_links":{"self":[{"href":"https:\/\/ladepeche.mr\/index.php?rest_route=\/wp\/v2\/posts\/20787","targetHints":{"allow":["GET"]}}],"collection":[{"href":"https:\/\/ladepeche.mr\/index.php?rest_route=\/wp\/v2\/posts"}],"about":[{"href":"https:\/\/ladepeche.mr\/index.php?rest_route=\/wp\/v2\/types\/post"}],"author":[{"embeddable":true,"href":"https:\/\/ladepeche.mr\/index.php?rest_route=\/wp\/v2\/users\/2"}],"replies":[{"embeddable":true,"href":"https:\/\/ladepeche.mr\/index.php?rest_route=%2Fwp%2Fv2%2Fcomments&post=20787"}],"version-history":[{"count":2,"href":"https:\/\/ladepeche.mr\/index.php?rest_route=\/wp\/v2\/posts\/20787\/revisions"}],"predecessor-version":[{"id":20798,"href":"https:\/\/ladepeche.mr\/index.php?rest_route=\/wp\/v2\/posts\/20787\/revisions\/20798"}],"wp:featuredmedia":[{"embeddable":true,"href":"https:\/\/ladepeche.mr\/index.php?rest_route=\/wp\/v2\/media\/20788"}],"wp:attachment":[{"href":"https:\/\/ladepeche.mr\/index.php?rest_route=%2Fwp%2Fv2%2Fmedia&parent=20787"}],"wp:term":[{"taxonomy":"category","embeddable":true,"href":"https:\/\/ladepeche.mr\/index.php?rest_route=%2Fwp%2Fv2%2Fcategories&post=20787"},{"taxonomy":"post_tag","embeddable":true,"href":"https:\/\/ladepeche.mr\/index.php?rest_route=%2Fwp%2Fv2%2Ftags&post=20787"}],"curies":[{"name":"wp","href":"https:\/\/api.w.org\/{rel}","templated":true}]}}