{"id":20790,"date":"2026-03-06T18:00:29","date_gmt":"2026-03-06T18:00:29","guid":{"rendered":"https:\/\/ladepeche.mr\/?p=20790"},"modified":"2026-03-06T16:59:01","modified_gmt":"2026-03-06T16:59:01","slug":"remise-de-la-derniere-version-de-la-feuille-de-route-de-lopposition-a-moussa-fall","status":"publish","type":"post","link":"https:\/\/ladepeche.mr\/?p=20790","title":{"rendered":"Remise de la derni\u00e8re version de la feuille de route de l\u2019opposition \u00e0 Moussa Fall"},"content":{"rendered":"<p>Les responsables de 13 partis du p\u00f4le de l\u2019opposition d\u00e9mocratique ont remis \u00e0 Moussa Fall, coordinateur du Dialogue National, la derni\u00e8re version de la feuille de route, avec les ultimes amendements et recommandations, destin\u00e9es aux futures assises, au cours d\u2019une c\u00e9r\u00e9monie organis\u00e9e au Centre International des Conf\u00e9rences (CICM) \u201cMoctar ould Daddah \u201d jeudi en d\u00e9but d\u2019apr\u00e8s-midi.<\/p>\n<p>Une rencontre au cours de laquelle le coordinateur a pris la parole pour rappeler \u201cle long processus, qui a abouti \u00e0 l&#8217;\u00e9tablissement d\u2019un rapport destin\u00e9 au pr\u00e9sident de la R\u00e9publique, Mohamed Cheikh El Ghazouani. Un document dans lequel sont consign\u00e9es les observations de toutes parties, constitu\u00e9es en p\u00f4les\u201d.<\/p>\n<p>Phase ultime, la version remise jeudi, contient les amendements et derni\u00e8res observations du pole de l\u2019opposition.<\/p>\n<p>Moussa Fall, coordinateur du dialogue, annonce \u201cun d\u00e9marrage imminent des assises\u201d sans toutefois donner une date pr\u00e9cise.<\/p>\n<p>La remise de la derni\u00e8re version de la feuille de route pour le dialogue, amend\u00e9e par l\u2019opposition, intervient dans un contexte marqu\u00e9 par un d\u00e9bat pollu\u00e9 au sujet des enjeux \u201csensibles\u201d li\u00e9s \u00e0 l\u2019unit\u00e9 et la coh\u00e9sion nationale.<\/p>\n<p>Ainsi, certains milieux agissent dans l\u2019ombre avec l\u2019objectif de saboter une perspective de large consensus sur le passif humanitaire et le statut des langues nationales.<\/p>\n<p>Le Calame<\/p>\n","protected":false},"excerpt":{"rendered":"<p>Les responsables de 13 partis du p\u00f4le de l\u2019opposition d\u00e9mocratique ont remis \u00e0 Moussa Fall, coordinateur du Dialogue National, la derni\u00e8re version de la feuille de route, avec les ultimes amendements et recommandations, destin\u00e9es aux futures assises, au cours d\u2019une c\u00e9r\u00e9monie organis\u00e9e au Centre International des Conf\u00e9rences (CICM) \u201cMoctar ould Daddah \u201d jeudi en d\u00e9but &hellip;<\/p>\n","protected":false},"author":2,"featured_media":20791,"comment_status":"open","ping_status":"open","sticky":false,"template":"","format":"standard","meta":{"footnotes":""},"categories":[18,31],"tags":[],"class_list":["post-20790","post","type-post","status-publish","format-standard","has-post-thumbnail","hentry","category-actualites","category-politique-et-reportages"],"_links":{"self":[{"href":"https:\/\/ladepeche.mr\/index.php?rest_route=\/wp\/v2\/posts\/20790","targetHints":{"allow":["GET"]}}],"collection":[{"href":"https:\/\/ladepeche.mr\/index.php?rest_route=\/wp\/v2\/posts"}],"about":[{"href":"https:\/\/ladepeche.mr\/index.php?rest_route=\/wp\/v2\/types\/post"}],"author":[{"embeddable":true,"href":"https:\/\/ladepeche.mr\/index.php?rest_route=\/wp\/v2\/users\/2"}],"replies":[{"embeddable":true,"href":"https:\/\/ladepeche.mr\/index.php?rest_route=%2Fwp%2Fv2%2Fcomments&post=20790"}],"version-history":[{"count":1,"href":"https:\/\/ladepeche.mr\/index.php?rest_route=\/wp\/v2\/posts\/20790\/revisions"}],"predecessor-version":[{"id":20792,"href":"https:\/\/ladepeche.mr\/index.php?rest_route=\/wp\/v2\/posts\/20790\/revisions\/20792"}],"wp:featuredmedia":[{"embeddable":true,"href":"https:\/\/ladepeche.mr\/index.php?rest_route=\/wp\/v2\/media\/20791"}],"wp:attachment":[{"href":"https:\/\/ladepeche.mr\/index.php?rest_route=%2Fwp%2Fv2%2Fmedia&parent=20790"}],"wp:term":[{"taxonomy":"category","embeddable":true,"href":"https:\/\/ladepeche.mr\/index.php?rest_route=%2Fwp%2Fv2%2Fcategories&post=20790"},{"taxonomy":"post_tag","embeddable":true,"href":"https:\/\/ladepeche.mr\/index.php?rest_route=%2Fwp%2Fv2%2Ftags&post=20790"}],"curies":[{"name":"wp","href":"https:\/\/api.w.org\/{rel}","templated":true}]}}