{"id":20795,"date":"2026-03-07T12:22:39","date_gmt":"2026-03-07T12:22:39","guid":{"rendered":"https:\/\/ladepeche.mr\/?p=20795"},"modified":"2026-03-07T12:22:39","modified_gmt":"2026-03-07T12:22:39","slug":"lallemagne-exclut-de-participer-a-la-guerre-menee-par-les-etats-unis-et-israel-contre-liran","status":"publish","type":"post","link":"https:\/\/ladepeche.mr\/?p=20795","title":{"rendered":"L\u2019Allemagne exclut de participer \u00e0 la guerre men\u00e9e par les \u00c9tats\u2011Unis et Isra\u00ebl contre l\u2019Iran"},"content":{"rendered":"<h4>\u00ab Je le dis tr\u00e8s clairement : ce n\u2019est pas notre guerre. Nous ne participerons pas \u00e0 cette guerre \u00bb, d\u00e9clare le vice-chancelier Lars Klingbeil.<\/h4>\n<p class=\"selectionShareable\" align=\"justify\">L\u2019Allemagne a annonc\u00e9 samedi qu\u2019elle ne participerait pas \u00e0 la guerre men\u00e9e par les \u00c9tats\u2011Unis et Isra\u00ebl contre l\u2019Iran.<\/p>\n<p class=\"selectionShareable\" align=\"justify\">\u00ab\u202fJe le dis tr\u00e8s clairement : ce n\u2019est pas notre guerre. Nous ne participerons pas \u00e0 cette guerre\u202f\u00bb, a d\u00e9clar\u00e9 le vice-chancelier Lars Klingbeil lors d\u2019une interview accord\u00e9e au m\u00e9dia RND.<\/p>\n<p class=\"selectionShareable\" align=\"justify\">Il a mis en garde contre \u00ab\u202fle grand danger de glisser de plus en plus dans un monde o\u00f9 il n\u2019existe plus de r\u00e8gles. Nous ne voulons pas vivre dans un monde o\u00f9 seule la loi du plus fort s\u2019applique.\u202f\u00bb<\/p>\n<p class=\"selectionShareable\" align=\"justify\">Le vice-chancelier a \u00e9galement exprim\u00e9 \u00ab\u202fde grands doutes sur la l\u00e9gitimit\u00e9 de cette guerre au regard du droit international.\u202f\u00bb<\/p>\n<p class=\"selectionShareable\" align=\"justify\">Klingbeil s\u2019est clairement oppos\u00e9 \u00e0 la position du chancelier Friedrich Merz, qui avait d\u00e9clar\u00e9 que son gouvernement partageait \u00ab\u202fles objectifs des \u00c9tats\u2011Unis et d\u2019Isra\u00ebl concernant le programme nucl\u00e9aire et de missiles de l\u2019Iran, la menace de T\u00e9h\u00e9ran envers Isra\u00ebl, ainsi que son soutien au terrorisme et aux groupes proxy.\u202f\u00bb<\/p>\n<p class=\"selectionShareable\" align=\"justify\">Les tensions au Moyen-Orient se sont intensifi\u00e9es depuis que les \u00c9tats\u2011Unis et Isra\u00ebl ont lanc\u00e9 une attaque \u00e0 grande \u00e9chelle contre l\u2019Iran le 28 f\u00e9vrier, tuant plus de 1\u202f000 personnes, dont le guide supr\u00eame iranien Ali Khamenei, plus de 150 \u00e9coli\u00e8res et des hauts responsables militaires.<\/p>\n<p class=\"selectionShareable\" align=\"justify\">L\u2019Iran a ripost\u00e9 visant des bases am\u00e9ricaines, des installations diplomatiques et du personnel militaire dans toute la r\u00e9gion, ainsi que plusieurs villes isra\u00e9liennes, et les attaques ont continu\u00e9 de s\u2019intensifier.<\/p>\n<p align=\"justify\">aa.com.tr<\/p>\n","protected":false},"excerpt":{"rendered":"<p>\u00ab Je le dis tr\u00e8s clairement : ce n\u2019est pas notre guerre. Nous ne participerons pas \u00e0 cette guerre \u00bb, d\u00e9clare le vice-chancelier Lars Klingbeil. L\u2019Allemagne a annonc\u00e9 samedi qu\u2019elle ne participerait pas \u00e0 la guerre men\u00e9e par les \u00c9tats\u2011Unis et Isra\u00ebl contre l\u2019Iran. \u00ab\u202fJe le dis tr\u00e8s clairement : ce n\u2019est pas notre guerre. &hellip;<\/p>\n","protected":false},"author":2,"featured_media":20796,"comment_status":"open","ping_status":"open","sticky":false,"template":"","format":"standard","meta":{"footnotes":""},"categories":[18,29],"tags":[],"class_list":["post-20795","post","type-post","status-publish","format-standard","has-post-thumbnail","hentry","category-actualites","category-monde"],"_links":{"self":[{"href":"https:\/\/ladepeche.mr\/index.php?rest_route=\/wp\/v2\/posts\/20795","targetHints":{"allow":["GET"]}}],"collection":[{"href":"https:\/\/ladepeche.mr\/index.php?rest_route=\/wp\/v2\/posts"}],"about":[{"href":"https:\/\/ladepeche.mr\/index.php?rest_route=\/wp\/v2\/types\/post"}],"author":[{"embeddable":true,"href":"https:\/\/ladepeche.mr\/index.php?rest_route=\/wp\/v2\/users\/2"}],"replies":[{"embeddable":true,"href":"https:\/\/ladepeche.mr\/index.php?rest_route=%2Fwp%2Fv2%2Fcomments&post=20795"}],"version-history":[{"count":1,"href":"https:\/\/ladepeche.mr\/index.php?rest_route=\/wp\/v2\/posts\/20795\/revisions"}],"predecessor-version":[{"id":20797,"href":"https:\/\/ladepeche.mr\/index.php?rest_route=\/wp\/v2\/posts\/20795\/revisions\/20797"}],"wp:featuredmedia":[{"embeddable":true,"href":"https:\/\/ladepeche.mr\/index.php?rest_route=\/wp\/v2\/media\/20796"}],"wp:attachment":[{"href":"https:\/\/ladepeche.mr\/index.php?rest_route=%2Fwp%2Fv2%2Fmedia&parent=20795"}],"wp:term":[{"taxonomy":"category","embeddable":true,"href":"https:\/\/ladepeche.mr\/index.php?rest_route=%2Fwp%2Fv2%2Fcategories&post=20795"},{"taxonomy":"post_tag","embeddable":true,"href":"https:\/\/ladepeche.mr\/index.php?rest_route=%2Fwp%2Fv2%2Ftags&post=20795"}],"curies":[{"name":"wp","href":"https:\/\/api.w.org\/{rel}","templated":true}]}}