{"id":20801,"date":"2026-03-07T14:05:40","date_gmt":"2026-03-07T14:05:40","guid":{"rendered":"https:\/\/ladepeche.mr\/?p=20801"},"modified":"2026-03-07T13:07:23","modified_gmt":"2026-03-07T13:07:23","slug":"integration-africaine-la-bad-et-lua-pour-la-levee-de-la-barriere-du-visa","status":"publish","type":"post","link":"https:\/\/ladepeche.mr\/?p=20801","title":{"rendered":"Int\u00e9gration africaine\u00a0: la BAD et l\u2019Ua pour la lev\u00e9e de la barri\u00e8re du visa"},"content":{"rendered":"<p>Le Groupe de la Banque africaine de d\u00e9veloppement et la Commission de l\u2019Union africaine ont renouvel\u00e9 leur appel \u00e0 l\u2019instauration d\u2019une Afrique sans visa afin d\u2019acc\u00e9l\u00e9rer la transformation \u00e9conomique du continent, lors d\u2019un symposium de haut niveau organis\u00e9 en marge du 39e Sommet de l\u2019Union africaine dans la capitale \u00e9thiopienne.<\/p>\n<p data-start=\"365\" data-end=\"862\">R\u00e9unissant responsables politiques, chefs d\u2019entreprise et institutions de d\u00e9veloppement, la rencontre a soulign\u00e9 que la libre circulation des personnes constitue un levier essentiel pour la mise en \u0153uvre de la Zone de libre-\u00e9change continentale africaine (ZLECAf). Les intervenants ont estim\u00e9 que, malgr\u00e9 la baisse progressive des droits de douane, les r\u00e9gimes de visas restrictifs continuent de freiner le commerce des services, les investissements, le tourisme et la mobilit\u00e9 de la main-d\u2019\u0153uvre.<\/p>\n<p data-start=\"864\" data-end=\"1311\">Le directeur g\u00e9n\u00e9ral du Groupe de la Banque africaine de d\u00e9veloppement pour l\u2019Afrique de l\u2019Est, Alex Mubiru, a plaid\u00e9 pour l\u2019exemption de visas et l\u2019interop\u00e9rabilit\u00e9 des syst\u00e8mes num\u00e9riques afin de stimuler l\u2019entrepreneuriat et les cha\u00eenes de valeur r\u00e9gionales. \u00ab Les \u00e9l\u00e9ments de preuve sont sans \u00e9quivoque. L\u2019analyse \u00e9conomique soutient l\u2019ouverture des visas. La r\u00e9alit\u00e9 humaine l\u2019impose \u00bb, a-t-il d\u00e9clar\u00e9, appelant \u00e0 des r\u00e9formes plus profondes.<\/p>\n<p data-start=\"1313\" data-end=\"1702\">Plusieurs responsables africains ont \u00e9galement insist\u00e9 sur la n\u00e9cessit\u00e9 d\u2019acc\u00e9l\u00e9rer la mise en \u0153uvre des cadres continentaux existants, notamment le protocole sur la libre circulation des personnes et le passeport africain. L\u2019ancienne pr\u00e9sidente de la Commission de l\u2019Union africaine, Nkosazana Dlamini-Zuma, a rappel\u00e9 que la libre circulation constitue un pilier de l\u2019Agenda 2063 de l\u2019UA.<\/p>\n<p data-start=\"1704\" data-end=\"2192\" data-is-last-node=\"\" data-is-only-node=\"\">Les participants ont conclu que la r\u00e9alisation d\u2019une Afrique sans visa n\u00e9cessitera l\u2019harmonisation des politiques migratoires, le d\u00e9veloppement de syst\u00e8mes d\u2019identit\u00e9 num\u00e9rique et le renforcement des infrastructures frontali\u00e8res. La Banque africaine de d\u00e9veloppement et l\u2019Union africaine ont affirm\u00e9 leur volont\u00e9 de poursuivre leur coop\u00e9ration avec les \u00c9tats membres afin de promouvoir une mobilit\u00e9 accrue, consid\u00e9r\u00e9e comme un moteur cl\u00e9 de l\u2019int\u00e9gration et de la croissance du continent.<\/p>\n<p>(avec communiqu\u00e9 BAD)<\/p>\n","protected":false},"excerpt":{"rendered":"<p>Le Groupe de la Banque africaine de d\u00e9veloppement et la Commission de l\u2019Union africaine ont renouvel\u00e9 leur appel \u00e0 l\u2019instauration d\u2019une Afrique sans visa afin d\u2019acc\u00e9l\u00e9rer la transformation \u00e9conomique du continent, lors d\u2019un symposium de haut niveau organis\u00e9 en marge du 39e Sommet de l\u2019Union africaine dans la capitale \u00e9thiopienne. R\u00e9unissant responsables politiques, chefs d\u2019entreprise &hellip;<\/p>\n","protected":false},"author":2,"featured_media":16011,"comment_status":"open","ping_status":"open","sticky":false,"template":"","format":"standard","meta":{"footnotes":""},"categories":[18,29],"tags":[],"class_list":["post-20801","post","type-post","status-publish","format-standard","has-post-thumbnail","hentry","category-actualites","category-monde"],"_links":{"self":[{"href":"https:\/\/ladepeche.mr\/index.php?rest_route=\/wp\/v2\/posts\/20801","targetHints":{"allow":["GET"]}}],"collection":[{"href":"https:\/\/ladepeche.mr\/index.php?rest_route=\/wp\/v2\/posts"}],"about":[{"href":"https:\/\/ladepeche.mr\/index.php?rest_route=\/wp\/v2\/types\/post"}],"author":[{"embeddable":true,"href":"https:\/\/ladepeche.mr\/index.php?rest_route=\/wp\/v2\/users\/2"}],"replies":[{"embeddable":true,"href":"https:\/\/ladepeche.mr\/index.php?rest_route=%2Fwp%2Fv2%2Fcomments&post=20801"}],"version-history":[{"count":1,"href":"https:\/\/ladepeche.mr\/index.php?rest_route=\/wp\/v2\/posts\/20801\/revisions"}],"predecessor-version":[{"id":20802,"href":"https:\/\/ladepeche.mr\/index.php?rest_route=\/wp\/v2\/posts\/20801\/revisions\/20802"}],"wp:featuredmedia":[{"embeddable":true,"href":"https:\/\/ladepeche.mr\/index.php?rest_route=\/wp\/v2\/media\/16011"}],"wp:attachment":[{"href":"https:\/\/ladepeche.mr\/index.php?rest_route=%2Fwp%2Fv2%2Fmedia&parent=20801"}],"wp:term":[{"taxonomy":"category","embeddable":true,"href":"https:\/\/ladepeche.mr\/index.php?rest_route=%2Fwp%2Fv2%2Fcategories&post=20801"},{"taxonomy":"post_tag","embeddable":true,"href":"https:\/\/ladepeche.mr\/index.php?rest_route=%2Fwp%2Fv2%2Ftags&post=20801"}],"curies":[{"name":"wp","href":"https:\/\/api.w.org\/{rel}","templated":true}]}}