{"id":20809,"date":"2026-03-07T16:00:54","date_gmt":"2026-03-07T16:00:54","guid":{"rendered":"https:\/\/ladepeche.mr\/?p=20809"},"modified":"2026-03-07T14:42:35","modified_gmt":"2026-03-07T14:42:35","slug":"guerre-en-iran-les-autorites-sensibles-aux-implications-du-conflit-sur-lapprovisionnement-du-marche-national","status":"publish","type":"post","link":"https:\/\/ladepeche.mr\/?p=20809","title":{"rendered":"Guerre en Iran\u00a0: Les autorit\u00e9s sensibles aux implications du conflit sur l\u2019approvisionnement du march\u00e9 national"},"content":{"rendered":"<p>Le Gouvernement a d\u00e9cid\u00e9 de renforcer la protection du march\u00e9 int\u00e9rieur face aux incertitudes internationales li\u00e9es \u00e0 l\u2019escalade militaire am\u00e9ricano-isra\u00e9lienne contre l\u2019Iran. Depuis jeudi, les autorit\u00e9s ont commenc\u00e9, en effet, \u00e0 appliquer des mesures interdisant l\u2019exportation de produits alimentaires \u00e0 travers les postes-fronti\u00e8res du pays.<\/p>\n<p>Selon nos confr\u00e8res de \u00abalakhbar\u00a0\u00bb, \u00a0les services de s\u00e9curit\u00e9 auraient re\u00e7u des instructions strictes pour emp\u00eacher les voyageurs et les v\u00e9hicules traversant les fronti\u00e8res d\u2019emporter des denr\u00e9es alimentaires, qu\u2019elles soient d\u2019origine locale ou import\u00e9es. L\u2019interdiction concernerait l\u2019ensemble des produits alimentaires et s\u2019inscrirait dans une strat\u00e9gie de pr\u00e9vention visant \u00e0 pr\u00e9server les stocks nationaux.<\/p>\n<p>Cette d\u00e9cision intervient alors que la guerre men\u00e9e par les USA et Isra\u00eal contre l\u2019Iran fait peser des risques sur les march\u00e9s mondiaux de l\u2019\u00e9nergie et du transport maritime. Plusieurs routes commerciales strat\u00e9giques, notamment le d\u00e9troit d\u2019Ormuz, par lequel transite une part essentielle du commerce mondial d\u2019hydrocarbures et de marchandises, sont aujourd\u2019hui perturb\u00e9s.<\/p>\n<p>Dans ce contexte, plusieurs pays redoutent des perturbations dans les cha\u00eenes d\u2019approvisionnement et une hausse des prix des denr\u00e9es et de l\u2019\u00e9nergie. Le ralentissement du trafic maritime dans la r\u00e9gion du Golfe et les risques pesant sur les ports et les infrastructures \u00e9nerg\u00e9tiques alimentent les craintes d\u2019une inflation accrue et de tensions sur les march\u00e9s alimentaires.<\/p>\n<p>En Mauritanie, l\u2019instruction aurait \u00e9t\u00e9 faite par le pr\u00e9sident Mohamed Ould Ghazouani, lors du Conseil des ministres de mercredi, enjoignant au gouvernement \u2013en raison de l\u2019impact g\u00e9opolitique de la guerre &#8211; de prendre toutes les mesures n\u00e9cessaires pour garantir l\u2019approvisionnement du march\u00e9 national en produits alimentaires et \u00e9nerg\u00e9tiques en quantit\u00e9s suffisantes et \u00e0 des prix accessibles.<\/p>\n<p>Dans le prolongement de ces directives, la commission minist\u00e9rielle charg\u00e9e du suivi de l\u2019approvisionnement du march\u00e9 national s\u2019est r\u00e9unie le m\u00eame jour sous la pr\u00e9sidence du Premier ministre Mokhtar Ould Diay.<\/p>\n<p>La r\u00e9union, \u00e0 laquelle ont \u00e9galement pris part plusieurs membres du gouvernement et des repr\u00e9sentants du secteur priv\u00e9, a insist\u00e9 sur la n\u00e9cessit\u00e9 d\u2019un suivi permanent de la situation internationale et de mesures anticipatives afin de maintenir la stabilit\u00e9 de l\u2019approvisionnement et des prix sur le march\u00e9 mauritanien.<\/p>\n<p>(avec m\u00e9dias)<\/p>\n","protected":false},"excerpt":{"rendered":"<p>Le Gouvernement a d\u00e9cid\u00e9 de renforcer la protection du march\u00e9 int\u00e9rieur face aux incertitudes internationales li\u00e9es \u00e0 l\u2019escalade militaire am\u00e9ricano-isra\u00e9lienne contre l\u2019Iran. Depuis jeudi, les autorit\u00e9s ont commenc\u00e9, en effet, \u00e0 appliquer des mesures interdisant l\u2019exportation de produits alimentaires \u00e0 travers les postes-fronti\u00e8res du pays. Selon nos confr\u00e8res de \u00abalakhbar\u00a0\u00bb, \u00a0les services de s\u00e9curit\u00e9 auraient &hellip;<\/p>\n","protected":false},"author":2,"featured_media":20631,"comment_status":"open","ping_status":"open","sticky":false,"template":"","format":"standard","meta":{"footnotes":""},"categories":[18,2],"tags":[],"class_list":["post-20809","post","type-post","status-publish","format-standard","has-post-thumbnail","hentry","category-actualites","category-economie"],"_links":{"self":[{"href":"https:\/\/ladepeche.mr\/index.php?rest_route=\/wp\/v2\/posts\/20809","targetHints":{"allow":["GET"]}}],"collection":[{"href":"https:\/\/ladepeche.mr\/index.php?rest_route=\/wp\/v2\/posts"}],"about":[{"href":"https:\/\/ladepeche.mr\/index.php?rest_route=\/wp\/v2\/types\/post"}],"author":[{"embeddable":true,"href":"https:\/\/ladepeche.mr\/index.php?rest_route=\/wp\/v2\/users\/2"}],"replies":[{"embeddable":true,"href":"https:\/\/ladepeche.mr\/index.php?rest_route=%2Fwp%2Fv2%2Fcomments&post=20809"}],"version-history":[{"count":1,"href":"https:\/\/ladepeche.mr\/index.php?rest_route=\/wp\/v2\/posts\/20809\/revisions"}],"predecessor-version":[{"id":20810,"href":"https:\/\/ladepeche.mr\/index.php?rest_route=\/wp\/v2\/posts\/20809\/revisions\/20810"}],"wp:featuredmedia":[{"embeddable":true,"href":"https:\/\/ladepeche.mr\/index.php?rest_route=\/wp\/v2\/media\/20631"}],"wp:attachment":[{"href":"https:\/\/ladepeche.mr\/index.php?rest_route=%2Fwp%2Fv2%2Fmedia&parent=20809"}],"wp:term":[{"taxonomy":"category","embeddable":true,"href":"https:\/\/ladepeche.mr\/index.php?rest_route=%2Fwp%2Fv2%2Fcategories&post=20809"},{"taxonomy":"post_tag","embeddable":true,"href":"https:\/\/ladepeche.mr\/index.php?rest_route=%2Fwp%2Fv2%2Ftags&post=20809"}],"curies":[{"name":"wp","href":"https:\/\/api.w.org\/{rel}","templated":true}]}}