{"id":20815,"date":"2026-03-07T22:42:01","date_gmt":"2026-03-07T22:42:01","guid":{"rendered":"https:\/\/ladepeche.mr\/?p=20815"},"modified":"2026-03-07T22:45:15","modified_gmt":"2026-03-07T22:45:15","slug":"hodh-echarghihodh-chargui-renforcement-des-services-veterinaires-pour-soutenir-les-eleveurs","status":"publish","type":"post","link":"https:\/\/ladepeche.mr\/?p=20815","title":{"rendered":"Hodh Charghi: renforcement des services v\u00e9t\u00e9rinaires pour soutenir les \u00e9leveurs"},"content":{"rendered":"<p>Dans le cadre du projet MIRECAM, l\u2019agence de coop\u00e9ration belge Enabel a proc\u00e9d\u00e9, le 24 f\u00e9vrier, \u00e0 la remise d\u2019un important lot de mat\u00e9riel v\u00e9t\u00e9rinaire \u00e0 la d\u00e9l\u00e9gation r\u00e9gionale du Minist\u00e8re de l\u2019\u00c9levage dans la r\u00e9gion du Hodh Chargui, r\u00e9v\u00e8le l\u2019agence sur sa page Facebook.<br \/>\nCette initiative s\u2019inscrit dans un programme financ\u00e9 par l\u2019Union europ\u00e9enne visant \u00e0 am\u00e9liorer la sant\u00e9 animale et \u00e0 renforcer la r\u00e9silience des communaut\u00e9s pastorales.<\/p>\n<p>Le mat\u00e9riel remis comprend notamment des \u00e9quipements pour la cha\u00eene du froid, du mat\u00e9riel de vaccination ainsi que des produits d\u00e9parasitants et des antibiotiques. Ces ressources devraient permettre d\u2019am\u00e9liorer les capacit\u00e9s d\u2019intervention des services v\u00e9t\u00e9rinaires et de renforcer la pr\u00e9vention sanitaire des troupeaux, en particulier dans les zones situ\u00e9es le long de la fronti\u00e8re.<\/p>\n<p>Les \u00e9quipements seront mis \u00e0 la disposition des inspecteurs d\u2019\u00e9levage, des postes v\u00e9t\u00e9rinaires ainsi que de vingt auxiliaires d\u2019\u00e9levage form\u00e9s dans le cadre du projet. L\u2019objectif est de mieux prot\u00e9ger le cheptel et d\u2019appuyer les moyens de subsistance des \u00e9leveurs, qu\u2019ils appartiennent aux communaut\u00e9s h\u00f4tes ou aux populations r\u00e9fugi\u00e9es.<\/p>\n<p>\u00c0 travers cette action, le projet MIRECAM entend contribuer au renforcement des services publics v\u00e9t\u00e9rinaires et soutenir le d\u00e9veloppement durable du secteur de l\u2019\u00e9levage dans la r\u00e9gion.<\/p>\n","protected":false},"excerpt":{"rendered":"<p>Dans le cadre du projet MIRECAM, l\u2019agence de coop\u00e9ration belge Enabel a proc\u00e9d\u00e9, le 24 f\u00e9vrier, \u00e0 la remise d\u2019un important lot de mat\u00e9riel v\u00e9t\u00e9rinaire \u00e0 la d\u00e9l\u00e9gation r\u00e9gionale du Minist\u00e8re de l\u2019\u00c9levage dans la r\u00e9gion du Hodh Chargui, r\u00e9v\u00e8le l\u2019agence sur sa page Facebook. Cette initiative s\u2019inscrit dans un programme financ\u00e9 par l\u2019Union europ\u00e9enne &hellip;<\/p>\n","protected":false},"author":2,"featured_media":20816,"comment_status":"open","ping_status":"open","sticky":false,"template":"","format":"standard","meta":{"footnotes":""},"categories":[18,2],"tags":[],"class_list":["post-20815","post","type-post","status-publish","format-standard","has-post-thumbnail","hentry","category-actualites","category-economie"],"_links":{"self":[{"href":"https:\/\/ladepeche.mr\/index.php?rest_route=\/wp\/v2\/posts\/20815","targetHints":{"allow":["GET"]}}],"collection":[{"href":"https:\/\/ladepeche.mr\/index.php?rest_route=\/wp\/v2\/posts"}],"about":[{"href":"https:\/\/ladepeche.mr\/index.php?rest_route=\/wp\/v2\/types\/post"}],"author":[{"embeddable":true,"href":"https:\/\/ladepeche.mr\/index.php?rest_route=\/wp\/v2\/users\/2"}],"replies":[{"embeddable":true,"href":"https:\/\/ladepeche.mr\/index.php?rest_route=%2Fwp%2Fv2%2Fcomments&post=20815"}],"version-history":[{"count":2,"href":"https:\/\/ladepeche.mr\/index.php?rest_route=\/wp\/v2\/posts\/20815\/revisions"}],"predecessor-version":[{"id":20818,"href":"https:\/\/ladepeche.mr\/index.php?rest_route=\/wp\/v2\/posts\/20815\/revisions\/20818"}],"wp:featuredmedia":[{"embeddable":true,"href":"https:\/\/ladepeche.mr\/index.php?rest_route=\/wp\/v2\/media\/20816"}],"wp:attachment":[{"href":"https:\/\/ladepeche.mr\/index.php?rest_route=%2Fwp%2Fv2%2Fmedia&parent=20815"}],"wp:term":[{"taxonomy":"category","embeddable":true,"href":"https:\/\/ladepeche.mr\/index.php?rest_route=%2Fwp%2Fv2%2Fcategories&post=20815"},{"taxonomy":"post_tag","embeddable":true,"href":"https:\/\/ladepeche.mr\/index.php?rest_route=%2Fwp%2Fv2%2Ftags&post=20815"}],"curies":[{"name":"wp","href":"https:\/\/api.w.org\/{rel}","templated":true}]}}