{"id":20820,"date":"2026-03-08T13:51:31","date_gmt":"2026-03-08T13:51:31","guid":{"rendered":"https:\/\/ladepeche.mr\/?p=20820"},"modified":"2026-03-08T13:51:31","modified_gmt":"2026-03-08T13:51:31","slug":"le-8-mars-reflexions-sur-lascension-de-la-femme-mauritanienne","status":"publish","type":"post","link":"https:\/\/ladepeche.mr\/?p=20820","title":{"rendered":"Le 8 mars : r\u00e9flexions sur l\u2019ascension de la femme mauritanienne"},"content":{"rendered":"<p>\u00c0 l\u2019occasion de la Journ\u00e9e internationale des femmes, c\u00e9l\u00e9br\u00e9e le 8 mars de chaque ann\u00e9e, l\u2019heure est \u00e0 la r\u00e9flexion sur la place de la femme dans nos soci\u00e9t\u00e9s. Au-del\u00e0 du symbole, cette date invite \u00e0 mesurer le chemin parcouru et \u00e0 s\u2019interroger sur les d\u00e9fis qui restent \u00e0 relever. En Mauritanie, cette c\u00e9l\u00e9bration intervient cette ann\u00e9e dans le sillage d\u2019un message de f\u00e9licitations adress\u00e9 aux femmes mauritaniennes par le pr\u00e9sident Mohamed Cheikh El Ghazouani, qui a salu\u00e9 leur contribution dans les diff\u00e9rents domaines de la vie nationale, tout en rappelant que l\u2019autonomisation des femmes et la promotion de l\u2019\u00e9galit\u00e9 constituent un pilier essentiel du processus de d\u00e9veloppement.<\/p>\n<p>Au-del\u00e0 de la port\u00e9e protocolaire de ce message, cette date nous invite \u00e9galement \u00e0 observer une transformation discr\u00e8te mais bien r\u00e9elle qui s\u2019op\u00e8re dans la soci\u00e9t\u00e9 mauritanienne depuis plusieurs ann\u00e9es. La pr\u00e9sence des femmes ne se limite plus aux r\u00f4les sociaux traditionnels ; elle s\u2019affirme progressivement dans l\u2019espace public, qu\u2019il s\u2019agisse de la politique, de l\u2019administration, de l\u2019\u00e9conomie ou encore des m\u00e9dias.<br \/>\nDans la sph\u00e8re politique, la femme mauritanienne est aujourd\u2019hui pr\u00e9sente au Parlement, dans les conseils locaux ainsi qu\u2019au sein du gouvernement. Elle s\u2019impose \u00e9galement dans l\u2019action partisane et dans les responsabilit\u00e9s politiques, illustrant ainsi une \u00e9volution progressive vers une participation plus large des femmes \u00e0 la prise de d\u00e9cision.<br \/>\nDans le monde des affaires, des femmes mauritaniennes ont su s\u2019imposer dans l\u2019activit\u00e9 \u00e9conomique et entrepreneuriale, s\u2019ouvrant un chemin dans des secteurs qui, il n\u2019y a pas si longtemps, \u00e9taient largement domin\u00e9s par les hommes. Cette dynamique t\u00e9moigne d\u2019une \u00e9volution notable des mentalit\u00e9s et d\u2019un nouvel \u00e9lan \u00e9conomique au sein de la soci\u00e9t\u00e9.<br \/>\nLe domaine des droits et des libert\u00e9s n\u2019est pas en reste. Des voix f\u00e9minines s\u2019y distinguent par leur engagement en faveur de la justice et de la promotion des droits humains, \u00e0 travers le travail juridique et l\u2019action associative, contribuant ainsi \u00e0 enrichir le d\u00e9bat public et \u00e0 consolider la culture des droits.<br \/>\nLe secteur des m\u00e9dias conna\u00eet lui aussi une pr\u00e9sence f\u00e9minine de plus en plus visible. Journalistes, animatrices, \u00e9ditorialistes ou analystes de l\u2019actualit\u00e9, les femmes participent activement \u00e0 l\u2019animation du d\u00e9bat public et \u00e0 la formation de l\u2019opinion, aussi bien dans les m\u00e9dias traditionnels que sur les plateformes num\u00e9riques. Ce ph\u00e9nom\u00e8ne n\u2019est plus une exception ; il est d\u00e9sormais une composante naturelle du paysage m\u00e9diatique national.<br \/>\nCette \u00e9volution ne se limite pas \u00e0 ces secteurs. Elle s\u2019\u00e9tend \u00e9galement \u00e0 la diplomatie, o\u00f9 des femmes repr\u00e9sentent aujourd\u2019hui la Mauritanie dans plusieurs capitales et organisations internationales, t\u00e9moignant de la confiance accord\u00e9e aux comp\u00e9tences f\u00e9minines pour d\u00e9fendre les int\u00e9r\u00eats du pays \u00e0 l\u2019\u00e9tranger.<br \/>\nPar ailleurs, la pr\u00e9sence des femmes s\u2019affirme de plus en plus au sein de l\u2019administration publique. Certaines occupent des fonctions de responsabilit\u00e9, comme celles de hakem ou de wali, tandis que leur participation progresse \u00e9galement dans les rangs de l\u2019arm\u00e9e, de la police et des services de s\u00e9curit\u00e9, des domaines qui leur \u00e9taient autrefois difficilement accessibles.<br \/>\nToutefois, reconna\u00eetre ces avanc\u00e9es ne signifie pas que le chemin est achev\u00e9. Des d\u00e9fis subsistent, notamment en mati\u00e8re d\u2019acc\u00e8s des femmes aux plus hautes responsabilit\u00e9s et de renforcement de leur autonomie \u00e9conomique. Ces enjeux sont li\u00e9s non seulement aux politiques publiques, mais aussi aux transformations sociales et culturelles que conna\u00eet la soci\u00e9t\u00e9.<br \/>\n\u00c0 cette occasion, il est utile de r\u00e9fl\u00e9chir \u00e0 des mesures concr\u00e8tes susceptibles de consolider et d\u2019approfondir la pr\u00e9sence croissante des femmes dans la vie nationale. Cela passe notamment par le renforcement de l\u2019\u00e9ducation des filles et de leur acc\u00e8s \u00e0 l\u2019enseignement sup\u00e9rieur, l\u2019encouragement de la participation des femmes \u00e0 l\u2019activit\u00e9 \u00e9conomique gr\u00e2ce \u00e0 un meilleur acc\u00e8s au financement et aux opportunit\u00e9s d\u2019investissement, ainsi que par la promotion de leur pr\u00e9sence dans les sph\u00e8res de d\u00e9cision politique et administrative. Il importe \u00e9galement de soutenir les comp\u00e9tences f\u00e9minines dans les domaines des m\u00e9dias, de la diplomatie et de la recherche scientifique, tout en veillant \u00e0 instaurer un environnement juridique et institutionnel garantissant l\u2019\u00e9galit\u00e9 des chances.<br \/>\nCar l\u2019autonomisation des femmes ne doit pas \u00eatre per\u00e7ue comme une revendication sectorielle, mais comme une composante essentielle d\u2019un projet national visant \u00e0 mobiliser toutes les \u00e9nergies au service du d\u00e9veloppement et du progr\u00e8s.<br \/>\nAinsi, le 8 mars n\u2019est pas seulement une journ\u00e9e de c\u00e9l\u00e9bration ; c\u2019est aussi un rappel que le progr\u00e8s des soci\u00e9t\u00e9s se mesure \u00e0 leur capacit\u00e9 \u00e0 valoriser l\u2019ensemble de leurs talents, femmes et hommes.<br \/>\nEn Mauritanie, o\u00f9 les jeunes et les femmes constituent une part importante de la vitalit\u00e9 sociale, l\u2019autonomisation des femmes ne rel\u00e8ve ni d\u2019un simple slogan ni d\u2019une r\u00e9ponse \u00e0 un discours international. Elle repr\u00e9sente avant tout un choix national, porteur d\u2019avenir et de d\u00e9veloppement pour le pays.<br \/>\nEnfin, cette date demeure l\u2019occasion d\u2019adresser un hommage sinc\u00e8re \u00e0 toutes les femmes mauritaniennes \u2014 m\u00e8res, enseignantes, m\u00e9decins, fonctionnaires, travailleuses ou actrices engag\u00e9es dans tous les domaines de la vie. Elles ont toujours \u00e9t\u00e9, et demeurent aujourd\u2019hui encore, un pilier essentiel de la famille et de la soci\u00e9t\u00e9, ainsi qu\u2019un partenaire \u00e0 part enti\u00e8re dans la construction du d\u00e9veloppement national.<br \/>\nBonne f\u00eate \u00e0 toutes les femmes mauritaniennes, avec l\u2019espoir que l\u2019avenir leur r\u00e9serve encore davantage d\u2019opportunit\u00e9s et de r\u00e9ussites \u00e0 la hauteur de leur engagement et de leur contribution \u00e0 l\u2019\u00e9dification du pays.<\/p>\n<p>&nbsp;<\/p>\n<p>Par Ahmed Mohamed Hamada<br \/>\n\u00c9crivain et analyste politique<\/p>\n","protected":false},"excerpt":{"rendered":"<p>\u00c0 l\u2019occasion de la Journ\u00e9e internationale des femmes, c\u00e9l\u00e9br\u00e9e le 8 mars de chaque ann\u00e9e, l\u2019heure est \u00e0 la r\u00e9flexion sur la place de la femme dans nos soci\u00e9t\u00e9s. Au-del\u00e0 du symbole, cette date invite \u00e0 mesurer le chemin parcouru et \u00e0 s\u2019interroger sur les d\u00e9fis qui restent \u00e0 relever. En Mauritanie, cette c\u00e9l\u00e9bration intervient &hellip;<\/p>\n","protected":false},"author":2,"featured_media":20682,"comment_status":"open","ping_status":"open","sticky":false,"template":"","format":"standard","meta":{"footnotes":""},"categories":[18,15],"tags":[],"class_list":["post-20820","post","type-post","status-publish","format-standard","has-post-thumbnail","hentry","category-actualites","category-culture"],"_links":{"self":[{"href":"https:\/\/ladepeche.mr\/index.php?rest_route=\/wp\/v2\/posts\/20820","targetHints":{"allow":["GET"]}}],"collection":[{"href":"https:\/\/ladepeche.mr\/index.php?rest_route=\/wp\/v2\/posts"}],"about":[{"href":"https:\/\/ladepeche.mr\/index.php?rest_route=\/wp\/v2\/types\/post"}],"author":[{"embeddable":true,"href":"https:\/\/ladepeche.mr\/index.php?rest_route=\/wp\/v2\/users\/2"}],"replies":[{"embeddable":true,"href":"https:\/\/ladepeche.mr\/index.php?rest_route=%2Fwp%2Fv2%2Fcomments&post=20820"}],"version-history":[{"count":1,"href":"https:\/\/ladepeche.mr\/index.php?rest_route=\/wp\/v2\/posts\/20820\/revisions"}],"predecessor-version":[{"id":20821,"href":"https:\/\/ladepeche.mr\/index.php?rest_route=\/wp\/v2\/posts\/20820\/revisions\/20821"}],"wp:featuredmedia":[{"embeddable":true,"href":"https:\/\/ladepeche.mr\/index.php?rest_route=\/wp\/v2\/media\/20682"}],"wp:attachment":[{"href":"https:\/\/ladepeche.mr\/index.php?rest_route=%2Fwp%2Fv2%2Fmedia&parent=20820"}],"wp:term":[{"taxonomy":"category","embeddable":true,"href":"https:\/\/ladepeche.mr\/index.php?rest_route=%2Fwp%2Fv2%2Fcategories&post=20820"},{"taxonomy":"post_tag","embeddable":true,"href":"https:\/\/ladepeche.mr\/index.php?rest_route=%2Fwp%2Fv2%2Ftags&post=20820"}],"curies":[{"name":"wp","href":"https:\/\/api.w.org\/{rel}","templated":true}]}}