{"id":20827,"date":"2026-03-08T14:31:06","date_gmt":"2026-03-08T14:31:06","guid":{"rendered":"https:\/\/ladepeche.mr\/?p=20827"},"modified":"2026-03-08T14:31:06","modified_gmt":"2026-03-08T14:31:06","slug":"ghazouani-lautonomisation-de-la-femme-une-priorite","status":"publish","type":"post","link":"https:\/\/ladepeche.mr\/?p=20827","title":{"rendered":"Ghazouani\u00a0: \u00abl\u2019autonomisation de la femme, une priorit\u00e9\u00a0\u00bb"},"content":{"rendered":"<p data-start=\"0\" data-end=\"325\">Le Pr\u00e9sident de la R\u00e9publique, <span class=\"hover:entity-accent entity-underline inline cursor-pointer align-baseline\"><span class=\"whitespace-normal\">Mohamed Ould Cheikh El Ghazouani<\/span><\/span>, a affirm\u00e9 dimanche que l\u2019autonomisation des femmes, la promotion de l\u2019\u00e9galit\u00e9 des droits et le soutien \u00e0 leur participation pleine et enti\u00e8re au processus de d\u00e9veloppement figurent parmi les priorit\u00e9s de son action.<\/p>\n<p data-start=\"327\" data-end=\"588\">Dans un message publi\u00e9 \u00e0 l\u2019occasion de la <span class=\"hover:entity-accent entity-underline inline cursor-pointer align-baseline\"><span class=\"whitespace-normal\">Journ\u00e9e internationale des droits des femmes<\/span><\/span>, c\u00e9l\u00e9br\u00e9e chaque ann\u00e9e le 8 mars, le chef de l\u2019\u00c9tat a salu\u00e9 l\u2019engagement, le courage et les contributions des femmes mauritaniennes dans les diff\u00e9rents domaines de la vie nationale.<\/p>\n<p data-start=\"590\" data-end=\"789\">Il a \u00e9galement r\u00e9it\u00e9r\u00e9 l\u2019importance de poursuivre les efforts visant \u00e0 promouvoir l\u2019\u00e9galit\u00e9 des droits, \u00e0 renforcer l\u2019autonomisation des femmes et \u00e0 lutter contre toutes les formes de discrimination.<\/p>\n<p data-start=\"791\" data-end=\"924\" data-is-last-node=\"\" data-is-only-node=\"\">Le Pr\u00e9sident de la R\u00e9publique a, par ailleurs, adress\u00e9 ses v\u0153ux \u00e0 l\u2019ensemble des femmes mauritaniennes \u00e0 l\u2019occasion de cette journ\u00e9e.<\/p>\n<p data-start=\"791\" data-end=\"924\" data-is-last-node=\"\" data-is-only-node=\"\">(avec Ami)<\/p>\n","protected":false},"excerpt":{"rendered":"<p>Le Pr\u00e9sident de la R\u00e9publique, Mohamed Ould Cheikh El Ghazouani, a affirm\u00e9 dimanche que l\u2019autonomisation des femmes, la promotion de l\u2019\u00e9galit\u00e9 des droits et le soutien \u00e0 leur participation pleine et enti\u00e8re au processus de d\u00e9veloppement figurent parmi les priorit\u00e9s de son action. Dans un message publi\u00e9 \u00e0 l\u2019occasion de la Journ\u00e9e internationale des droits &hellip;<\/p>\n","protected":false},"author":2,"featured_media":20828,"comment_status":"open","ping_status":"open","sticky":false,"template":"","format":"standard","meta":{"footnotes":""},"categories":[18,15],"tags":[],"class_list":["post-20827","post","type-post","status-publish","format-standard","has-post-thumbnail","hentry","category-actualites","category-culture"],"_links":{"self":[{"href":"https:\/\/ladepeche.mr\/index.php?rest_route=\/wp\/v2\/posts\/20827","targetHints":{"allow":["GET"]}}],"collection":[{"href":"https:\/\/ladepeche.mr\/index.php?rest_route=\/wp\/v2\/posts"}],"about":[{"href":"https:\/\/ladepeche.mr\/index.php?rest_route=\/wp\/v2\/types\/post"}],"author":[{"embeddable":true,"href":"https:\/\/ladepeche.mr\/index.php?rest_route=\/wp\/v2\/users\/2"}],"replies":[{"embeddable":true,"href":"https:\/\/ladepeche.mr\/index.php?rest_route=%2Fwp%2Fv2%2Fcomments&post=20827"}],"version-history":[{"count":1,"href":"https:\/\/ladepeche.mr\/index.php?rest_route=\/wp\/v2\/posts\/20827\/revisions"}],"predecessor-version":[{"id":20829,"href":"https:\/\/ladepeche.mr\/index.php?rest_route=\/wp\/v2\/posts\/20827\/revisions\/20829"}],"wp:featuredmedia":[{"embeddable":true,"href":"https:\/\/ladepeche.mr\/index.php?rest_route=\/wp\/v2\/media\/20828"}],"wp:attachment":[{"href":"https:\/\/ladepeche.mr\/index.php?rest_route=%2Fwp%2Fv2%2Fmedia&parent=20827"}],"wp:term":[{"taxonomy":"category","embeddable":true,"href":"https:\/\/ladepeche.mr\/index.php?rest_route=%2Fwp%2Fv2%2Fcategories&post=20827"},{"taxonomy":"post_tag","embeddable":true,"href":"https:\/\/ladepeche.mr\/index.php?rest_route=%2Fwp%2Fv2%2Ftags&post=20827"}],"curies":[{"name":"wp","href":"https:\/\/api.w.org\/{rel}","templated":true}]}}