{"id":20832,"date":"2026-03-08T22:09:58","date_gmt":"2026-03-08T22:09:58","guid":{"rendered":"https:\/\/ladepeche.mr\/?p=20832"},"modified":"2026-03-08T22:09:58","modified_gmt":"2026-03-08T22:09:58","slug":"cela-naurait-jamais-du-arriver-la-chine-exige-un-cessez-le-feu-immediat-au-moyen-orient","status":"publish","type":"post","link":"https:\/\/ladepeche.mr\/?p=20832","title":{"rendered":"\u00ab Cela n&#8217;aurait jamais d\u00fb arriver \u00bb : la Chine exige un cessez-le-feu \u00ab imm\u00e9diat \u00bb au Moyen-Orient"},"content":{"rendered":"<h4 style=\"text-align: left;\">La Chine et les \u00c9tats-Unis doivent faire preuve de respect mutuel et maintenir le principe fondamental de la coexistence pacifique, selon le chef de la diplomatie de P\u00e9kin.<\/h4>\n<p class=\"selectionShareable\" align=\"justify\">Le ministre chinois des Affaires \u00e9trang\u00e8res, Wang Yi, a exig\u00e9 dimanche un \u00ab arr\u00eat imm\u00e9diat des op\u00e9rations militaires \u00bb au Moyen-Orient afin de pr\u00e9venir une escalade et d&#8217;\u00e9viter un d\u00e9bordement du conflit, \u00e0 la suite de l&#8217;offensive am\u00e9ricano-isra\u00e9lienne contre l&#8217;Iran et des attaques de repr\u00e9sailles de T\u00e9h\u00e9ran, a rapport\u00e9 l&#8217;agence de presse officielle Xinhua.<\/p>\n<p class=\"selectionShareable\" align=\"justify\">\u00ab C&#8217;est une guerre qui n&#8217;aurait jamais d\u00fb avoir lieu et qui ne profite \u00e0 personne \u00bb, a d\u00e9clar\u00e9 Wang lors d&#8217;une conf\u00e9rence de presse annuelle sur la politique \u00e9trang\u00e8re, en marge des \u00ab Deux Sessions \u00bb \u00e0 P\u00e9kin.<\/p>\n<p class=\"selectionShareable\" align=\"justify\">\u00ab La force n&#8217;est pas le moyen de r\u00e9soudre les probl\u00e8mes, et le recours aux armes ne fera qu&#8217;engendrer de nouvelles haines \u00bb, a-t-il ajout\u00e9.<\/p>\n<p class=\"selectionShareable\" align=\"justify\">\u00c9voquant un autre conflit, Wang a affirm\u00e9 que la solution \u00e0 deux \u00c9tats est le seul moyen \u00ab \u00e9quitable et largement reconnu \u00bb de r\u00e9soudre la question palestinienne.<\/p>\n<p class=\"selectionShareable\" align=\"justify\">Appelant \u00e0 une \u00ab coexistence multipolaire \u00bb, Wang a soulign\u00e9 que la Chine et les \u00c9tats-Unis devaient faire preuve de respect mutuel et maintenir le principe fondamental de la coexistence pacifique.<\/p>\n<p class=\"selectionShareable\" align=\"justify\">Les relations sino-russes restent \u00ab solides comme un roc \u00bb malgr\u00e9 \u00ab l&#8217;\u00e9preuve des vents et des pluies \u00bb, a-t-il affirm\u00e9.<\/p>\n<p class=\"selectionShareable\" align=\"justify\">\u00ab La Chine travaillera dans le but de traduire la vision et le plan d&#8217;action pour la construction d&#8217;une communaut\u00e9 Asie-Pacifique en actions et en r\u00e9alit\u00e9 \u00bb, a-t-il pr\u00e9cis\u00e9.<\/p>\n<p class=\"selectionShareable\" align=\"justify\">Le renforcement du syst\u00e8me de protection de la s\u00e9curit\u00e9 des ressortissants et des int\u00e9r\u00eats chinois \u00e0 l&#8217;\u00e9tranger constitue la qu\u00eate incessante de la diplomatie chinoise dans cette nouvelle \u00e8re, a-t-il conclu.<\/p>\n<p class=\"selectionShareable\" align=\"justify\">aa.com.tr<\/p>\n","protected":false},"excerpt":{"rendered":"<p>La Chine et les \u00c9tats-Unis doivent faire preuve de respect mutuel et maintenir le principe fondamental de la coexistence pacifique, selon le chef de la diplomatie de P\u00e9kin. Le ministre chinois des Affaires \u00e9trang\u00e8res, Wang Yi, a exig\u00e9 dimanche un \u00ab arr\u00eat imm\u00e9diat des op\u00e9rations militaires \u00bb au Moyen-Orient afin de pr\u00e9venir une escalade et &hellip;<\/p>\n","protected":false},"author":2,"featured_media":20833,"comment_status":"open","ping_status":"open","sticky":false,"template":"","format":"standard","meta":{"footnotes":""},"categories":[18,29],"tags":[],"class_list":["post-20832","post","type-post","status-publish","format-standard","has-post-thumbnail","hentry","category-actualites","category-monde"],"_links":{"self":[{"href":"https:\/\/ladepeche.mr\/index.php?rest_route=\/wp\/v2\/posts\/20832","targetHints":{"allow":["GET"]}}],"collection":[{"href":"https:\/\/ladepeche.mr\/index.php?rest_route=\/wp\/v2\/posts"}],"about":[{"href":"https:\/\/ladepeche.mr\/index.php?rest_route=\/wp\/v2\/types\/post"}],"author":[{"embeddable":true,"href":"https:\/\/ladepeche.mr\/index.php?rest_route=\/wp\/v2\/users\/2"}],"replies":[{"embeddable":true,"href":"https:\/\/ladepeche.mr\/index.php?rest_route=%2Fwp%2Fv2%2Fcomments&post=20832"}],"version-history":[{"count":1,"href":"https:\/\/ladepeche.mr\/index.php?rest_route=\/wp\/v2\/posts\/20832\/revisions"}],"predecessor-version":[{"id":20834,"href":"https:\/\/ladepeche.mr\/index.php?rest_route=\/wp\/v2\/posts\/20832\/revisions\/20834"}],"wp:featuredmedia":[{"embeddable":true,"href":"https:\/\/ladepeche.mr\/index.php?rest_route=\/wp\/v2\/media\/20833"}],"wp:attachment":[{"href":"https:\/\/ladepeche.mr\/index.php?rest_route=%2Fwp%2Fv2%2Fmedia&parent=20832"}],"wp:term":[{"taxonomy":"category","embeddable":true,"href":"https:\/\/ladepeche.mr\/index.php?rest_route=%2Fwp%2Fv2%2Fcategories&post=20832"},{"taxonomy":"post_tag","embeddable":true,"href":"https:\/\/ladepeche.mr\/index.php?rest_route=%2Fwp%2Fv2%2Ftags&post=20832"}],"curies":[{"name":"wp","href":"https:\/\/api.w.org\/{rel}","templated":true}]}}