{"id":20836,"date":"2026-03-08T22:33:51","date_gmt":"2026-03-08T22:33:51","guid":{"rendered":"https:\/\/ladepeche.mr\/?p=20836"},"modified":"2026-03-08T22:33:51","modified_gmt":"2026-03-08T22:33:51","slug":"iran-mojtaba-khamenei-nomme-nouveau-guide-supreme","status":"publish","type":"post","link":"https:\/\/ladepeche.mr\/?p=20836","title":{"rendered":"Iran : Mojtaba Khamenei nomm\u00e9 nouveau guide supr\u00eame"},"content":{"rendered":"<h4>L\u2019Assembl\u00e9e des experts a d\u00e9sign\u00e9 Mojtaba Khamenei comme nouveau guide supr\u00eame de la R\u00e9publique islamique d\u2019Iran.<\/h4>\n<p class=\"selectionShareable\">L\u2019Assembl\u00e9e des experts d\u2019Iran a officiellement nomm\u00e9 Mojtaba Khamenei comme nouveau guide supr\u00eame, succ\u00e9dant \u00e0 son p\u00e8re Ali\u202fKhamenei, tu\u00e9 dans une frappe a\u00e9rienne am\u00e9ricano\u2011isra\u00e9lienne, ont rapport\u00e9 plusieurs m\u00e9dias et sources proches du pouvoir.<\/p>\n<p class=\"selectionShareable\">Le religieux de 56\u202fans, jusqu\u2019ici discret et sans mandat politique officiel, \u00e9tait d\u00e9j\u00e0 pressenti comme principal candidat pour reprendre la plus haute autorit\u00e9 politique et religieuse du pays. Son choix par l\u2019organe constitutionnel charg\u00e9 de la succession marque une \u00e9tape cl\u00e9 dans la transition du leadership iranien en pleine guerre r\u00e9gionale.<\/p>\n<p>aa.com.tr<\/p>\n<p>&nbsp;<\/p>\n","protected":false},"excerpt":{"rendered":"<p>L\u2019Assembl\u00e9e des experts a d\u00e9sign\u00e9 Mojtaba Khamenei comme nouveau guide supr\u00eame de la R\u00e9publique islamique d\u2019Iran. L\u2019Assembl\u00e9e des experts d\u2019Iran a officiellement nomm\u00e9 Mojtaba Khamenei comme nouveau guide supr\u00eame, succ\u00e9dant \u00e0 son p\u00e8re Ali\u202fKhamenei, tu\u00e9 dans une frappe a\u00e9rienne am\u00e9ricano\u2011isra\u00e9lienne, ont rapport\u00e9 plusieurs m\u00e9dias et sources proches du pouvoir. Le religieux de 56\u202fans, jusqu\u2019ici discret &hellip;<\/p>\n","protected":false},"author":2,"featured_media":20837,"comment_status":"open","ping_status":"open","sticky":false,"template":"","format":"standard","meta":{"footnotes":""},"categories":[18,29],"tags":[],"class_list":["post-20836","post","type-post","status-publish","format-standard","has-post-thumbnail","hentry","category-actualites","category-monde"],"_links":{"self":[{"href":"https:\/\/ladepeche.mr\/index.php?rest_route=\/wp\/v2\/posts\/20836","targetHints":{"allow":["GET"]}}],"collection":[{"href":"https:\/\/ladepeche.mr\/index.php?rest_route=\/wp\/v2\/posts"}],"about":[{"href":"https:\/\/ladepeche.mr\/index.php?rest_route=\/wp\/v2\/types\/post"}],"author":[{"embeddable":true,"href":"https:\/\/ladepeche.mr\/index.php?rest_route=\/wp\/v2\/users\/2"}],"replies":[{"embeddable":true,"href":"https:\/\/ladepeche.mr\/index.php?rest_route=%2Fwp%2Fv2%2Fcomments&post=20836"}],"version-history":[{"count":1,"href":"https:\/\/ladepeche.mr\/index.php?rest_route=\/wp\/v2\/posts\/20836\/revisions"}],"predecessor-version":[{"id":20838,"href":"https:\/\/ladepeche.mr\/index.php?rest_route=\/wp\/v2\/posts\/20836\/revisions\/20838"}],"wp:featuredmedia":[{"embeddable":true,"href":"https:\/\/ladepeche.mr\/index.php?rest_route=\/wp\/v2\/media\/20837"}],"wp:attachment":[{"href":"https:\/\/ladepeche.mr\/index.php?rest_route=%2Fwp%2Fv2%2Fmedia&parent=20836"}],"wp:term":[{"taxonomy":"category","embeddable":true,"href":"https:\/\/ladepeche.mr\/index.php?rest_route=%2Fwp%2Fv2%2Fcategories&post=20836"},{"taxonomy":"post_tag","embeddable":true,"href":"https:\/\/ladepeche.mr\/index.php?rest_route=%2Fwp%2Fv2%2Ftags&post=20836"}],"curies":[{"name":"wp","href":"https:\/\/api.w.org\/{rel}","templated":true}]}}