{"id":20840,"date":"2026-03-09T01:59:29","date_gmt":"2026-03-09T01:59:29","guid":{"rendered":"https:\/\/ladepeche.mr\/?p=20840"},"modified":"2026-03-09T01:59:29","modified_gmt":"2026-03-09T01:59:29","slug":"logique-detat-quel-cap-a-lere-du-nouveau-guide","status":"publish","type":"post","link":"https:\/\/ladepeche.mr\/?p=20840","title":{"rendered":"logique d\u2019\u00c9tat : quel cap \u00e0 l\u2019\u00e8re du nouveau Guide ?"},"content":{"rendered":"<p>Dans un contexte r\u00e9gional marqu\u00e9 par une mont\u00e9e des tensions entre l\u2019Iran, d\u2019une part, et les \u00c9tats-Unis ainsi qu\u2019Isra\u00ebl, d\u2019autre part, la question de l\u2019avenir du leadership \u00e0 T\u00e9h\u00e9ran a pris une dimension qui d\u00e9passe largement celle des personnes. Cette interrogation a d\u2019ailleurs pris une nouvelle ampleur apr\u00e8s l\u2019annonce de la d\u00e9signation de Mojtaba Khamenei comme Guide de la R\u00e9publique islamique, succ\u00e9dant \u00e0 son p\u00e8re, le d\u00e9funt Ali Khamenei. Une d\u00e9cision qui ouvre une nouvelle phase politique pour le r\u00e9gime iranien.<\/p>\n<p>Mais la port\u00e9e de cet \u00e9v\u00e9nement ne r\u00e9side pas uniquement dans la transmission du pouvoir. L\u2019accession de Mojtaba Khamenei \u00e0 la plus haute fonction religieuse et politique peut aussi \u00eatre interpr\u00e9t\u00e9e comme l\u2019expression d\u2019une volont\u00e9, au sein des centres de pouvoir \u00e0 T\u00e9h\u00e9ran, de pr\u00e9server la continuit\u00e9 du syst\u00e8me et de maintenir les \u00e9quilibres institutionnels construits au fil des derni\u00e8res d\u00e9cennies, notamment au sein d\u2019institutions cl\u00e9s telles que Corps des Gardiens de la r\u00e9volution islamique et de l\u2019establishment religieux. Elle peut \u00e9galement \u00eatre per\u00e7ue comme une tentative d\u2019\u00e9viter une transition incertaine dans un environnement r\u00e9gional particuli\u00e8rement instable et sous une pression internationale croissante.<br \/>\nLa R\u00e9publique islamique est n\u00e9e de l\u2019\u00e9lan r\u00e9volutionnaire de la R\u00e9volution iranienne, conduite par Ruhollah Khomeini, qui transforma l\u2019Iran d\u2019une monarchie en un \u00c9tat se d\u00e9finissant comme porteur d\u2019un projet r\u00e9volutionnaire aux r\u00e9sonances bien au-del\u00e0 de ses fronti\u00e8res. Dans cette perspective, le discours politique iranien s\u2019est largement nourri de la symbolique de Karbala, o\u00f9 le martyre de l\u2019imam Hussein est devenu une r\u00e9f\u00e9rence permanente dans la rh\u00e9torique de la lutte contre l\u2019injustice.<br \/>\nToutefois, l\u2019Iran d\u2019aujourd\u2019hui n\u2019est plus seulement un mouvement r\u00e9volutionnaire. Il s\u2019agit d\u00e9sormais d\u2019un \u00c9tat dot\u00e9 d\u2019int\u00e9r\u00eats \u00e9conomiques, strat\u00e9giques et s\u00e9curitaires complexes \u00e0 l\u2019\u00e9chelle r\u00e9gionale. Ces int\u00e9r\u00eats sont g\u00e9r\u00e9s par des institutions puissantes, dont le Corps des Gardiens de la r\u00e9volution islamique, devenu un acteur central dans l\u2019\u00e9laboration des orientations strat\u00e9giques du pays.<br \/>\nC\u2019est ici qu\u2019appara\u00eet la tension interne propre \u00e0 l\u2019exp\u00e9rience iranienne :<br \/>\nl\u2019Iran doit-il rester fid\u00e8le \u00e0 l\u2019esprit r\u00e9volutionnaire qui a fond\u00e9 la R\u00e9publique islamique, ou les exigences de l\u2019\u00c9tat imposent-elles une approche plus pragmatique ?<br \/>\nL\u2019histoire chiite offre \u00e0 cet \u00e9gard deux mod\u00e8les distincts dans la mani\u00e8re d\u2019appr\u00e9hender le pouvoir et le conflit.<br \/>\nLe premier est celui de la confrontation, incarn\u00e9 par al\u2011Mukhtar al\u2011Thaqafi, qui mena un soul\u00e8vement pour venger la mort de l\u2019imam Hussein et transforma la trag\u00e9die de Karbala en un projet politique et militaire de mobilisation.<br \/>\nLe second est celui de la sagesse politique, repr\u00e9sent\u00e9 par l\u2019imam Ali al\u2011Ridha, qui choisit de composer avec la r\u00e9alit\u00e9 du pouvoir abbasside lorsque le calife Al\u2011Ma&#8217;mun l\u2019invita au Khorassan et le d\u00e9signa comme h\u00e9ritier du tr\u00f4ne. Une exp\u00e9rience qui traduisait une volont\u00e9 de pr\u00e9server la communaut\u00e9 chiite au sein d\u2019un ordre politique existant plut\u00f4t que d\u2019entrer dans une confrontation frontale.<br \/>\nCette dualit\u00e9 historique refl\u00e8te en grande partie le dilemme auquel l\u2019Iran est confront\u00e9 aujourd\u2019hui.<br \/>\nFace \u00e0 l\u2019escalade des tensions avec Isra\u00ebl et les \u00c9tats-Unis, T\u00e9h\u00e9ran se trouve devant deux orientations strat\u00e9giques :<br \/>\nsoit transformer ce conflit en confrontation ouverte, nourrie par un discours mobilisateur inspir\u00e9 de la m\u00e9moire de Karbala ;<br \/>\nsoit g\u00e9rer l\u2019affrontement avec prudence, dans une logique d\u2019\u00e9quilibre des forces visant \u00e0 \u00e9viter une guerre g\u00e9n\u00e9ralis\u00e9e.<br \/>\nL\u2019exp\u00e9rience iranienne des derni\u00e8res d\u00e9cennies montre toutefois que T\u00e9h\u00e9ran a souvent privil\u00e9gi\u00e9 une voie interm\u00e9diaire : un discours r\u00e9volutionnaire puissant sur le plan symbolique, combin\u00e9 \u00e0 une gestion pragmatique et calcul\u00e9e des rapports de force sur le terrain.<br \/>\nDans ce contexte, l\u2019Iran pourrait \u00e9galement prendre conscience que son avenir r\u00e9gional ne se construit pas uniquement \u00e0 travers la puissance militaire, mais aussi par la capacit\u00e9 \u00e0 instaurer une relation de confiance avec son environnement arabe. Les relations entre T\u00e9h\u00e9ran et nombre de pays arabes ont longtemps \u00e9t\u00e9 marqu\u00e9es par la m\u00e9fiance, aliment\u00e9e notamment par les craintes li\u00e9es \u00e0 l\u2019exportation de la r\u00e9volution et \u00e0 l\u2019instrumentalisation des clivages confessionnels dans les conflits r\u00e9gionaux. D\u2019o\u00f9 la n\u00e9cessit\u00e9, pour l\u2019Iran, d\u2019ouvrir une nouvelle page fond\u00e9e sur le respect de la souverainet\u00e9 des \u00c9tats et la non-ing\u00e9rence dans leurs affaires internes, afin de transformer le voisinage r\u00e9gional d\u2019un espace de rivalit\u00e9 en un espace de coop\u00e9ration et de stabilit\u00e9.<br \/>\nDans le m\u00eame temps, les transformations en cours dans la r\u00e9gion posent un d\u00e9fi strat\u00e9gique aux pays du Golfe eux-m\u00eames. Les tensions persistantes et l\u2019\u00e9volution des \u00e9quilibres internationaux pourraient les inciter \u00e0 r\u00e9\u00e9valuer leurs doctrines s\u00e9curitaires, longtemps fond\u00e9es sur la protection militaire am\u00e9ricaine. \u00c0 mesure que les priorit\u00e9s globales des \u00c9tats\u2011Unis \u00e9voluent, ces \u00c9tats pourraient \u00eatre amen\u00e9s \u00e0 renforcer leurs capacit\u00e9s de d\u00e9fense autonome et \u00e0 d\u00e9velopper davantage de m\u00e9canismes de coop\u00e9ration s\u00e9curitaire r\u00e9gionale, afin de garantir leur stabilit\u00e9 et leurs int\u00e9r\u00eats strat\u00e9giques sans d\u00e9pendre enti\u00e8rement de garanties ext\u00e9rieures susceptibles de fluctuer.<br \/>\nCar l\u2019histoire ne se r\u00e9p\u00e8te jamais \u00e0 l\u2019identique, mais elle laisse des empreintes durables dans la mani\u00e8re dont les soci\u00e9t\u00e9s pensent la politique. Entre la m\u00e9moire de Karbala et les exigences de l\u2019\u00c9tat moderne, l\u2019Iran semble une fois de plus chercher l\u2019\u00e9quilibre d\u00e9licat entre l\u2019\u00e9lan r\u00e9volutionnaire et la raison d\u2019\u00c9tat.<br \/>\nDans cette nouvelle phase politique, la v\u00e9ritable question ne sera donc pas seulement de savoir qui occupe le sommet du pouvoir \u00e0 T\u00e9h\u00e9ran, mais quelle vision guidera l\u2019Iran dans les ann\u00e9es \u00e0 venir : celle d\u2019une r\u00e9volution perp\u00e9tu\u00e9e, ou celle d\u2019un \u00c9tat red\u00e9finissant sa place dans une r\u00e9gion travers\u00e9e par de profondes mutations?<\/p>\n<p><strong>Par:Ahmed Mohamed Hamada <\/strong><br \/>\n<strong>\u00c9crivain et analyste politique<\/strong><\/p>\n","protected":false},"excerpt":{"rendered":"<p>Dans un contexte r\u00e9gional marqu\u00e9 par une mont\u00e9e des tensions entre l\u2019Iran, d\u2019une part, et les \u00c9tats-Unis ainsi qu\u2019Isra\u00ebl, d\u2019autre part, la question de l\u2019avenir du leadership \u00e0 T\u00e9h\u00e9ran a pris une dimension qui d\u00e9passe largement celle des personnes. Cette interrogation a d\u2019ailleurs pris une nouvelle ampleur apr\u00e8s l\u2019annonce de la d\u00e9signation de Mojtaba Khamenei &hellip;<\/p>\n","protected":false},"author":2,"featured_media":20682,"comment_status":"open","ping_status":"open","sticky":false,"template":"","format":"standard","meta":{"footnotes":""},"categories":[18,29,19],"tags":[],"class_list":["post-20840","post","type-post","status-publish","format-standard","has-post-thumbnail","hentry","category-actualites","category-monde","category-tribune"],"_links":{"self":[{"href":"https:\/\/ladepeche.mr\/index.php?rest_route=\/wp\/v2\/posts\/20840","targetHints":{"allow":["GET"]}}],"collection":[{"href":"https:\/\/ladepeche.mr\/index.php?rest_route=\/wp\/v2\/posts"}],"about":[{"href":"https:\/\/ladepeche.mr\/index.php?rest_route=\/wp\/v2\/types\/post"}],"author":[{"embeddable":true,"href":"https:\/\/ladepeche.mr\/index.php?rest_route=\/wp\/v2\/users\/2"}],"replies":[{"embeddable":true,"href":"https:\/\/ladepeche.mr\/index.php?rest_route=%2Fwp%2Fv2%2Fcomments&post=20840"}],"version-history":[{"count":1,"href":"https:\/\/ladepeche.mr\/index.php?rest_route=\/wp\/v2\/posts\/20840\/revisions"}],"predecessor-version":[{"id":20841,"href":"https:\/\/ladepeche.mr\/index.php?rest_route=\/wp\/v2\/posts\/20840\/revisions\/20841"}],"wp:featuredmedia":[{"embeddable":true,"href":"https:\/\/ladepeche.mr\/index.php?rest_route=\/wp\/v2\/media\/20682"}],"wp:attachment":[{"href":"https:\/\/ladepeche.mr\/index.php?rest_route=%2Fwp%2Fv2%2Fmedia&parent=20840"}],"wp:term":[{"taxonomy":"category","embeddable":true,"href":"https:\/\/ladepeche.mr\/index.php?rest_route=%2Fwp%2Fv2%2Fcategories&post=20840"},{"taxonomy":"post_tag","embeddable":true,"href":"https:\/\/ladepeche.mr\/index.php?rest_route=%2Fwp%2Fv2%2Ftags&post=20840"}],"curies":[{"name":"wp","href":"https:\/\/api.w.org\/{rel}","templated":true}]}}