{"id":20844,"date":"2026-03-09T15:32:39","date_gmt":"2026-03-09T15:32:39","guid":{"rendered":"https:\/\/ladepeche.mr\/?p=20844"},"modified":"2026-03-09T15:32:39","modified_gmt":"2026-03-09T15:32:39","slug":"niger-les-autorites-annoncent-une-attaque-contre-laeroport-de-tahoua","status":"publish","type":"post","link":"https:\/\/ladepeche.mr\/?p=20844","title":{"rendered":"Niger : les autorit\u00e9s annoncent une attaque contre l\u2019a\u00e9roport de Tahoua"},"content":{"rendered":"<h4>&#8220;Plusieurs&#8221; assaillants neutralis\u00e9s et cinq suspects arr\u00eat\u00e9s.<\/h4>\n<p class=\"selectionShareable\">Les autorit\u00e9s nig\u00e9riennes ont annonc\u00e9, lundi, une attaque contre l\u2019a\u00e9roport de Tahoua (nord-ouest) par des hommes arm\u00e9s, dans la nuit de dimanche \u00e0 lundi.<\/p>\n<p class=\"selectionShareable\">\u00ab Le Gouverneur de la R\u00e9gion de Tahoua, Colonel-Major Souleymane Amadou Moussa, accompagn\u00e9 par les responsables r\u00e9gionaux des forces de d\u00e9fense et de s\u00e9curit\u00e9 des conseillers consultatifs de la Refondation, s\u2019est rendu, ce lundi 09 mars 2026, \u00e0 la base a\u00e9rienne 401 de l\u2019a\u00e9roport de Tahoua, victime d\u2019une attaque terroriste dans la nuit du lundi 9 mars 2026, aux environs de 3h05 (heure locale) \u00bb, a rapport\u00e9 l\u2019Agence nig\u00e9rienne de presse (officielle).<\/p>\n<p class=\"selectionShareable\">\u00ab Des individus arm\u00e9s, venus \u00e0 motos, ont fait irruption \u00e0 la base a\u00e9rienne 401 de Tahoua, o\u00f9 ils ont r\u00e9ussi \u00e0 endommager quelques hangars de drones \u00bb, a ajout\u00e9 la m\u00eame source, pr\u00e9cisant que \u00ab plusieurs \u00bb assaillants ont \u00e9t\u00e9 neutralis\u00e9s et cinq suspects arr\u00eat\u00e9s.<\/p>\n<p class=\"selectionShareable\">Aucune revendication n\u2019a \u00e9t\u00e9 enregistr\u00e9e par rapport \u00e0 cette attaque, lundi \u00e0 12h GMT.<\/p>\n<p class=\"selectionShareable\">Dans la nuit du 28 au 29 janvier dernier, une attaque similaire a vis\u00e9 l\u2019a\u00e9roport international Diori Hamani de la capitale nig\u00e9rienne Niamey.<\/p>\n<p class=\"selectionShareable\">Selon un bilan officiel, quatre militaires nig\u00e9riens ont \u00e9t\u00e9 bless\u00e9s dans cette attaque et vingt assaillants ont \u00e9t\u00e9 neutralis\u00e9s. L\u2019organisation terroriste Daech avait revendiqu\u00e9 cette attaque.<\/p>\n<p>aa.com.tr<\/p>\n","protected":false},"excerpt":{"rendered":"<p>&#8220;Plusieurs&#8221; assaillants neutralis\u00e9s et cinq suspects arr\u00eat\u00e9s. Les autorit\u00e9s nig\u00e9riennes ont annonc\u00e9, lundi, une attaque contre l\u2019a\u00e9roport de Tahoua (nord-ouest) par des hommes arm\u00e9s, dans la nuit de dimanche \u00e0 lundi. \u00ab Le Gouverneur de la R\u00e9gion de Tahoua, Colonel-Major Souleymane Amadou Moussa, accompagn\u00e9 par les responsables r\u00e9gionaux des forces de d\u00e9fense et de s\u00e9curit\u00e9 &hellip;<\/p>\n","protected":false},"author":2,"featured_media":20845,"comment_status":"open","ping_status":"open","sticky":false,"template":"","format":"standard","meta":{"footnotes":""},"categories":[18,29],"tags":[],"class_list":["post-20844","post","type-post","status-publish","format-standard","has-post-thumbnail","hentry","category-actualites","category-monde"],"_links":{"self":[{"href":"https:\/\/ladepeche.mr\/index.php?rest_route=\/wp\/v2\/posts\/20844","targetHints":{"allow":["GET"]}}],"collection":[{"href":"https:\/\/ladepeche.mr\/index.php?rest_route=\/wp\/v2\/posts"}],"about":[{"href":"https:\/\/ladepeche.mr\/index.php?rest_route=\/wp\/v2\/types\/post"}],"author":[{"embeddable":true,"href":"https:\/\/ladepeche.mr\/index.php?rest_route=\/wp\/v2\/users\/2"}],"replies":[{"embeddable":true,"href":"https:\/\/ladepeche.mr\/index.php?rest_route=%2Fwp%2Fv2%2Fcomments&post=20844"}],"version-history":[{"count":1,"href":"https:\/\/ladepeche.mr\/index.php?rest_route=\/wp\/v2\/posts\/20844\/revisions"}],"predecessor-version":[{"id":20846,"href":"https:\/\/ladepeche.mr\/index.php?rest_route=\/wp\/v2\/posts\/20844\/revisions\/20846"}],"wp:featuredmedia":[{"embeddable":true,"href":"https:\/\/ladepeche.mr\/index.php?rest_route=\/wp\/v2\/media\/20845"}],"wp:attachment":[{"href":"https:\/\/ladepeche.mr\/index.php?rest_route=%2Fwp%2Fv2%2Fmedia&parent=20844"}],"wp:term":[{"taxonomy":"category","embeddable":true,"href":"https:\/\/ladepeche.mr\/index.php?rest_route=%2Fwp%2Fv2%2Fcategories&post=20844"},{"taxonomy":"post_tag","embeddable":true,"href":"https:\/\/ladepeche.mr\/index.php?rest_route=%2Fwp%2Fv2%2Ftags&post=20844"}],"curies":[{"name":"wp","href":"https:\/\/api.w.org\/{rel}","templated":true}]}}