{"id":20847,"date":"2026-03-09T17:31:24","date_gmt":"2026-03-09T17:31:24","guid":{"rendered":"https:\/\/ladepeche.mr\/?p=20847"},"modified":"2026-03-09T17:31:24","modified_gmt":"2026-03-09T17:31:24","slug":"le-ghana-proteste-a-lonu-apres-lattaque-de-ses-casques-bleus-au-liban","status":"publish","type":"post","link":"https:\/\/ladepeche.mr\/?p=20847","title":{"rendered":"Le Ghana proteste \u00e0 l\u2019ONU apr\u00e8s l\u2019attaque de ses Casques bleus au Liban"},"content":{"rendered":"<p data-t=\"{&quot;n&quot;:&quot;blueLinks&quot;,&quot;t&quot;:13,&quot;a&quot;:&quot;click&quot;,&quot;b&quot;:76}\"><strong>Le minist\u00e8re ghan\u00e9en des Affaires \u00e9trang\u00e8res a saisi le secr\u00e9taire g\u00e9n\u00e9ral de l\u2019ONU apr\u00e8s que deux soldats de la paix ghan\u00e9ens ont \u00e9t\u00e9 bless\u00e9s lors d\u2019une attaque isra\u00e9lienne contre une position de la Finul.<\/strong><\/p>\n<div class=\"article-image-slot image-slot-placeholder\" data-doc-id=\"cms\/api\/amp\/image\/AA1XQrNf\">\n<div class=\"article-image-slot\">\n<div class=\"article-image-container polished\" data-t=\"{&quot;n&quot;:&quot;OpenModal&quot;,&quot;t&quot;:13,&quot;b&quot;:8,&quot;c.i&quot;:&quot;AA1XQuhm&quot;,&quot;c.l&quot;:false,&quot;c.t&quot;:13,&quot;c.v&quot;:&quot;news&quot;,&quot;c.c&quot;:&quot;others&quot;,&quot;c.b&quot;:&quot;Jeune Afrique&quot;,&quot;c.bi&quot;:&quot;BB141bRa&quot;,&quot;c.tv&quot;:&quot;news&quot;,&quot;c.tc&quot;:&quot;general&quot;,&quot;c.hl&quot;:&quot;Le Ghana proteste \u00e0 l\u2019ONU apr\u00e8s l\u2019attaque de ses Casques bleus au Liban&quot;}\" data-test-id=\"AA1XQrNf\">C\u2019est\u00a0<a href=\"https:\/\/www.jeuneafrique.com\/1771029\/politique\/guerre-au-moyen-orient-les-reactions-contrastees-des-pays-africains-face-au-conflit\/?utm_source=microsoft&amp;utm_medium=feeds&amp;utm_campaign=feeds-microsoft-v1\" target=\"_blank\" rel=\"noopener\" data-t=\"{&quot;n&quot;:&quot;destination&quot;,&quot;t&quot;:13,&quot;a&quot;:&quot;click&quot;,&quot;b&quot;:1,&quot;c.t&quot;:7}\">une Afrique manifestement g\u00ean\u00e9e aux entournures qui assiste<\/a>\u00a0\u00e0 la guerre men\u00e9e en Iran par Isra\u00ebl et les \u00c9tats-Unis. Le\u00a0<a href=\"https:\/\/www.jeuneafrique.com\/pays\/ghana\/?utm_source=microsoft&amp;utm_medium=feeds&amp;utm_campaign=feeds-microsoft-v1\" target=\"_blank\" rel=\"noopener\" data-t=\"{&quot;n&quot;:&quot;destination&quot;,&quot;t&quot;:13,&quot;a&quot;:&quot;click&quot;,&quot;b&quot;:1,&quot;c.t&quot;:7}\">Ghana<\/a>\u00a0vit cette s\u00e9quence historique sous un prisme sp\u00e9cifique : dans le\u00a0<a href=\"https:\/\/www.jeuneafrique.com\/1770881\/politique\/israel-lance-de-nouvelles-frappes-contre-liran-et-le-liban-au-cinquieme-jour-de-la-guerre\/?utm_source=microsoft&amp;utm_medium=feeds&amp;utm_campaign=feeds-microsoft-v1\" target=\"_blank\" rel=\"noopener\" data-t=\"{&quot;n&quot;:&quot;destination&quot;,&quot;t&quot;:13,&quot;a&quot;:&quot;click&quot;,&quot;b&quot;:1,&quot;c.t&quot;:7}\">second front de l\u2019offensive israelo-am\u00e9ricaine<\/a>, celui ouvert au Liban, pays h\u00f4te du mouvement islamiste\u00a0<a href=\"https:\/\/www.jeuneafrique.com\/1692101\/politique\/cote-divoire-a-abidjan-le-fbi-sur-la-piste-dun-financement-du-hezbollah-libanais\/?utm_source=microsoft&amp;utm_medium=feeds&amp;utm_campaign=feeds-microsoft-v1\" target=\"_blank\" rel=\"noopener\" data-t=\"{&quot;n&quot;:&quot;destination&quot;,&quot;t&quot;:13,&quot;a&quot;:&quot;click&quot;,&quot;b&quot;:1,&quot;c.t&quot;:7}\">Hezbollah<\/a>, une attaque de missiles a endommag\u00e9, le 6\u00a0mars, une position de la Force int\u00e9rimaire des Nations unies au Liban (Finul). Or, l\u2019un des plus anciens et importants contributeurs de la force n\u2019est autre que le Ghana, avec un bataillon d\u2019environ 850 \u00e0 900 soldats actifs dans le sud du Liban.<\/div>\n<\/div>\n<\/div>\n<div data-t=\"{&quot;n&quot;:&quot;OpenModal&quot;,&quot;t&quot;:13,&quot;b&quot;:8,&quot;c.i&quot;:&quot;AA1XQuhm&quot;,&quot;c.l&quot;:false,&quot;c.t&quot;:13,&quot;c.v&quot;:&quot;news&quot;,&quot;c.c&quot;:&quot;others&quot;,&quot;c.b&quot;:&quot;Jeune Afrique&quot;,&quot;c.bi&quot;:&quot;BB141bRa&quot;,&quot;c.tv&quot;:&quot;news&quot;,&quot;c.tc&quot;:&quot;general&quot;,&quot;c.hl&quot;:&quot;Le Ghana proteste \u00e0 l\u2019ONU apr\u00e8s l\u2019attaque de ses Casques bleus au Liban&quot;}\" data-test-id=\"AA1XQrNf\"><\/div>\n<div data-t=\"{&quot;n&quot;:&quot;OpenModal&quot;,&quot;t&quot;:13,&quot;b&quot;:8,&quot;c.i&quot;:&quot;AA1XQuhm&quot;,&quot;c.l&quot;:false,&quot;c.t&quot;:13,&quot;c.v&quot;:&quot;news&quot;,&quot;c.c&quot;:&quot;others&quot;,&quot;c.b&quot;:&quot;Jeune Afrique&quot;,&quot;c.bi&quot;:&quot;BB141bRa&quot;,&quot;c.tv&quot;:&quot;news&quot;,&quot;c.tc&quot;:&quot;general&quot;,&quot;c.hl&quot;:&quot;Le Ghana proteste \u00e0 l\u2019ONU apr\u00e8s l\u2019attaque de ses Casques bleus au Liban&quot;}\" data-test-id=\"AA1XQrNf\">\n<h2 class=\"article-sub-heading\">Soldats de la paix en pleine guerre<\/h2>\n<p class=\"continue-read-break\" data-t=\"{&quot;n&quot;:&quot;blueLinks&quot;,&quot;t&quot;:13,&quot;a&quot;:&quot;click&quot;,&quot;b&quot;:76}\">L\u2019Agence nationale d\u2019information libanaise (ANI) \u00e9voque \u00ab\u00a0plusieurs membres des forces ghan\u00e9ennes\u00a0\u00bb atteints \u00ab\u00a0apr\u00e8s que leur position dans la ville d\u2019al-Qaouzah a \u00e9t\u00e9 prise pour cible\u00a0\u00bb. Selon l\u2019arm\u00e9e ghan\u00e9enne, ce sont deux\u00a0<a href=\"https:\/\/www.jeuneafrique.com\/1764844\/politique\/rdc-prise-en-etau-la-monusco-peut-elle-contribuer-au-cessez-le-feu-dans-lest\/?utm_source=microsoft&amp;utm_medium=feeds&amp;utm_campaign=feeds-microsoft-v1\" target=\"_blank\" rel=\"noopener\" data-t=\"{&quot;n&quot;:&quot;destination&quot;,&quot;t&quot;:13,&quot;a&quot;:&quot;click&quot;,&quot;b&quot;:1,&quot;c.t&quot;:7}\">Casques bleus<\/a>\u00a0qui auraient \u00e9t\u00e9 \u00ab\u00a0gri\u00e8vement bless\u00e9s\u00a0\u00bb et un autre \u00ab\u00a0traumatis\u00e9\u00a0\u00bb. \u00ab\u00a0Dans un \u00e9tat stable\u00a0\u00bb, ils auraient \u00e9t\u00e9 pris en charge dans l\u2019attente d\u2019une \u00e9vacuation vers un h\u00f4pital de la force onusienne. Le b\u00e2timent accueillant le mess des officiers aurait \u00e9t\u00e9 \u00ab\u00a0enti\u00e8rement br\u00fbl\u00e9\u00a0\u00bb. L\u2019attaque a \u00e9t\u00e9 \u00ab\u00a0directe\u00a0\u00bb, a affirm\u00e9 le chef de l\u2019\u00c9tat libanais, Joseph Aoun.<\/p>\n<p data-t=\"{&quot;n&quot;:&quot;blueLinks&quot;,&quot;t&quot;:13,&quot;a&quot;:&quot;click&quot;,&quot;b&quot;:76}\">Apr\u00e8s avoir \u00ab\u00a0fermement\u00a0\u00bb condamn\u00e9 l\u2019agression isra\u00e9lienne, Samuel Okudzeto Ablakwa, le minist\u00e8re ghan\u00e9en des Affaires \u00e9trang\u00e8res a annonc\u00e9 le d\u00e9p\u00f4t d\u2019une \u00ab\u00a0protestation\u00a0\u00bb aupr\u00e8s du secr\u00e9taire g\u00e9n\u00e9ral des Nations unies,\u00a0<a href=\"http:\/\/www.jeuneafrique.com\/personnalites\/antonio-guterres\/?utm_source=microsoft&amp;utm_medium=feeds&amp;utm_campaign=feeds-microsoft-v1\" target=\"_blank\" rel=\"noopener\" data-t=\"{&quot;n&quot;:&quot;destination&quot;,&quot;t&quot;:13,&quot;a&quot;:&quot;click&quot;,&quot;b&quot;:1,&quot;c.t&quot;:7}\">Ant\u00f3nio Guterres<\/a>. Les autorit\u00e9s du Ghana souhaitent qu\u2019\u00ab\u00a0une enqu\u00eate compl\u00e8te, imm\u00e9diate, impartiale et transparente\u00a0\u00bb permette d\u2019identifier les \u00ab\u00a0responsables\u00a0\u00bb afin que ceux-ci soient \u00ab\u00a0plac\u00e9s devant leurs responsabilit\u00e9s\u00a0\u00bb. Accra n\u2019h\u00e9site pas \u00e0 consid\u00e9rer que l\u2019agression \u00ab\u00a0\u00e9quivaut \u00e0 un crime de guerre\u00a0\u00bb portant de surcro\u00eet atteinte \u00ab\u00a0aux protections accord\u00e9es au personnel de maintien de la paix des Nations Unies\u00a0\u00bb.<\/p>\n<p data-t=\"{&quot;n&quot;:&quot;blueLinks&quot;,&quot;t&quot;:13,&quot;a&quot;:&quot;click&quot;,&quot;b&quot;:76}\"><a href=\"https:\/\/www.msn.com\/fr-xl\/actualite\/other\/le-ghana-proteste-%C3%A0-l-onu-apr%C3%A8s-l-attaque-de-ses-casques-bleus-au-liban\/ar-AA1XQuhm?ocid=msedgntp&amp;pc=U531&amp;cvid=88cbc7af49d24116bb24cb27e7bf669d&amp;cvpid=d5c1a6b1cfe84e00d7909aa7829456c0&amp;ei=13\">Le Ghana proteste \u00e0 l\u2019ONU apr\u00e8s l\u2019attaque de ses Casques bleus au Liban<\/a><\/p>\n<\/div>\n","protected":false},"excerpt":{"rendered":"<p>Le minist\u00e8re ghan\u00e9en des Affaires \u00e9trang\u00e8res a saisi le secr\u00e9taire g\u00e9n\u00e9ral de l\u2019ONU apr\u00e8s que deux soldats de la paix ghan\u00e9ens ont \u00e9t\u00e9 bless\u00e9s lors d\u2019une attaque isra\u00e9lienne contre une position de la Finul. C\u2019est\u00a0une Afrique manifestement g\u00ean\u00e9e aux entournures qui assiste\u00a0\u00e0 la guerre men\u00e9e en Iran par Isra\u00ebl et les \u00c9tats-Unis. Le\u00a0Ghana\u00a0vit cette s\u00e9quence &hellip;<\/p>\n","protected":false},"author":2,"featured_media":20848,"comment_status":"open","ping_status":"open","sticky":false,"template":"","format":"standard","meta":{"footnotes":""},"categories":[18,29],"tags":[],"class_list":["post-20847","post","type-post","status-publish","format-standard","has-post-thumbnail","hentry","category-actualites","category-monde"],"_links":{"self":[{"href":"https:\/\/ladepeche.mr\/index.php?rest_route=\/wp\/v2\/posts\/20847","targetHints":{"allow":["GET"]}}],"collection":[{"href":"https:\/\/ladepeche.mr\/index.php?rest_route=\/wp\/v2\/posts"}],"about":[{"href":"https:\/\/ladepeche.mr\/index.php?rest_route=\/wp\/v2\/types\/post"}],"author":[{"embeddable":true,"href":"https:\/\/ladepeche.mr\/index.php?rest_route=\/wp\/v2\/users\/2"}],"replies":[{"embeddable":true,"href":"https:\/\/ladepeche.mr\/index.php?rest_route=%2Fwp%2Fv2%2Fcomments&post=20847"}],"version-history":[{"count":1,"href":"https:\/\/ladepeche.mr\/index.php?rest_route=\/wp\/v2\/posts\/20847\/revisions"}],"predecessor-version":[{"id":20849,"href":"https:\/\/ladepeche.mr\/index.php?rest_route=\/wp\/v2\/posts\/20847\/revisions\/20849"}],"wp:featuredmedia":[{"embeddable":true,"href":"https:\/\/ladepeche.mr\/index.php?rest_route=\/wp\/v2\/media\/20848"}],"wp:attachment":[{"href":"https:\/\/ladepeche.mr\/index.php?rest_route=%2Fwp%2Fv2%2Fmedia&parent=20847"}],"wp:term":[{"taxonomy":"category","embeddable":true,"href":"https:\/\/ladepeche.mr\/index.php?rest_route=%2Fwp%2Fv2%2Fcategories&post=20847"},{"taxonomy":"post_tag","embeddable":true,"href":"https:\/\/ladepeche.mr\/index.php?rest_route=%2Fwp%2Fv2%2Ftags&post=20847"}],"curies":[{"name":"wp","href":"https:\/\/api.w.org\/{rel}","templated":true}]}}