{"id":20850,"date":"2026-03-09T17:36:04","date_gmt":"2026-03-09T17:36:04","guid":{"rendered":"https:\/\/ladepeche.mr\/?p=20850"},"modified":"2026-03-09T17:36:39","modified_gmt":"2026-03-09T17:36:39","slug":"le-maed-examine-avec-le-coordonnateur-resident-du-systeme-des-nations-unies-les-moyens-de-renforcer-lappui-au-developpement","status":"publish","type":"post","link":"https:\/\/ladepeche.mr\/?p=20850","title":{"rendered":"Le MAED examine avec le coordonnateur r\u00e9sident du SNU les moyens de renforcer l\u2019appui au d\u00e9veloppement"},"content":{"rendered":"<p>Le ministre des Affaires \u00e9conomiques et du D\u00e9veloppement, Son Excellence M. Abdallah Ould Souleymane Ould Cheikh Sidia, a re\u00e7u en audience, vendredi apr\u00e8s-midi dans son bureau \u00e0 Nouakchott, le nouveau coordonnateur r\u00e9sident du syst\u00e8me des Nations Unies en Mauritanie, M. Antonio Aranibar.<\/p>\n<p>La rencontre a permis de passer en revue les relations de coop\u00e9ration existant entre la Mauritanie et le syst\u00e8me des Nations Unies, ainsi que les moyens de renforcer la coordination conjointe afin d\u2019assurer une meilleure efficacit\u00e9 des interventions men\u00e9es par les diff\u00e9rentes agences onusiennes dans le pays.<\/p>\n<p>Les deux parties ont \u00e9galement examin\u00e9 les m\u00e9canismes permettant d\u2019aligner le cadre strat\u00e9gique du partenariat pour le d\u00e9veloppement durable sur les priorit\u00e9s nationales d\u00e9finies par les politiques gouvernementales, notamment dans les domaines de la croissance inclusive, des services sociaux de base et de la gouvernance.<\/p>\n<p>Au cours de l\u2019entretien, le ministre a salu\u00e9 le r\u00f4le essentiel jou\u00e9 par le syst\u00e8me des Nations Unies, \u00e0 travers l\u2019ensemble de ses agences, dans l\u2019accompagnement des efforts de d\u00e9veloppement de la Mauritanie et dans la r\u00e9alisation des Objectifs de d\u00e9veloppement durable. Il a, par ailleurs, r\u00e9affirm\u00e9 la volont\u00e9 du D\u00e9partement de lever toutes les contraintes afin d\u2019assurer la r\u00e9ussite des programmes conjoints.<\/p>\n<p>Le ministre a \u00e9galement \u00e9voqu\u00e9 les pr\u00e9paratifs relatifs \u00e0 l\u2019\u00e9laboration du troisi\u00e8me plan d\u2019action pour la mise en \u0153uvre de la Strat\u00e9gie de croissance acc\u00e9l\u00e9r\u00e9e et de prosp\u00e9rit\u00e9 partag\u00e9e (2026-2030), ainsi que les moyens de mobiliser les financements n\u00e9cessaires \u00e0 ce plan et aux programmes structurels engag\u00e9s par le gouvernement.<\/p>\n<p>Pour sa part, M. Antonio Aranibar a r\u00e9it\u00e9r\u00e9 l\u2019engagement du syst\u00e8me des Nations Unies \u00e0 poursuivre son appui technique et financier \u00e0 la Mauritanie, saluant le niveau de coop\u00e9ration \u00e9troite \u00e9tabli avec le minist\u00e8re des Affaires \u00e9conomiques et du D\u00e9veloppement dans la supervision des projets visant \u00e0 am\u00e9liorer les conditions de vie des populations et \u00e0 renforcer la r\u00e9silience \u00e9conomique.<\/p>\n<p>La rencontre s\u2019est d\u00e9roul\u00e9e en pr\u00e9sence du directeur g\u00e9n\u00e9ral des Politiques et Strat\u00e9gies de d\u00e9veloppement, M. Cheikhna Ould Beddad, et du directeur g\u00e9n\u00e9ral adjoint, M. Mohamed Abderrahmane Ould Mohamed Yesslem.<\/p>\n<p>Source MAED<\/p>\n","protected":false},"excerpt":{"rendered":"<p>Le ministre des Affaires \u00e9conomiques et du D\u00e9veloppement, Son Excellence M. Abdallah Ould Souleymane Ould Cheikh Sidia, a re\u00e7u en audience, vendredi apr\u00e8s-midi dans son bureau \u00e0 Nouakchott, le nouveau coordonnateur r\u00e9sident du syst\u00e8me des Nations Unies en Mauritanie, M. Antonio Aranibar. La rencontre a permis de passer en revue les relations de coop\u00e9ration existant &hellip;<\/p>\n","protected":false},"author":2,"featured_media":20851,"comment_status":"open","ping_status":"open","sticky":false,"template":"","format":"standard","meta":{"footnotes":""},"categories":[18,2],"tags":[],"class_list":["post-20850","post","type-post","status-publish","format-standard","has-post-thumbnail","hentry","category-actualites","category-economie"],"_links":{"self":[{"href":"https:\/\/ladepeche.mr\/index.php?rest_route=\/wp\/v2\/posts\/20850","targetHints":{"allow":["GET"]}}],"collection":[{"href":"https:\/\/ladepeche.mr\/index.php?rest_route=\/wp\/v2\/posts"}],"about":[{"href":"https:\/\/ladepeche.mr\/index.php?rest_route=\/wp\/v2\/types\/post"}],"author":[{"embeddable":true,"href":"https:\/\/ladepeche.mr\/index.php?rest_route=\/wp\/v2\/users\/2"}],"replies":[{"embeddable":true,"href":"https:\/\/ladepeche.mr\/index.php?rest_route=%2Fwp%2Fv2%2Fcomments&post=20850"}],"version-history":[{"count":2,"href":"https:\/\/ladepeche.mr\/index.php?rest_route=\/wp\/v2\/posts\/20850\/revisions"}],"predecessor-version":[{"id":20853,"href":"https:\/\/ladepeche.mr\/index.php?rest_route=\/wp\/v2\/posts\/20850\/revisions\/20853"}],"wp:featuredmedia":[{"embeddable":true,"href":"https:\/\/ladepeche.mr\/index.php?rest_route=\/wp\/v2\/media\/20851"}],"wp:attachment":[{"href":"https:\/\/ladepeche.mr\/index.php?rest_route=%2Fwp%2Fv2%2Fmedia&parent=20850"}],"wp:term":[{"taxonomy":"category","embeddable":true,"href":"https:\/\/ladepeche.mr\/index.php?rest_route=%2Fwp%2Fv2%2Fcategories&post=20850"},{"taxonomy":"post_tag","embeddable":true,"href":"https:\/\/ladepeche.mr\/index.php?rest_route=%2Fwp%2Fv2%2Ftags&post=20850"}],"curies":[{"name":"wp","href":"https:\/\/api.w.org\/{rel}","templated":true}]}}