{"id":20857,"date":"2026-03-10T14:48:04","date_gmt":"2026-03-10T14:48:04","guid":{"rendered":"https:\/\/ladepeche.mr\/?p=20857"},"modified":"2026-03-10T14:48:04","modified_gmt":"2026-03-10T14:48:04","slug":"la-rim-obtient-un-financement-de-litfc-dun-milliard-usd","status":"publish","type":"post","link":"https:\/\/ladepeche.mr\/?p=20857","title":{"rendered":"La RIM obtient un financement de l\u2019ITFC d\u2019un milliard Usd"},"content":{"rendered":"<p style=\"text-align: left;\">ILa Mauritanie a sign\u00e9 lundi \u00e0 Djeddah un accord-cadre strat\u00e9gique d\u2019une valeur d\u2019un milliard de dollars avec la Soci\u00e9t\u00e9 internationale islamique de financement du commerce (ITFC), une institution membre du Groupe de la Banque islamique de d\u00e9veloppement.<\/p>\n<p>Le document a \u00e9t\u00e9 paraph\u00e9 par le ministre des Affaires \u00e9conomiques et du D\u00e9veloppement, Dr Abdallah Ould Souleymane Ould Cheikh Sidia, au si\u00e8ge du groupe \u00e0 Djeddah, en Arabie saoudite.<\/p>\n<p>Conclu pour une p\u00e9riode de cinq ans (2026-2030), cet accord vise \u00e0 appuyer les efforts de d\u00e9veloppement \u00e9conomique et social de la Mauritanie \u00e0 travers des m\u00e9canismes de financement et des programmes destin\u00e9s \u00e0 renforcer les capacit\u00e9s commerciales du pays.<\/p>\n<p>Le partenariat pr\u00e9voit notamment la mobilisation de ressources financi\u00e8res au profit de secteurs jug\u00e9s prioritaires, parmi lesquels l\u2019\u00e9nergie, le syst\u00e8me bancaire et le secteur priv\u00e9. Des facilit\u00e9s de cr\u00e9dit sont \u00e9galement pr\u00e9vues afin de soutenir les petites et moyennes entreprises et encourager l\u2019initiative entrepreneuriale.<\/p>\n<p>L\u2019accord comprend en outre des programmes d\u2019assistance technique destin\u00e9s \u00e0 am\u00e9liorer la productivit\u00e9 agricole et \u00e0 faciliter les \u00e9changes commerciaux dans plusieurs fili\u00e8res strat\u00e9giques, dans l\u2019objectif de renforcer la comp\u00e9titivit\u00e9 de l\u2019\u00e9conomie mauritanienne sur les march\u00e9s internationaux.<\/p>\n<p>La c\u00e9r\u00e9monie de signature s\u2019est tenue en pr\u00e9sence du directeur g\u00e9n\u00e9ral de l\u2019ITFC, Adeeb Youssef Al-Aama, du gouverneur de la Banque centrale de Mauritanie, Mohamed Lemine Ould Dhehbi, ainsi que de l\u2019ambassadeur de Mauritanie en Arabie saoudite, Mokhtar Ould Dahi.<\/p>\n<p>\u00c0 cette occasion, le ministre des Affaires \u00e9conomiques a indiqu\u00e9 que cet accord s\u2019inscrit dans le cadre de la vision de d\u00e9veloppement port\u00e9e par le pr\u00e9sident de la R\u00e9publique, Mohamed Ould Cheikh El Ghazouani, et du programme d\u2019action du gouvernement dirig\u00e9 par le Premier ministre Mokhtar Ould Diay, visant \u00e0 acc\u00e9l\u00e9rer la croissance durable du pays.<\/p>\n<p>Pour sa part, le directeur g\u00e9n\u00e9ral de l\u2019ITFC a affirm\u00e9 que ce partenariat refl\u00e8te l\u2019engagement de l\u2019institution \u00e0 accompagner ses \u00c9tats membres en favorisant un d\u00e9veloppement tir\u00e9 par le commerce et en renfor\u00e7ant les opportunit\u00e9s d\u2019investissement dans les secteurs cl\u00e9s de l\u2019\u00e9conomie mauritanienne.<br \/>\n(avec communiqu\u00e9)<\/p>\n","protected":false},"excerpt":{"rendered":"<p>ILa Mauritanie a sign\u00e9 lundi \u00e0 Djeddah un accord-cadre strat\u00e9gique d\u2019une valeur d\u2019un milliard de dollars avec la Soci\u00e9t\u00e9 internationale islamique de financement du commerce (ITFC), une institution membre du Groupe de la Banque islamique de d\u00e9veloppement. Le document a \u00e9t\u00e9 paraph\u00e9 par le ministre des Affaires \u00e9conomiques et du D\u00e9veloppement, Dr Abdallah Ould Souleymane &hellip;<\/p>\n","protected":false},"author":2,"featured_media":20859,"comment_status":"open","ping_status":"open","sticky":false,"template":"","format":"standard","meta":{"footnotes":""},"categories":[18,2],"tags":[],"class_list":["post-20857","post","type-post","status-publish","format-standard","has-post-thumbnail","hentry","category-actualites","category-economie"],"_links":{"self":[{"href":"https:\/\/ladepeche.mr\/index.php?rest_route=\/wp\/v2\/posts\/20857","targetHints":{"allow":["GET"]}}],"collection":[{"href":"https:\/\/ladepeche.mr\/index.php?rest_route=\/wp\/v2\/posts"}],"about":[{"href":"https:\/\/ladepeche.mr\/index.php?rest_route=\/wp\/v2\/types\/post"}],"author":[{"embeddable":true,"href":"https:\/\/ladepeche.mr\/index.php?rest_route=\/wp\/v2\/users\/2"}],"replies":[{"embeddable":true,"href":"https:\/\/ladepeche.mr\/index.php?rest_route=%2Fwp%2Fv2%2Fcomments&post=20857"}],"version-history":[{"count":2,"href":"https:\/\/ladepeche.mr\/index.php?rest_route=\/wp\/v2\/posts\/20857\/revisions"}],"predecessor-version":[{"id":20860,"href":"https:\/\/ladepeche.mr\/index.php?rest_route=\/wp\/v2\/posts\/20857\/revisions\/20860"}],"wp:featuredmedia":[{"embeddable":true,"href":"https:\/\/ladepeche.mr\/index.php?rest_route=\/wp\/v2\/media\/20859"}],"wp:attachment":[{"href":"https:\/\/ladepeche.mr\/index.php?rest_route=%2Fwp%2Fv2%2Fmedia&parent=20857"}],"wp:term":[{"taxonomy":"category","embeddable":true,"href":"https:\/\/ladepeche.mr\/index.php?rest_route=%2Fwp%2Fv2%2Fcategories&post=20857"},{"taxonomy":"post_tag","embeddable":true,"href":"https:\/\/ladepeche.mr\/index.php?rest_route=%2Fwp%2Fv2%2Ftags&post=20857"}],"curies":[{"name":"wp","href":"https:\/\/api.w.org\/{rel}","templated":true}]}}