{"id":2086,"date":"2022-09-25T19:40:28","date_gmt":"2022-09-25T19:40:28","guid":{"rendered":"https:\/\/ladepeche.mr\/?p=2086"},"modified":"2022-09-25T19:40:28","modified_gmt":"2022-09-25T19:40:28","slug":"changement-climatique-33-milliards-de-dollars-durgence-pour-le-sahel","status":"publish","type":"post","link":"https:\/\/ladepeche.mr\/?p=2086","title":{"rendered":"Changement climatique : 33 milliards de dollars d\u2019urgence pour le Sahel"},"content":{"rendered":"<p>Si rien n\u2019est fait pour adapter les \u00e9conomies au changement climatique, le PIB des cinq pays de la r\u00e9gion (Mali, Niger, Burkina Faso, Tchad et Mauritanie) pourrait enregistrer une baisse allant jusqu\u2019\u00e0 11,7 % d\u2019ici 2050, rien qu\u2019en raison d\u2019une p\u00e9nurie d\u2019eau li\u00e9e au d\u00e9r\u00e8glement climatique, estime la Banque mondiale dans un rapport qu\u2019elle vient de publier.<\/p>\n<p>Les besoins en financements des pays du Sahel pour l\u2019adaptation au changement climatique d\u2019ici 2030 se chiffrent \u00e0 33 milliards de dollars, selon la Banque mondiale dans une \u00e9tude intitul\u00e9e \u00abR\u00e9gion du G5 Sahel-Rapport national sur le climat et le d\u00e9veloppement\u00bb. Les auteurs de l\u2019\u00e9tude \u00e9valuent \u00e9galement les besoins en financements n\u00e9cessaires \u00e0 l\u2019att\u00e9nuation des effets du r\u00e9chauffement climatique dans la r\u00e9gion au cours des huit prochaines ann\u00e9es \u00e0 pr\u00e8s de 50 milliards de dollars.<\/p>\n<p>Ces estimations se basent sur les contributions d\u00e9termin\u00e9es au niveau national dans le cadre de l\u2019Accord de Paris, actualis\u00e9es lors de la conf\u00e9rence des Nations Unies sur les changements climatiques COP26) qui s\u2019est tenue \u00e0 Glasgow en novembre 2021.<\/p>\n<p>La Banque mondiale souligne, dans ce cadre, que les co\u00fbts de l\u2019inaction sont bien plus \u00e9lev\u00e9s que ceux de l\u2019action. D\u2019autant plus que le Sahel est l\u2019une des r\u00e9gions les plus vuln\u00e9rables au monde aux s\u00e9cheresses extr\u00eames, aux inondations, aux vagues de chaleur et autres ph\u00e9nom\u00e8nes extr\u00eames li\u00e9s au changement climatique. Trois des pays du G5 Sahel, en l\u2019occurrence le Tchad, le Niger et le Mali, figurent en effet parmi les sept pays les plus vuln\u00e9rables du monde au d\u00e9r\u00e8glement climatique. La r\u00e9gion ne contribue que de fa\u00e7on marginale au r\u00e9chauffement climatique (moins de 1 % des \u00e9missions mondiales de gaz \u00e0 effet de serre), mais elle risque d\u2019en payer le prix fort.<\/p>\n<p>Am\u00e9liorer la gouvernance de l\u2019eau<br \/>\nLe PIB des pays du G5 Sahel pourrait enregistrer une baisse allant jusqu\u2019\u00e0 11,7 % d\u2019ici 2050, rien qu\u2019en raison d\u2019une p\u00e9nurie d\u2019eau li\u00e9e au changement climatique. Le taux de pauvret\u00e9 devrait augmenter pour atteindre 34% \u00e0 l\u2019\u00e9chelle r\u00e9gionale dans le sc\u00e9nario d\u2019un faible niveau de pr\u00e9cipitation. Cela signifie que 13,5 millions de personnes suppl\u00e9mentaires basculeront dans la pauvret\u00e9.<\/p>\n<p>Pour \u00e9viter ce sc\u00e9nario cauchemardesque, la Banque mondiale recommande aux Etats de la r\u00e9gion d\u2019accro\u00eetre leurs capacit\u00e9s institutionnelles en mati\u00e8re de lutte contre le changement climatique et de mobiliser des financements suppl\u00e9mentaires aupr\u00e8s de sources internationales, priv\u00e9es, non gouvernementales et nationales tout en utilisant de mani\u00e8re plus efficiente et efficace leurs ressources financi\u00e8res existantes.<\/p>\n<p>Les pays du G5 Sahel devraient d\u2019autre part am\u00e9liorer la gouvernance de l\u2019eau en formalisant un cadre politique pour la gestion int\u00e9gr\u00e9e des ressources en eau, acc\u00e9l\u00e9rer la transformation structurelle de leurs \u00e9conomies, et r\u00e9aliser le potentiel du dividende d\u00e9mographique en renfor\u00e7ant le capital humain et en s\u2019attaquant aux facteurs de fragilit\u00e9 et de conflits.<\/p>\n<p>Par AJ.S, Comit\u00e9 Editorial &#8211;<\/p>\n<blockquote class=\"wp-embedded-content\" data-secret=\"BhuyGyxlOa\"><p><a href=\"https:\/\/afrimag.net\/changement-climatique-33-milliards-de-dollars-durgence-pour-le-sahel\/\">Changement climatique\u00a0: 33 milliards de dollars d\u2019urgence pour le Sahel<\/a><\/p><\/blockquote>\n<p><iframe loading=\"lazy\" class=\"wp-embedded-content\" sandbox=\"allow-scripts\" security=\"restricted\" style=\"position: absolute; clip: rect(1px, 1px, 1px, 1px);\" title=\"\u00ab\u00a0Changement climatique\u00a0: 33 milliards de dollars d\u2019urgence pour le Sahel\u00a0\u00bb &#8212; Afrimag\" src=\"https:\/\/afrimag.net\/changement-climatique-33-milliards-de-dollars-durgence-pour-le-sahel\/embed\/#?secret=Lew6dR6pqj#?secret=BhuyGyxlOa\" data-secret=\"BhuyGyxlOa\" width=\"500\" height=\"282\" frameborder=\"0\" marginwidth=\"0\" marginheight=\"0\" scrolling=\"no\"><\/iframe><\/p>\n","protected":false},"excerpt":{"rendered":"<p>Si rien n\u2019est fait pour adapter les \u00e9conomies au changement climatique, le PIB des cinq pays de la r\u00e9gion (Mali, Niger, Burkina Faso, Tchad et Mauritanie) pourrait enregistrer une baisse allant jusqu\u2019\u00e0 11,7 % d\u2019ici 2050, rien qu\u2019en raison d\u2019une p\u00e9nurie d\u2019eau li\u00e9e au d\u00e9r\u00e8glement climatique, estime la Banque mondiale dans un rapport qu\u2019elle vient &hellip;<\/p>\n","protected":false},"author":2,"featured_media":2087,"comment_status":"open","ping_status":"open","sticky":false,"template":"","format":"standard","meta":{"footnotes":""},"categories":[18,28],"tags":[],"class_list":["post-2086","post","type-post","status-publish","format-standard","has-post-thumbnail","hentry","category-actualites","category-sahel"],"_links":{"self":[{"href":"https:\/\/ladepeche.mr\/index.php?rest_route=\/wp\/v2\/posts\/2086","targetHints":{"allow":["GET"]}}],"collection":[{"href":"https:\/\/ladepeche.mr\/index.php?rest_route=\/wp\/v2\/posts"}],"about":[{"href":"https:\/\/ladepeche.mr\/index.php?rest_route=\/wp\/v2\/types\/post"}],"author":[{"embeddable":true,"href":"https:\/\/ladepeche.mr\/index.php?rest_route=\/wp\/v2\/users\/2"}],"replies":[{"embeddable":true,"href":"https:\/\/ladepeche.mr\/index.php?rest_route=%2Fwp%2Fv2%2Fcomments&post=2086"}],"version-history":[{"count":1,"href":"https:\/\/ladepeche.mr\/index.php?rest_route=\/wp\/v2\/posts\/2086\/revisions"}],"predecessor-version":[{"id":2088,"href":"https:\/\/ladepeche.mr\/index.php?rest_route=\/wp\/v2\/posts\/2086\/revisions\/2088"}],"wp:featuredmedia":[{"embeddable":true,"href":"https:\/\/ladepeche.mr\/index.php?rest_route=\/wp\/v2\/media\/2087"}],"wp:attachment":[{"href":"https:\/\/ladepeche.mr\/index.php?rest_route=%2Fwp%2Fv2%2Fmedia&parent=2086"}],"wp:term":[{"taxonomy":"category","embeddable":true,"href":"https:\/\/ladepeche.mr\/index.php?rest_route=%2Fwp%2Fv2%2Fcategories&post=2086"},{"taxonomy":"post_tag","embeddable":true,"href":"https:\/\/ladepeche.mr\/index.php?rest_route=%2Fwp%2Fv2%2Ftags&post=2086"}],"curies":[{"name":"wp","href":"https:\/\/api.w.org\/{rel}","templated":true}]}}