{"id":20865,"date":"2026-03-10T15:35:18","date_gmt":"2026-03-10T15:35:18","guid":{"rendered":"https:\/\/ladepeche.mr\/?p=20865"},"modified":"2026-03-10T15:35:57","modified_gmt":"2026-03-10T15:35:57","slug":"coupe-du-monde-2026-faut-il-maintenir-la-competition-avec-la-guerre-en-cours-au-moyen-orient","status":"publish","type":"post","link":"https:\/\/ladepeche.mr\/?p=20865","title":{"rendered":"Coupe du monde 2026 : faut-il maintenir la comp\u00e9tition avec la guerre en cours au Moyen-Orient?"},"content":{"rendered":"<p>Alors que le conflit au Moyen-Orient continue de s\u2019intensifier, une question commence \u00e0 \u00e9merger dans les d\u00e9bats internationaux : la Coupe du monde de la FIFA 2026 doit-elle vraiment se tenir comme pr\u00e9vu dans trois mois ?<\/p>\n<p>Depuis plusieurs jours, l\u2019actualit\u00e9 mondiale est domin\u00e9e par l\u2019escalade des tensions opposant les \u00c9tats\u2011Unis et Isra\u00ebl \u00e0 Iran. Cette situation g\u00e9opolitique d\u00e9licate survient \u00e0 l\u2019approche du plus grand rendez-vous du football, qui doit se d\u00e9rouler en Am\u00e9rique du Nord.<\/p>\n<p>Face aux inqui\u00e9tudes, la FIFA ne semble toutefois pas envisager de modifier son calendrier. L\u2019instance dirigeante du football mondial a laiss\u00e9 entendre que la comp\u00e9tition serait maintenue, m\u00eame si le conflit devait se poursuivre.<\/p>\n<p>Lors d\u2019un \u00e9v\u00e9nement organis\u00e9 \u00e0 Dallas, le directeur des op\u00e9rations de la FIFA, Heimo Schirgi, a estim\u00e9 que l\u2019ampleur d\u2019un tel tournoi rendait pratiquement impossible tout report. Selon lui, la Coupe du monde repr\u00e9sente un \u00e9v\u00e9nement d\u2019une dimension telle qu\u2019un changement de date serait extr\u00eamement compliqu\u00e9 \u00e0 mettre en \u0153uvre. L\u2019objectif reste donc que toutes les \u00e9quipes qualifi\u00e9es puissent participer au tournoi. La tendance est d\u2019ailleurs annonc\u00e9 avec le rejet par la FIFA du report par la f\u00e9d\u00e9ration irakienne, mitoyen de cette guerre, de son match de barrage pr\u00e9vu fin mars.<\/p>\n<p>Ces d\u00e9clarations interviennent alors que certaines interrogations subsistent autour de la pr\u00e9sence parmi les organisateurs de cet \u00e9v\u00e9nement plan\u00e9taire des USA, mais aussi en rapport avec la participation de la s\u00e9lection iranienne.<\/p>\n<p>Pour l\u2019heure, l\u2019organisation reste donc inchang\u00e9e. La Coupe du monde de la FIFA 2026 doit toujours se tenir du 11 juin au 19 juillet 2026 et sera coorganis\u00e9e par les \u00c9tats\u2011Unis, le Canada et le Mexique.<\/p>\n<p>Mais au-del\u00e0 des aspects logistiques, une interrogation persiste : un \u00e9v\u00e9nement sportif plan\u00e9taire peut-il r\u00e9ellement se d\u00e9rouler normalement alors que certains de ses acteurs sont impliqu\u00e9s dans une guerre majeure ? Pour beaucoup d\u2019observateurs, le d\u00e9bat ne fait peut-\u00eatre que commencer.<\/p>\n<p>(avec m\u00e9dias)<\/p>\n","protected":false},"excerpt":{"rendered":"<p>Alors que le conflit au Moyen-Orient continue de s\u2019intensifier, une question commence \u00e0 \u00e9merger dans les d\u00e9bats internationaux : la Coupe du monde de la FIFA 2026 doit-elle vraiment se tenir comme pr\u00e9vu dans trois mois ? Depuis plusieurs jours, l\u2019actualit\u00e9 mondiale est domin\u00e9e par l\u2019escalade des tensions opposant les \u00c9tats\u2011Unis et Isra\u00ebl \u00e0 Iran. &hellip;<\/p>\n","protected":false},"author":2,"featured_media":20866,"comment_status":"open","ping_status":"open","sticky":false,"template":"","format":"standard","meta":{"footnotes":""},"categories":[18,29,17],"tags":[],"class_list":["post-20865","post","type-post","status-publish","format-standard","has-post-thumbnail","hentry","category-actualites","category-monde","category-sports"],"_links":{"self":[{"href":"https:\/\/ladepeche.mr\/index.php?rest_route=\/wp\/v2\/posts\/20865","targetHints":{"allow":["GET"]}}],"collection":[{"href":"https:\/\/ladepeche.mr\/index.php?rest_route=\/wp\/v2\/posts"}],"about":[{"href":"https:\/\/ladepeche.mr\/index.php?rest_route=\/wp\/v2\/types\/post"}],"author":[{"embeddable":true,"href":"https:\/\/ladepeche.mr\/index.php?rest_route=\/wp\/v2\/users\/2"}],"replies":[{"embeddable":true,"href":"https:\/\/ladepeche.mr\/index.php?rest_route=%2Fwp%2Fv2%2Fcomments&post=20865"}],"version-history":[{"count":2,"href":"https:\/\/ladepeche.mr\/index.php?rest_route=\/wp\/v2\/posts\/20865\/revisions"}],"predecessor-version":[{"id":20868,"href":"https:\/\/ladepeche.mr\/index.php?rest_route=\/wp\/v2\/posts\/20865\/revisions\/20868"}],"wp:featuredmedia":[{"embeddable":true,"href":"https:\/\/ladepeche.mr\/index.php?rest_route=\/wp\/v2\/media\/20866"}],"wp:attachment":[{"href":"https:\/\/ladepeche.mr\/index.php?rest_route=%2Fwp%2Fv2%2Fmedia&parent=20865"}],"wp:term":[{"taxonomy":"category","embeddable":true,"href":"https:\/\/ladepeche.mr\/index.php?rest_route=%2Fwp%2Fv2%2Fcategories&post=20865"},{"taxonomy":"post_tag","embeddable":true,"href":"https:\/\/ladepeche.mr\/index.php?rest_route=%2Fwp%2Fv2%2Ftags&post=20865"}],"curies":[{"name":"wp","href":"https:\/\/api.w.org\/{rel}","templated":true}]}}