{"id":20869,"date":"2026-03-10T18:32:20","date_gmt":"2026-03-10T18:32:20","guid":{"rendered":"https:\/\/ladepeche.mr\/?p=20869"},"modified":"2026-03-10T18:32:20","modified_gmt":"2026-03-10T18:32:20","slug":"accord-cadre-de-partenariat-de-900-millions-de-dollars-entre-la-mauritanie-et-la-societe-islamique-pour-le-developpement-du-secteur-prive","status":"publish","type":"post","link":"https:\/\/ladepeche.mr\/?p=20869","title":{"rendered":"Accord-cadre de partenariat de 900 millions de dollars entre la Mauritanie et la Soci\u00e9t\u00e9 islamique pour le d\u00e9veloppement du secteur priv\u00e9"},"content":{"rendered":"<p>Son Excellence le ministre des Affaires \u00e9conomiques et du D\u00e9veloppement, Dr Abdallah Ould Souleymane Ould Cheikh Sidia, a proc\u00e9d\u00e9, au si\u00e8ge du Groupe de la Banque islamique de d\u00e9veloppement \u00e0 Djeddah, \u00e0 la signature d\u2019un accord-cadre de partenariat avec la Soci\u00e9t\u00e9 islamique pour le d\u00e9veloppement du secteur priv\u00e9 (ICD), couvrant la p\u00e9riode 2026-2028.<\/p>\n<p>Cet accord vise \u00e0 mobiliser des financements conformes \u00e0 la charia pouvant atteindre 900 millions de dollars am\u00e9ricains, destin\u00e9s \u00e0 soutenir les grands projets strat\u00e9giques et \u00e0 renforcer les capacit\u00e9s du secteur priv\u00e9 national.<\/p>\n<p>Le financement du projet minier et sid\u00e9rurgique \u00ab Atouma\u00ef \u00bb (Takamoul), situ\u00e9 dans la wilaya de Tiris Zemmour, constitue l\u2019axe central de ce partenariat. Dans ce cadre, l\u2019institution oeuvrera \u00e0 la structuration de facilit\u00e9s de financement pour le d\u00e9veloppement d\u2019une mine de minerai de fer et d\u2019unit\u00e9s d\u2019enrichissement, ainsi que pour la construction de deux usines de production de boulettes de fer dans la ville de Nouadhibou. Le projet comprend \u00e9galement la mise en place d\u2019infrastructures int\u00e9gr\u00e9es, notamment des centrales \u00e9nerg\u00e9tiques et des installations de dessalement d\u2019eau de mer, avec une capacit\u00e9 de production cible estim\u00e9e \u00e0 10 millions de tonnes par an.<\/p>\n<p>La coop\u00e9ration comprend \u00e9galement un important volet souverain, mat\u00e9rialis\u00e9 par un accord conclu avec la Banque centrale de Mauritanie, visant \u00e0 appuyer les efforts du pays en vue de l\u2019obtention d\u2019une notation de cr\u00e9dit souveraine et \u00e0 renforcer le syst\u00e8me financier national, afin de faciliter l\u2019acc\u00e8s aux march\u00e9s financiers internationaux et d\u2019attirer des investissements \u00e0 long terme.<\/p>\n<p>Le m\u00e9morandum pr\u00e9voit par ailleurs l\u2019am\u00e9lioration de l\u2019environnement des partenariats public-priv\u00e9 (PPP), ainsi que l\u2019ouverture de lignes de financement au profit des institutions financi\u00e8res locales, destin\u00e9es \u00e0 soutenir les petites et moyennes entreprises.<\/p>\n<p>La c\u00e9r\u00e9monie de signature a \u00e9t\u00e9 pr\u00e9c\u00e9d\u00e9e d\u2019une r\u00e9union \u00e9largie tenue par le ministre avec le directeur g\u00e9n\u00e9ral par int\u00e9rim de la Soci\u00e9t\u00e9 islamique internationale pour le d\u00e9veloppement du secteur priv\u00e9, Dr Khaled Khalafallah, ainsi qu\u2019avec le pr\u00e9sident de la Soci\u00e9t\u00e9 islamique pour l&#8217;assurance des investissements et du cr\u00e9dit \u00e0 l\u2019exportation (ICIEC), en pr\u00e9sence du gouverneur de la Banque centrale de Mauritanie, M. Mohamed Lemine Dhehbi, et de l\u2019ambassadeur de Mauritanie aupr\u00e8s du Royaume d\u2019Arabie saoudite, M. Mokhtar Ould Dahi.<\/p>\n<p>\u00c0 cette occasion, le ministre des Affaires \u00e9conomiques et du D\u00e9veloppement a soulign\u00e9 que ce partenariat constitue une \u00e9tape importante dans les efforts de la Mauritanie visant \u00e0 acc\u00e9l\u00e9rer une croissance \u00e9conomique inclusive. Il a indiqu\u00e9 que cette coop\u00e9ration permettra de proposer des solutions de financement innovantes pour soutenir les investissements strat\u00e9giques et ouvrir de nouvelles perspectives pour le d\u00e9veloppement du secteur priv\u00e9.<\/p>\n<p>Pour sa part, le gouverneur de la Banque centrale a affirm\u00e9 que l\u2019am\u00e9lioration du profil de cr\u00e9dit souverain de la Mauritanie contribuera \u00e0 renforcer la confiance des investisseurs et \u00e0 favoriser une meilleure int\u00e9gration de l\u2019\u00e9conomie nationale dans le syst\u00e8me financier international.<\/p>\n<p>MAED<\/p>\n","protected":false},"excerpt":{"rendered":"<p>Son Excellence le ministre des Affaires \u00e9conomiques et du D\u00e9veloppement, Dr Abdallah Ould Souleymane Ould Cheikh Sidia, a proc\u00e9d\u00e9, au si\u00e8ge du Groupe de la Banque islamique de d\u00e9veloppement \u00e0 Djeddah, \u00e0 la signature d\u2019un accord-cadre de partenariat avec la Soci\u00e9t\u00e9 islamique pour le d\u00e9veloppement du secteur priv\u00e9 (ICD), couvrant la p\u00e9riode 2026-2028. Cet accord &hellip;<\/p>\n","protected":false},"author":2,"featured_media":20863,"comment_status":"open","ping_status":"open","sticky":false,"template":"","format":"standard","meta":{"footnotes":""},"categories":[18,2],"tags":[],"class_list":["post-20869","post","type-post","status-publish","format-standard","has-post-thumbnail","hentry","category-actualites","category-economie"],"_links":{"self":[{"href":"https:\/\/ladepeche.mr\/index.php?rest_route=\/wp\/v2\/posts\/20869","targetHints":{"allow":["GET"]}}],"collection":[{"href":"https:\/\/ladepeche.mr\/index.php?rest_route=\/wp\/v2\/posts"}],"about":[{"href":"https:\/\/ladepeche.mr\/index.php?rest_route=\/wp\/v2\/types\/post"}],"author":[{"embeddable":true,"href":"https:\/\/ladepeche.mr\/index.php?rest_route=\/wp\/v2\/users\/2"}],"replies":[{"embeddable":true,"href":"https:\/\/ladepeche.mr\/index.php?rest_route=%2Fwp%2Fv2%2Fcomments&post=20869"}],"version-history":[{"count":1,"href":"https:\/\/ladepeche.mr\/index.php?rest_route=\/wp\/v2\/posts\/20869\/revisions"}],"predecessor-version":[{"id":20870,"href":"https:\/\/ladepeche.mr\/index.php?rest_route=\/wp\/v2\/posts\/20869\/revisions\/20870"}],"wp:featuredmedia":[{"embeddable":true,"href":"https:\/\/ladepeche.mr\/index.php?rest_route=\/wp\/v2\/media\/20863"}],"wp:attachment":[{"href":"https:\/\/ladepeche.mr\/index.php?rest_route=%2Fwp%2Fv2%2Fmedia&parent=20869"}],"wp:term":[{"taxonomy":"category","embeddable":true,"href":"https:\/\/ladepeche.mr\/index.php?rest_route=%2Fwp%2Fv2%2Fcategories&post=20869"},{"taxonomy":"post_tag","embeddable":true,"href":"https:\/\/ladepeche.mr\/index.php?rest_route=%2Fwp%2Fv2%2Ftags&post=20869"}],"curies":[{"name":"wp","href":"https:\/\/api.w.org\/{rel}","templated":true}]}}