{"id":20874,"date":"2026-03-11T17:23:44","date_gmt":"2026-03-11T17:23:44","guid":{"rendered":"https:\/\/ladepeche.mr\/?p=20874"},"modified":"2026-03-11T17:24:23","modified_gmt":"2026-03-11T17:24:23","slug":"lancement-de-la-deuxieme-phase-du-projet-ressource-pour-la-gestion-durable-de-la-faune","status":"publish","type":"post","link":"https:\/\/ladepeche.mr\/?p=20874","title":{"rendered":"Lancement de la deuxi\u00e8me phase du projet \u00abRessource+\u00bb pour la gestion durable de la faune"},"content":{"rendered":"<p><strong>Un atelier consacr\u00e9 au lancement de la deuxi\u00e8me phase du projet de gestion durable de la faune \u00ab Ressource+\u00bb s\u2019est ouvert mercredi \u00e0 Nouakchott. L\u2019initiative, port\u00e9e par le minist\u00e8re de l\u2019Environnement et du D\u00e9veloppement durable avec l\u2019appui de la FAO et de l\u2019Union europ\u00e9enne, vise \u00e0 renforcer la protection des zones humides et des oiseaux d\u2019eau tout en soutenant les moyens de subsistance des communaut\u00e9s locales.<\/strong><\/p>\n<p>Les travaux d\u2019un atelier marquant le d\u00e9marrage de la deuxi\u00e8me phase du projet de gestion durable de la faune \u00ab Ressource+ \u00bb ont d\u00e9but\u00e9 mercredi \u00e0 Nouakchott. La rencontre est organis\u00e9e par le minist\u00e8re de l\u2019Environnement et du D\u00e9veloppement durable en partenariat avec l\u2019Organisation des Nations Unies pour l\u2019alimentation et l\u2019agriculture (FAO), avec un financement de l\u2019Union europ\u00e9enne.<\/p>\n<p>L\u2019atelier a pour objectif de pr\u00e9senter les orientations du projet et les r\u00e9sultats attendus, tout en examinant les modalit\u00e9s pratiques de sa mise en \u0153uvre. Il vise \u00e9galement \u00e0 clarifier les r\u00f4les des diff\u00e9rentes institutions nationales et partenaires techniques afin de garantir une ex\u00e9cution efficace du programme et de permettre aux acteurs concern\u00e9s d\u2019exprimer leurs observations.<\/p>\n<p>Dans son allocution d\u2019ouverture, le conseiller juridique de la ministre de l\u2019Environnement et du D\u00e9veloppement durable, secr\u00e9taire g\u00e9n\u00e9ral par int\u00e9rim du minist\u00e8re, Salah Eddine Ould Abass, a rappel\u00e9 que la Mauritanie accueille chaque ann\u00e9e un nombre important d\u2019oiseaux migrateurs dans ses zones humides, notamment dans le sud du pays, qui constituent des espaces favorables \u00e0 leur repos et \u00e0 leur reproduction lors des migrations saisonni\u00e8res.<\/p>\n<p>Il a toutefois soulign\u00e9 que ces esp\u00e8ces font face \u00e0 plusieurs menaces, notamment la d\u00e9gradation de leurs habitats naturels, la chasse ill\u00e9gale et les effets du changement climatique. Selon lui, le projet \u00ab Ressource+ \u00bb s\u2019inscrit dans la volont\u00e9 nationale d\u2019\u00e9tablir un \u00e9quilibre durable entre les activit\u00e9s humaines et la pr\u00e9servation des ressources naturelles.<\/p>\n<p>Il a \u00e9galement indiqu\u00e9 que la protection de l\u2019environnement et la conservation des zones humides figurent parmi les priorit\u00e9s nationales, conform\u00e9ment aux orientations des autorit\u00e9s visant \u00e0 renforcer la place de la Mauritanie comme espace de pr\u00e9servation de la biodiversit\u00e9.<\/p>\n<p>Pour sa part, le repr\u00e9sentant de la FAO \u00e0 Nouakchott, Souleymane Sidib\u00e9, a soulign\u00e9 que la gestion durable des zones humides constitue un d\u00e9fi majeur pour la Mauritanie et l\u2019ensemble de la r\u00e9gion sah\u00e9lienne. Ces \u00e9cosyst\u00e8mes jouent, selon lui, un r\u00f4le essentiel dans le renforcement de la r\u00e9silience environnementale, la s\u00e9curit\u00e9 alimentaire et le soutien aux moyens de subsistance des populations locales.<\/p>\n<p>Il a pr\u00e9cis\u00e9 que la deuxi\u00e8me phase du projet, cofinanc\u00e9e par le Fonds fran\u00e7ais pour l\u2019environnement mondial et l\u2019Union europ\u00e9enne, vise \u00e0 renforcer les connaissances et les capacit\u00e9s li\u00e9es \u00e0 la gestion des zones humides et des oiseaux d\u2019eau dans trois pays africains : la Mauritanie, le S\u00e9n\u00e9gal et le Tchad.<\/p>\n<p>De son c\u00f4t\u00e9, le repr\u00e9sentant de la d\u00e9l\u00e9gation de l\u2019Union europ\u00e9enne \u00e0 Nouakchott, David Montehelly, a estim\u00e9 que le lancement de cette nouvelle phase s\u2019inscrit dans une dynamique r\u00e9gionale visant \u00e0 soutenir la conservation de la biodiversit\u00e9 et la gestion durable des ressources naturelles, tout en am\u00e9liorant les conditions de vie des communaut\u00e9s locales et leur capacit\u00e9 d\u2019adaptation aux changements environnementaux.<\/p>\n<p>Il a indiqu\u00e9 que les activit\u00e9s du projet en Mauritanie se concentreront principalement sur certaines zones humides situ\u00e9es le long du fleuve S\u00e9n\u00e9gal. Elles porteront notamment sur la sensibilisation des communaut\u00e9s locales, le renforcement des capacit\u00e9s, le soutien aux op\u00e9rations de recensement des oiseaux d\u2019eau ainsi que l\u2019actualisation des donn\u00e9es relatives \u00e0 la Convention de Ramsar sur les zones humides et au cadre juridique national de protection de l\u2019environnement.<\/p>\n<p>Le projet \u00ab Ressource+ \u00bb vise, de mani\u00e8re g\u00e9n\u00e9rale, \u00e0 renforcer l\u2019expertise en Afrique subsaharienne dans le domaine des oiseaux d\u2019eau et de la gestion durable des \u00e9cosyst\u00e8mes des zones humides, tout en d\u00e9veloppant des approches conciliant conservation de la biodiversit\u00e9 et activit\u00e9s humaines.<\/p>\n<p>La c\u00e9r\u00e9monie d\u2019ouverture s\u2019est d\u00e9roul\u00e9e en pr\u00e9sence du directeur des aires prot\u00e9g\u00e9es, du littoral et des zones humides au minist\u00e8re de l\u2019Environnement et du D\u00e9veloppement durable, ainsi que de plusieurs responsables et cadres du d\u00e9partement.<\/p>\n<p>(avec Ami)<\/p>\n","protected":false},"excerpt":{"rendered":"<p>Un atelier consacr\u00e9 au lancement de la deuxi\u00e8me phase du projet de gestion durable de la faune \u00ab Ressource+\u00bb s\u2019est ouvert mercredi \u00e0 Nouakchott. L\u2019initiative, port\u00e9e par le minist\u00e8re de l\u2019Environnement et du D\u00e9veloppement durable avec l\u2019appui de la FAO et de l\u2019Union europ\u00e9enne, vise \u00e0 renforcer la protection des zones humides et des oiseaux &hellip;<\/p>\n","protected":false},"author":2,"featured_media":20875,"comment_status":"open","ping_status":"open","sticky":false,"template":"","format":"standard","meta":{"footnotes":""},"categories":[18,21],"tags":[],"class_list":["post-20874","post","type-post","status-publish","format-standard","has-post-thumbnail","hentry","category-actualites","category-fluctuations"],"_links":{"self":[{"href":"https:\/\/ladepeche.mr\/index.php?rest_route=\/wp\/v2\/posts\/20874","targetHints":{"allow":["GET"]}}],"collection":[{"href":"https:\/\/ladepeche.mr\/index.php?rest_route=\/wp\/v2\/posts"}],"about":[{"href":"https:\/\/ladepeche.mr\/index.php?rest_route=\/wp\/v2\/types\/post"}],"author":[{"embeddable":true,"href":"https:\/\/ladepeche.mr\/index.php?rest_route=\/wp\/v2\/users\/2"}],"replies":[{"embeddable":true,"href":"https:\/\/ladepeche.mr\/index.php?rest_route=%2Fwp%2Fv2%2Fcomments&post=20874"}],"version-history":[{"count":2,"href":"https:\/\/ladepeche.mr\/index.php?rest_route=\/wp\/v2\/posts\/20874\/revisions"}],"predecessor-version":[{"id":20877,"href":"https:\/\/ladepeche.mr\/index.php?rest_route=\/wp\/v2\/posts\/20874\/revisions\/20877"}],"wp:featuredmedia":[{"embeddable":true,"href":"https:\/\/ladepeche.mr\/index.php?rest_route=\/wp\/v2\/media\/20875"}],"wp:attachment":[{"href":"https:\/\/ladepeche.mr\/index.php?rest_route=%2Fwp%2Fv2%2Fmedia&parent=20874"}],"wp:term":[{"taxonomy":"category","embeddable":true,"href":"https:\/\/ladepeche.mr\/index.php?rest_route=%2Fwp%2Fv2%2Fcategories&post=20874"},{"taxonomy":"post_tag","embeddable":true,"href":"https:\/\/ladepeche.mr\/index.php?rest_route=%2Fwp%2Fv2%2Ftags&post=20874"}],"curies":[{"name":"wp","href":"https:\/\/api.w.org\/{rel}","templated":true}]}}