{"id":20878,"date":"2026-03-11T17:45:48","date_gmt":"2026-03-11T17:45:48","guid":{"rendered":"https:\/\/ladepeche.mr\/?p=20878"},"modified":"2026-03-11T17:45:48","modified_gmt":"2026-03-11T17:45:48","slug":"vente-publique-de-1-400-parcelles-attention-aux-speculateurs-fonciers","status":"publish","type":"post","link":"https:\/\/ladepeche.mr\/?p=20878","title":{"rendered":"Vente publique de 1 400 parcelles : Attention aux sp\u00e9culateurs\u00a0fonciers"},"content":{"rendered":"<p><strong>Alors que l\u2019Etat a d\u00e9cid\u00e9 d\u2019organiser une vente de 1.400 parcelles viabilis\u00e9es \u00e0 Nouakchott, des voix s\u2019\u00e9l\u00e8vent d\u00e9j\u00e0 pour mettre en garde contre l\u2019immixtion de sp\u00e9culateurs bien introduits qui risqueraient de d\u00e9phaser l\u2019esprit de cette op\u00e9ration.<\/strong><\/p>\n<p>Car en effet, selon nos confr\u00e8res de &#8220;alakhabr&#8221;, la soci\u00e9t\u00e9 nationale d\u2019am\u00e9nagement, de d\u00e9veloppement et de gestion immobili\u00e8re (Ex Soci\u00e9t\u00e9 Iskan), a entam\u00e9 ces derniers jours la commercialisation d\u2019environ 1 400 parcelles de terrain dans les wilayas de Nouakchott Ouest et Nouakchott Nord.<\/p>\n<p>La soci\u00e9t\u00e9 puise sur une r\u00e9serve fonci\u00e8re octroy\u00e9e par le gouvernement dans le cadre de l\u2019application des dispositions de l\u2019article 5 du d\u00e9cret n\u00b0 2025-033, publi\u00e9 le 24 mars 2025, portant r\u00e9organisation de la soci\u00e9t\u00e9.<\/p>\n<p>Pour le gouvernement, ces r\u00e9serves fonci\u00e8res permettraient de cr\u00e9er des opportunit\u00e9s d\u2019acc\u00e8s \u00e0 la propri\u00e9t\u00e9 fonci\u00e8re et \u00e0 corriger les injustices et le client\u00e9lisme qui a souvent gangren\u00e9 les op\u00e9rations fonci\u00e8res et domaniales. Ce programme pr\u00e9voit la production de lotissements am\u00e9nag\u00e9s et viabilis\u00e9s, ce qui devrait contribuer \u00e0 r\u00e9guler le march\u00e9 national de l\u2019immobilier.<\/p>\n<p>Les parcelles actuellement mises en vente sont r\u00e9parties entre les communes de Tevragh Zeina, dans la wilaya de Nouakchott Ouest, et de Teyarett, dans la wilaya de Nouakchott Nord.<\/p>\n<p>Ces terrains ont \u00e9t\u00e9 attribu\u00e9s \u00e0 l\u2019entreprise \u00e0 la suite d\u2019une d\u00e9cision du Conseil des ministres prise lors de sa r\u00e9union du 21 octobre 2025.<\/p>\n<p>(avec m\u00e9dias)<\/p>\n","protected":false},"excerpt":{"rendered":"<p>Alors que l\u2019Etat a d\u00e9cid\u00e9 d\u2019organiser une vente de 1.400 parcelles viabilis\u00e9es \u00e0 Nouakchott, des voix s\u2019\u00e9l\u00e8vent d\u00e9j\u00e0 pour mettre en garde contre l\u2019immixtion de sp\u00e9culateurs bien introduits qui risqueraient de d\u00e9phaser l\u2019esprit de cette op\u00e9ration. Car en effet, selon nos confr\u00e8res de &#8220;alakhabr&#8221;, la soci\u00e9t\u00e9 nationale d\u2019am\u00e9nagement, de d\u00e9veloppement et de gestion immobili\u00e8re (Ex &hellip;<\/p>\n","protected":false},"author":2,"featured_media":20879,"comment_status":"open","ping_status":"open","sticky":false,"template":"","format":"standard","meta":{"footnotes":""},"categories":[18,2],"tags":[],"class_list":["post-20878","post","type-post","status-publish","format-standard","has-post-thumbnail","hentry","category-actualites","category-economie"],"_links":{"self":[{"href":"https:\/\/ladepeche.mr\/index.php?rest_route=\/wp\/v2\/posts\/20878","targetHints":{"allow":["GET"]}}],"collection":[{"href":"https:\/\/ladepeche.mr\/index.php?rest_route=\/wp\/v2\/posts"}],"about":[{"href":"https:\/\/ladepeche.mr\/index.php?rest_route=\/wp\/v2\/types\/post"}],"author":[{"embeddable":true,"href":"https:\/\/ladepeche.mr\/index.php?rest_route=\/wp\/v2\/users\/2"}],"replies":[{"embeddable":true,"href":"https:\/\/ladepeche.mr\/index.php?rest_route=%2Fwp%2Fv2%2Fcomments&post=20878"}],"version-history":[{"count":1,"href":"https:\/\/ladepeche.mr\/index.php?rest_route=\/wp\/v2\/posts\/20878\/revisions"}],"predecessor-version":[{"id":20880,"href":"https:\/\/ladepeche.mr\/index.php?rest_route=\/wp\/v2\/posts\/20878\/revisions\/20880"}],"wp:featuredmedia":[{"embeddable":true,"href":"https:\/\/ladepeche.mr\/index.php?rest_route=\/wp\/v2\/media\/20879"}],"wp:attachment":[{"href":"https:\/\/ladepeche.mr\/index.php?rest_route=%2Fwp%2Fv2%2Fmedia&parent=20878"}],"wp:term":[{"taxonomy":"category","embeddable":true,"href":"https:\/\/ladepeche.mr\/index.php?rest_route=%2Fwp%2Fv2%2Fcategories&post=20878"},{"taxonomy":"post_tag","embeddable":true,"href":"https:\/\/ladepeche.mr\/index.php?rest_route=%2Fwp%2Fv2%2Ftags&post=20878"}],"curies":[{"name":"wp","href":"https:\/\/api.w.org\/{rel}","templated":true}]}}