{"id":20883,"date":"2026-03-11T18:35:15","date_gmt":"2026-03-11T18:35:15","guid":{"rendered":"https:\/\/ladepeche.mr\/?p=20883"},"modified":"2026-03-11T18:07:37","modified_gmt":"2026-03-11T18:07:37","slug":"guerre-au-moyen-orient-emmanuel-macron-appelle-a-mettre-fin-a-un-engrenage-dangereux","status":"publish","type":"post","link":"https:\/\/ladepeche.mr\/?p=20883","title":{"rendered":"Guerre au Moyen-Orient: Emmanuel Macron appelle \u00e0 mettre fin \u00e0 un &#8220;engrenage dangereux&#8221;"},"content":{"rendered":"<h4>Emmanuel Macron a soulign\u00e9 la n\u00e9cessit\u00e9 pour les Europ\u00e9ens de se coordonner afin de prot\u00e9ger leurs ressortissants et de garantir la s\u00e9curit\u00e9 maritime dans la r\u00e9gion.<\/h4>\n<p class=\"selectionShareable\">Le pr\u00e9sident fran\u00e7ais Emmanuel Macron a accueilli mercredi \u00e0 Paris le Premier ministre n\u00e9erlandais Rob Jetten, saluant un partenaire europ\u00e9en \u00ab engag\u00e9 \u00bb en faveur d\u2019une Europe \u00ab forte, autonome et comp\u00e9titive \u00bb.<\/p>\n<p class=\"selectionShareable\">\u00c0 cette occasion, le chef de l\u2019\u00c9tat fran\u00e7ais a insist\u00e9 sur la n\u00e9cessit\u00e9 d\u2019une coordination accrue face aux crises internationales, notamment au Proche et Moyen-Orient, tout en r\u00e9affirmant le soutien europ\u00e9en \u00e0 l\u2019Ukraine.<\/p>\n<p class=\"selectionShareable\">\u00ab C\u2019est un r\u00e9el plaisir et un honneur d\u2019accueillir un Premier ministre apr\u00e8s la formation de son nouveau gouvernement aux Pays-Bas qui plaide pour une Europe forte, plus autonome dans les domaines strat\u00e9giques, plus comp\u00e9titive, mais \u00e9galement protectrice de ses valeurs et de ses citoyens \u00bb, a d\u00e9clar\u00e9 Emmanuel Macron, d\u00e9crivant Rob Jetten comme \u00ab un Europ\u00e9en engag\u00e9 qui croit dans cette voie d\u2019ind\u00e9pendance et de progr\u00e8s \u00bb.<\/p>\n<p class=\"selectionShareable\">Dans ce contexte, les deux dirigeants ont abord\u00e9 en priorit\u00e9 les crises s\u00e9curitaires r\u00e9gionales. Emmanuel Macron a soulign\u00e9 la n\u00e9cessit\u00e9 pour les Europ\u00e9ens de se coordonner afin de prot\u00e9ger leurs ressortissants et de garantir la s\u00e9curit\u00e9 maritime dans la r\u00e9gion. \u00ab Dans la situation au Proche et Moyen-Orient, nous devons nous coordonner pour op\u00e9rer des d\u00e9sescalades, prot\u00e9ger nos ressortissants et participer aux missions de s\u00e9curit\u00e9 maritime et de libert\u00e9 de la navigation \u00bb, a-t-il affirm\u00e9.<\/p>\n<p class=\"selectionShareable\">Le pr\u00e9sident fran\u00e7ais a \u00e9galement remerci\u00e9 les Pays-Bas pour leur soutien militaire lors du red\u00e9ploiement du porte-avions Charles de Gaulle vers la M\u00e9diterran\u00e9e orientale. \u00ab Lorsque nous avons pris la d\u00e9cision de r\u00e9orienter la route de notre porte-avions, le Charles de Gaulle, quelques partenaires europ\u00e9ens n\u2019ont pas h\u00e9sit\u00e9 une seconde. Les Pays-Bas \u00e9taient l\u00e0 et votre fr\u00e9gate nous a suivis jusque en M\u00e9diterran\u00e9e \u00bb, a-t-il d\u00e9clar\u00e9, saluant \u00ab un grand partenaire en mati\u00e8re de d\u00e9fense et strat\u00e9gique \u00bb.<\/p>\n<p class=\"selectionShareable\">Macron a indiqu\u00e9 que les forces europ\u00e9ennes seront d\u00e9ploy\u00e9es en M\u00e9diterran\u00e9e orientale et en mer Rouge, notamment dans le cadre de la mission europ\u00e9enne Operation Aspides, ainsi que pour pr\u00e9parer la r\u00e9ouverture du d\u00e9troit d\u2019Ormuz. Il a \u00e9galement \u00e9voqu\u00e9 la n\u00e9cessit\u00e9 d\u2019\u00e9viter \u00ab l\u2019engrenage dangereux auquel nous assistons actuellement au Liban \u00bb et de soutenir les forces arm\u00e9es libanaises. \u00ab Je veux ici rappeler toute l\u2019importance que nous attachons \u00e0 la s\u00e9curit\u00e9 de nos forces sur le terrain et redire combien nous sommes aux c\u00f4t\u00e9s de nos partenaires \u00bb, a-t-il d\u00e9clar\u00e9. Le pr\u00e9sident fran\u00e7ais a par ailleurs soulign\u00e9 que \u00ab le Liban, \u00e0 travers ses autorit\u00e9s, a adress\u00e9 des messages extr\u00eamement clairs \u00e0 l\u2019\u00e9gard du Hezbollah \u00bb,<\/p>\n<p class=\"selectionShareable\">Le chef de l\u2019\u00c9tat a par ailleurs assur\u00e9 que l\u2019Europe restait mobilis\u00e9e aux c\u00f4t\u00e9s de plusieurs partenaires r\u00e9gionaux. \u00ab Nous souhaitons \u00eatre aux c\u00f4t\u00e9s des \u00c9mirats arabes unis, du Qatar, de l\u2019Arabie saoudite, du Kowe\u00eft, de l\u2019Irak et de la Jordanie, qui sont frapp\u00e9s directement par de nombreuses frappes \u00bb, a-t-il d\u00e9clar\u00e9, \u00e9voquant \u00e9galement le d\u00e9ploiement de syst\u00e8mes de d\u00e9fense pour soutenir ces pays.<\/p>\n<p class=\"selectionShareable\">Malgr\u00e9 ces tensions r\u00e9gionales, Emmanuel Macron a insist\u00e9 sur la poursuite du soutien europ\u00e9en \u00e0 l\u2019Ukraine face \u00e0 la Russie. Le pr\u00e9sident a rappel\u00e9 avoir r\u00e9cemment \u00e9chang\u00e9 avec Volodymyr Zelenskyy et r\u00e9affirm\u00e9 la position de Paris et de ses partenaires. \u00ab Nous voulons r\u00e9affirmer notre soutien ind\u00e9fectible \u00e0 l\u2019Ukraine, \u00e0 sa souverainet\u00e9, et notre d\u00e9termination \u00e0 veiller \u00e0 ce que ses int\u00e9r\u00eats, comme ceux de l\u2019Europe, soient pris en compte et pr\u00e9serv\u00e9s \u00bb, a-t-il affirm\u00e9.<\/p>\n<p class=\"selectionShareable\">Il a \u00e9galement indiqu\u00e9 que la planification des garanties de s\u00e9curit\u00e9 pour Kiev \u00e9tait achev\u00e9e dans le cadre de la \u00ab coalition des volontaires \u00bb. \u00ab La priorit\u00e9 est maintenant de mettre en \u0153uvre sans d\u00e9lai les 90 milliards d\u2019euros de pr\u00eats \u00e0 l\u2019Ukraine d\u00e9cid\u00e9s au Conseil europ\u00e9en et d\u2019adopter un 20e paquet de sanctions pour augmenter la pression sur la Russie \u00bb, a-t-il pr\u00e9cis\u00e9.<\/p>\n<p class=\"selectionShareable\">Au-del\u00e0 de ces dossiers internationaux, les deux dirigeants ont \u00e9voqu\u00e9 les priorit\u00e9s europ\u00e9ennes en mati\u00e8re de s\u00e9curit\u00e9, de d\u00e9fense et de comp\u00e9titivit\u00e9 \u00e9conomique. Emmanuel Macron a notamment salu\u00e9 la d\u00e9cision des Pays-Bas d\u2019engager un dialogue sur la dissuasion nucl\u00e9aire avanc\u00e9e fran\u00e7aise. \u00ab Cela t\u00e9moigne d\u2019une v\u00e9ritable convergence strat\u00e9gique entre nos pays \u00bb, a-t-il soulign\u00e9, \u00e9voquant le renforcement des capacit\u00e9s europ\u00e9ennes en mati\u00e8re d\u2019alerte avanc\u00e9e, de d\u00e9fense a\u00e9rienne et de frappe dans la profondeur.<\/p>\n<p>aa.com.tr<\/p>\n","protected":false},"excerpt":{"rendered":"<p>Emmanuel Macron a soulign\u00e9 la n\u00e9cessit\u00e9 pour les Europ\u00e9ens de se coordonner afin de prot\u00e9ger leurs ressortissants et de garantir la s\u00e9curit\u00e9 maritime dans la r\u00e9gion. Le pr\u00e9sident fran\u00e7ais Emmanuel Macron a accueilli mercredi \u00e0 Paris le Premier ministre n\u00e9erlandais Rob Jetten, saluant un partenaire europ\u00e9en \u00ab engag\u00e9 \u00bb en faveur d\u2019une Europe \u00ab forte, &hellip;<\/p>\n","protected":false},"author":2,"featured_media":20884,"comment_status":"open","ping_status":"open","sticky":false,"template":"","format":"standard","meta":{"footnotes":""},"categories":[18,29],"tags":[],"class_list":["post-20883","post","type-post","status-publish","format-standard","has-post-thumbnail","hentry","category-actualites","category-monde"],"_links":{"self":[{"href":"https:\/\/ladepeche.mr\/index.php?rest_route=\/wp\/v2\/posts\/20883","targetHints":{"allow":["GET"]}}],"collection":[{"href":"https:\/\/ladepeche.mr\/index.php?rest_route=\/wp\/v2\/posts"}],"about":[{"href":"https:\/\/ladepeche.mr\/index.php?rest_route=\/wp\/v2\/types\/post"}],"author":[{"embeddable":true,"href":"https:\/\/ladepeche.mr\/index.php?rest_route=\/wp\/v2\/users\/2"}],"replies":[{"embeddable":true,"href":"https:\/\/ladepeche.mr\/index.php?rest_route=%2Fwp%2Fv2%2Fcomments&post=20883"}],"version-history":[{"count":1,"href":"https:\/\/ladepeche.mr\/index.php?rest_route=\/wp\/v2\/posts\/20883\/revisions"}],"predecessor-version":[{"id":20885,"href":"https:\/\/ladepeche.mr\/index.php?rest_route=\/wp\/v2\/posts\/20883\/revisions\/20885"}],"wp:featuredmedia":[{"embeddable":true,"href":"https:\/\/ladepeche.mr\/index.php?rest_route=\/wp\/v2\/media\/20884"}],"wp:attachment":[{"href":"https:\/\/ladepeche.mr\/index.php?rest_route=%2Fwp%2Fv2%2Fmedia&parent=20883"}],"wp:term":[{"taxonomy":"category","embeddable":true,"href":"https:\/\/ladepeche.mr\/index.php?rest_route=%2Fwp%2Fv2%2Fcategories&post=20883"},{"taxonomy":"post_tag","embeddable":true,"href":"https:\/\/ladepeche.mr\/index.php?rest_route=%2Fwp%2Fv2%2Ftags&post=20883"}],"curies":[{"name":"wp","href":"https:\/\/api.w.org\/{rel}","templated":true}]}}