{"id":2089,"date":"2022-09-27T12:19:14","date_gmt":"2022-09-27T12:19:14","guid":{"rendered":"https:\/\/ladepeche.mr\/?p=2089"},"modified":"2022-09-27T12:23:20","modified_gmt":"2022-09-27T12:23:20","slug":"gouvernement-soko-etait-il-lhomme-a-abattre","status":"publish","type":"post","link":"https:\/\/ladepeche.mr\/?p=2089","title":{"rendered":"Gouvernement : Adama Bokar Soko \u00e9tait-il l\u2019homme \u00e0 abattre ?"},"content":{"rendered":"<p>La \u00ab remanomania \u00bb qui s\u2019en prend de l\u2019\u00e9quipe du premier Ministre, Mohamed Ould Billal, d\u00e9note soit d\u2019un t\u00e2tonnement r\u00e9v\u00e9lateur d\u2019un gouvernement qui se cherche toujours, d\u00e9pass\u00e9 par les \u00e9v\u00e9nements ; soit d\u2019une cure inachev\u00e9e mais dont le rem\u00e8de est encore pire que le mal. Le dernier remaniement donne en tout cas l\u2019impression que tout le man\u00e8ge visait \u00e0 \u00e9carter l\u2019ancien ministre de l\u2019\u00e9ducation nationale et de la r\u00e9forme du syst\u00e8me \u00e9ducatif, \u00e9vacu\u00e9 une premi\u00e8re fois, il y a quelques semaines du minist\u00e8re de l\u2019\u00e9levage pour celui de l\u2019\u00e9ducation nationale et de la r\u00e9forme du syst\u00e8me \u00e9ducatif..<br \/>\nLe communiqu\u00e9 de la pr\u00e9sidence informe juste que \u00ab par d\u00e9cret en date de ce jour, et sur proposition du Premier ministre, sont nomm\u00e9s : ministre de l\u2019Education nationale et de la R\u00e9forme du Syst\u00e8me \u00e9ducatif, Brahim Vall Ould Mohamed Lemine. Un ancien de l\u2019UNFPA fraichement entr\u00e9 au gouvernement de Mohamed Ould Billal. Il remplace Adama Bokar Soko apparemment rescap\u00e9 de l\u2019avant-dernier remaniement partiel. Le communiqu\u00e9 informe aussi que Ze\u00efnebou Mint Hmednah, ex-ministre secr\u00e9taire g\u00e9n\u00e9rale du Gouvernement, est nomm\u00e9e Ministre de la Fonction publique et du Travail, en remplacement de Mohamed Ould Abdallahi Ould Ethmane, devenu Ministre de l\u2019Elevage, en remplacement de Brahim Vall Ould Mohamed Lemine qui \u00e9tait bien dans son milieu pourtant&#8230;La seule nomination est celle de Lam Moctar Alhousseyni, Ministre secr\u00e9taire g\u00e9n\u00e9ral du gouvernement, en lieu et place de Ze\u00efnebou Mint Hmednah.<br \/>\nLe remaniement (tr\u00e8s) partiel ne se r\u00e9sume-t-il enfin qu\u2019au limogeage de Soko ? Pouss\u00e9 dans le dos vers le pr\u00e9cipice, la sortie de Soko cache-t-elle un malaise que le gouvernement n\u2019assume pas ? Que lui reproche-t-on ? Et qu\u2019a-t-il d\u2019abord commis comme \u00abimpair \u00bb pour que cet ancien cadre du Pnud et sortant de la Sorbonne puisse m\u00e9riter ce traitement?<br \/>\nIl n\u2019y a \u00e9videmment que des interrogations qui fusent et beaucoup de supputations si l\u2019on ne s\u2019en tient qu\u2019aux comm\u00e9rages publics qui les lient avec la mauvaise gestion des ouvertures des classes, pendant que d\u2019autres parlent de secousses li\u00e9es \u00e0 l\u2019application des r\u00e9formes \u00e9ducatives objet de concertations nationales qui connaissent une certaine r\u00e9sistance, ou encore la sempiternelle question de dosage ethnique pendant que les plus spectaculaires parlent du dernier voyage de l\u2019ex-ministre de l\u2019Education nationale et de la R\u00e9forme \u00e9ducative, Adama Bokar Soko, \u00e0 New York pour le sommet mondial sur la transformation de l\u2019\u00e9ducation organis\u00e9 par les Nations Unies du 17-22 septembre 2022.<\/p>\n","protected":false},"excerpt":{"rendered":"<p>La \u00ab remanomania \u00bb qui s\u2019en prend de l\u2019\u00e9quipe du premier Ministre, Mohamed Ould Billal, d\u00e9note soit d\u2019un t\u00e2tonnement r\u00e9v\u00e9lateur d\u2019un gouvernement qui se cherche toujours, d\u00e9pass\u00e9 par les \u00e9v\u00e9nements ; soit d\u2019une cure inachev\u00e9e mais dont le rem\u00e8de est encore pire que le mal. Le dernier remaniement donne en tout cas l\u2019impression que tout &hellip;<\/p>\n","protected":false},"author":2,"featured_media":2090,"comment_status":"open","ping_status":"open","sticky":false,"template":"","format":"standard","meta":{"footnotes":""},"categories":[18],"tags":[],"class_list":["post-2089","post","type-post","status-publish","format-standard","has-post-thumbnail","hentry","category-actualites"],"_links":{"self":[{"href":"https:\/\/ladepeche.mr\/index.php?rest_route=\/wp\/v2\/posts\/2089","targetHints":{"allow":["GET"]}}],"collection":[{"href":"https:\/\/ladepeche.mr\/index.php?rest_route=\/wp\/v2\/posts"}],"about":[{"href":"https:\/\/ladepeche.mr\/index.php?rest_route=\/wp\/v2\/types\/post"}],"author":[{"embeddable":true,"href":"https:\/\/ladepeche.mr\/index.php?rest_route=\/wp\/v2\/users\/2"}],"replies":[{"embeddable":true,"href":"https:\/\/ladepeche.mr\/index.php?rest_route=%2Fwp%2Fv2%2Fcomments&post=2089"}],"version-history":[{"count":3,"href":"https:\/\/ladepeche.mr\/index.php?rest_route=\/wp\/v2\/posts\/2089\/revisions"}],"predecessor-version":[{"id":2093,"href":"https:\/\/ladepeche.mr\/index.php?rest_route=\/wp\/v2\/posts\/2089\/revisions\/2093"}],"wp:featuredmedia":[{"embeddable":true,"href":"https:\/\/ladepeche.mr\/index.php?rest_route=\/wp\/v2\/media\/2090"}],"wp:attachment":[{"href":"https:\/\/ladepeche.mr\/index.php?rest_route=%2Fwp%2Fv2%2Fmedia&parent=2089"}],"wp:term":[{"taxonomy":"category","embeddable":true,"href":"https:\/\/ladepeche.mr\/index.php?rest_route=%2Fwp%2Fv2%2Fcategories&post=2089"},{"taxonomy":"post_tag","embeddable":true,"href":"https:\/\/ladepeche.mr\/index.php?rest_route=%2Fwp%2Fv2%2Ftags&post=2089"}],"curies":[{"name":"wp","href":"https:\/\/api.w.org\/{rel}","templated":true}]}}