{"id":20891,"date":"2026-03-13T15:22:29","date_gmt":"2026-03-13T15:22:29","guid":{"rendered":"https:\/\/ladepeche.mr\/?p=20891"},"modified":"2026-03-13T15:22:29","modified_gmt":"2026-03-13T15:22:29","slug":"deces-de-boubacar-ould-messaoud-figure-de-la-lutte-antiesclavagiste-en-mauritanie","status":"publish","type":"post","link":"https:\/\/ladepeche.mr\/?p=20891","title":{"rendered":"D\u00e9c\u00e8s de Boubacar Ould Messaoud, figure de la lutte antiesclavagiste en Mauritanie"},"content":{"rendered":"<p data-t=\"{&quot;n&quot;:&quot;blueLinks&quot;,&quot;t&quot;:13,&quot;a&quot;:&quot;click&quot;,&quot;b&quot;:76}\"><strong>Le cofondateur du parti Action pour le changement et fondateur de SOS Esclaves, ONG qui \u0153uvre pour l\u2019\u00e9radication de l\u2019esclavage en Mauritanie, est d\u00e9c\u00e9d\u00e9 jeudi \u00e0 Nouakchott.<\/strong><\/p>\n<div class=\"article-image-slot image-slot-placeholder\" data-doc-id=\"cms\/api\/amp\/image\/AA1YxCgI\">\n<div class=\"article-image-slot\">\n<div class=\"article-image-container polished\" data-t=\"{&quot;n&quot;:&quot;OpenModal&quot;,&quot;t&quot;:13,&quot;b&quot;:8,&quot;c.i&quot;:&quot;AA1YxxQH&quot;,&quot;c.l&quot;:false,&quot;c.t&quot;:13,&quot;c.v&quot;:&quot;news&quot;,&quot;c.c&quot;:&quot;others&quot;,&quot;c.b&quot;:&quot;Jeune Afrique&quot;,&quot;c.bi&quot;:&quot;BB141bRa&quot;,&quot;c.tv&quot;:&quot;news&quot;,&quot;c.tc&quot;:&quot;general&quot;,&quot;c.hl&quot;:&quot;D\u00e9c\u00e8s de Boubacar Ould Messaoud, figure de la lutte antiesclavagiste en Mauritanie&quot;}\" data-test-id=\"AA1YxCgI\">\n<p>Le militant mauritanien des droits humains Boubacar Ould Messaoud, fondateur de l\u2019ONG SOS Esclaves, est d\u00e9c\u00e9d\u00e9 jeudi 12 mars 2026 \u00e0 Nouakchott \u00e0 l\u2019\u00e2ge de 80 ans, a annonc\u00e9 \u00e0 l\u2019AFP un responsable de son organisation.<\/p>\n<p>Il avait fond\u00e9 SOS Esclaves, qui \u0153uvre pour l\u2019\u00e9radication de l\u2019esclavage en Mauritanie et le soutien \u00e0 la r\u00e9int\u00e9gration des victimes d\u2019esclavage dans la soci\u00e9t\u00e9, en 1995. L\u2019organisation avait fonctionn\u00e9 pendant des ann\u00e9es sans reconnaissance officielle, avant d\u2019obtenir un statut l\u00e9gal en 2005. Officiellement aboli en 1981, l\u2019esclavage perdure en Mauritanie, bien que les sanctions aient \u00e9t\u00e9 durcies en 2015.<\/p>\n<h2 class=\"article-sub-heading\">Mis \u00e0 l\u2019\u00e9cart et arr\u00eat\u00e9 dans les ann\u00e9es 1980-1990<\/h2>\n<p data-t=\"{&quot;n&quot;:&quot;blueLinks&quot;,&quot;t&quot;:13,&quot;a&quot;:&quot;click&quot;,&quot;b&quot;:76}\">Boubacar Ould Messaoud a milit\u00e9 au sein de plusieurs formations politiques, dont le mouvement antiesclavagiste \u00ab El Hor \u00bb, qu\u2019il avait int\u00e9gr\u00e9 en 1975. Il s\u2019\u00e9tait ensuite consacr\u00e9 au combat pour les droits humains et la lutte pour l\u2019\u00e9radication de l\u2019esclavage. Boubacar Ould Messaoud avait notamment re\u00e7u en 2023 la m\u00e9daille d\u2019officier du m\u00e9rite national, le Prix des droits de l\u2019homme de la R\u00e9publique fran\u00e7aise en 2010 et l\u2019Anti-Slavery International Award en 2009.<\/p>\n<p data-t=\"{&quot;n&quot;:&quot;blueLinks&quot;,&quot;t&quot;:13,&quot;a&quot;:&quot;click&quot;,&quot;b&quot;:76}\">Cet architecte de formation, n\u00e9 en 1945 \u00e0 Rosso (sud de la Mauritanie), a particip\u00e9 \u00e0 l\u2019\u00e9laboration de plans architecturaux de nombreux \u00e9difices de la capitale Nouakchott. Son engagement pour la d\u00e9nonciation de l\u2019esclavage et des exactions ayant vis\u00e9 des Noirs mauritaniens dans les ann\u00e9es 1989-1992, durant le r\u00e9gime de l\u2019ancien pr\u00e9sident mauritanien Maaouiya Ould Taya (1984-2005), lui avait valu d\u2019\u00eatre mis \u00e0 l\u2019\u00e9cart.<\/p>\n<p data-t=\"{&quot;n&quot;:&quot;blueLinks&quot;,&quot;t&quot;:13,&quot;a&quot;:&quot;click&quot;,&quot;b&quot;:76}\">Cofondateur du parti Action pour le changement (AC), interdit par le r\u00e9gime de Maaouiya Ould Taya, il a subi plusieurs arrestations et privations de droits au cours des ann\u00e9es 1980 et au d\u00e9but des ann\u00e9es 1990. Il avait aussi \u00e9t\u00e9 relev\u00e9 en 1991 de ses fonctions de directeur g\u00e9n\u00e9ral de la Socogim, l\u2019entreprise publique de l\u2019habitat, en raison de son positionnement politique.<\/p>\n<p data-t=\"{&quot;n&quot;:&quot;blueLinks&quot;,&quot;t&quot;:13,&quot;a&quot;:&quot;click&quot;,&quot;b&quot;:76}\">Une pri\u00e8re mortuaire pour la lev\u00e9e du corps a eu lieu jeudi \u00e0 la grande mosqu\u00e9e de Nouakchott. Boubacar Ould Messaoud a ensuite \u00e9t\u00e9 enterr\u00e9 \u00e0 Rosso, \u00e0 environ 200 km au sud de la capitale.<\/p>\n<p data-t=\"{&quot;n&quot;:&quot;blueLinks&quot;,&quot;t&quot;:13,&quot;a&quot;:&quot;click&quot;,&quot;b&quot;:76}\"><strong>(Avec AFP)<\/strong><\/p>\n<p data-t=\"{&quot;n&quot;:&quot;blueLinks&quot;,&quot;t&quot;:13,&quot;a&quot;:&quot;click&quot;,&quot;b&quot;:76}\"><a href=\"https:\/\/www.msn.com\/fr-xl\/actualite\/other\/d%C3%A9c%C3%A8s-de-boubacar-ould-messaoud-figure-de-la-lutte-antiesclavagiste-en-mauritanie\/ar-AA1YxxQH?ocid=msedgntp&amp;pc=U531&amp;cvid=69b4292be94c407c94c112ebbce24047&amp;ei=33\">D\u00e9c\u00e8s de Boubacar Ould Messaoud, figure de la lutte antiesclavagiste en Mauritanie<\/a><\/p>\n<\/div>\n<\/div>\n<\/div>\n","protected":false},"excerpt":{"rendered":"<p>Le cofondateur du parti Action pour le changement et fondateur de SOS Esclaves, ONG qui \u0153uvre pour l\u2019\u00e9radication de l\u2019esclavage en Mauritanie, est d\u00e9c\u00e9d\u00e9 jeudi \u00e0 Nouakchott. Le militant mauritanien des droits humains Boubacar Ould Messaoud, fondateur de l\u2019ONG SOS Esclaves, est d\u00e9c\u00e9d\u00e9 jeudi 12 mars 2026 \u00e0 Nouakchott \u00e0 l\u2019\u00e2ge de 80 ans, a &hellip;<\/p>\n","protected":false},"author":2,"featured_media":20892,"comment_status":"open","ping_status":"open","sticky":false,"template":"","format":"standard","meta":{"footnotes":""},"categories":[18],"tags":[],"class_list":["post-20891","post","type-post","status-publish","format-standard","has-post-thumbnail","hentry","category-actualites"],"_links":{"self":[{"href":"https:\/\/ladepeche.mr\/index.php?rest_route=\/wp\/v2\/posts\/20891","targetHints":{"allow":["GET"]}}],"collection":[{"href":"https:\/\/ladepeche.mr\/index.php?rest_route=\/wp\/v2\/posts"}],"about":[{"href":"https:\/\/ladepeche.mr\/index.php?rest_route=\/wp\/v2\/types\/post"}],"author":[{"embeddable":true,"href":"https:\/\/ladepeche.mr\/index.php?rest_route=\/wp\/v2\/users\/2"}],"replies":[{"embeddable":true,"href":"https:\/\/ladepeche.mr\/index.php?rest_route=%2Fwp%2Fv2%2Fcomments&post=20891"}],"version-history":[{"count":1,"href":"https:\/\/ladepeche.mr\/index.php?rest_route=\/wp\/v2\/posts\/20891\/revisions"}],"predecessor-version":[{"id":20893,"href":"https:\/\/ladepeche.mr\/index.php?rest_route=\/wp\/v2\/posts\/20891\/revisions\/20893"}],"wp:featuredmedia":[{"embeddable":true,"href":"https:\/\/ladepeche.mr\/index.php?rest_route=\/wp\/v2\/media\/20892"}],"wp:attachment":[{"href":"https:\/\/ladepeche.mr\/index.php?rest_route=%2Fwp%2Fv2%2Fmedia&parent=20891"}],"wp:term":[{"taxonomy":"category","embeddable":true,"href":"https:\/\/ladepeche.mr\/index.php?rest_route=%2Fwp%2Fv2%2Fcategories&post=20891"},{"taxonomy":"post_tag","embeddable":true,"href":"https:\/\/ladepeche.mr\/index.php?rest_route=%2Fwp%2Fv2%2Ftags&post=20891"}],"curies":[{"name":"wp","href":"https:\/\/api.w.org\/{rel}","templated":true}]}}