{"id":20894,"date":"2026-03-13T15:26:11","date_gmt":"2026-03-13T15:26:11","guid":{"rendered":"https:\/\/ladepeche.mr\/?p=20894"},"modified":"2026-03-13T15:26:11","modified_gmt":"2026-03-13T15:26:11","slug":"le-president-de-la-republique-salue-le-role-des-forces-armees-et-de-securite","status":"publish","type":"post","link":"https:\/\/ladepeche.mr\/?p=20894","title":{"rendered":"Le Pr\u00e9sident de la R\u00e9publique salue le r\u00f4le des Forces Arm\u00e9es et de S\u00e9curit\u00e9"},"content":{"rendered":"<p><strong>Atar \u2013<\/strong> Le Pr\u00e9sident de la R\u00e9publique, Mohamed Ould Cheikh El Ghazouani, a salu\u00e9 jeudi soir le r\u00f4le des Forces arm\u00e9es et de s\u00e9curit\u00e9 dans la protection de la patrie et la pr\u00e9servation de la stabilit\u00e9 du pays, exprimant sa fiert\u00e9 pour leur courage, leur discipline et leur sens des responsabilit\u00e9s.<\/p>\n<p>Ces propos ont \u00e9t\u00e9 tenus lors d\u2019un d\u00eener de rupture du je\u00fbne du Ramadan organis\u00e9 \u00e0 la garnison d\u2019Atar, dans la r\u00e9gion de l\u2019Adrar, auquel ont pris part des officiers, sous-officiers et soldats de diff\u00e9rentes composantes des forces de d\u00e9fense et de s\u00e9curit\u00e9.<\/p>\n<p>Le chef de l\u2019\u00c9tat a indiqu\u00e9 que cette rencontre s\u2019inscrit dans une tradition qu\u2019il perp\u00e9tue chaque ann\u00e9e durant le mois de Ramadan, consistant \u00e0 partager l\u2019iftar avec les militaires d\u00e9ploy\u00e9s dans diverses r\u00e9gions du pays. Il a pr\u00e9cis\u00e9 que, si les visites pr\u00e9c\u00e9dentes concernaient souvent des unit\u00e9s stationn\u00e9es sur les lignes de front ou \u00e0 proximit\u00e9, le choix de la garnison d\u2019Atar cette ann\u00e9e tient \u00e0 sa sp\u00e9cificit\u00e9.<\/p>\n<p>Selon lui, cette garnison constitue un mod\u00e8le complet de formation militaire, abritant notamment l\u2019Acad\u00e9mie Militaire Interarmes d\u2019Atar ainsi qu\u2019une \u00e9cole d\u2019aviation charg\u00e9e de la formation des cadres de l\u2019arm\u00e9e de l\u2019air. Elle accueille \u00e9galement des unit\u00e9s op\u00e9rationnelles, dont un bataillon de commandos parachutistes, en plus de la pr\u00e9sence de formations relevant de la Gendarmerie Nationale mauritanienne, de la Garde Nationale mauritanienne, de la Police Nationale mauritanienne et de la Protection Civile mauritanienne.<\/p>\n<p>Le Pr\u00e9sident de la R\u00e9publique a soulign\u00e9 que les membres des Forces arm\u00e9es et de s\u00e9curit\u00e9 constituent \u00ab le bastion imprenable de la patrie \u00bb et accomplissent leurs missions avec efficacit\u00e9, courage et loyaut\u00e9, souvent dans des conditions difficiles et loin de leurs familles.<\/p>\n<p>Il a \u00e9galement rappel\u00e9 que la vie militaire repose avant tout sur le sens du devoir, la discipline et la disposition permanente au sacrifice pour la d\u00e9fense du pays.<\/p>\n<p>Le chef de l\u2019\u00c9tat a par ailleurs affirm\u00e9 que l\u2019\u00c9tat accorde une attention particuli\u00e8re \u00e0 l\u2019am\u00e9lioration des conditions professionnelles et de vie des forces de d\u00e9fense et de s\u00e9curit\u00e9, ainsi qu\u2019au renforcement de leurs capacit\u00e9s par la formation, la qualification et la modernisation des \u00e9quipements.<\/p>\n<p>\u00c9voquant les d\u00e9fis s\u00e9curitaires auxquels la r\u00e9gion et le monde sont confront\u00e9s, il a insist\u00e9 sur la n\u00e9cessit\u00e9 de maintenir un niveau \u00e9lev\u00e9 de pr\u00e9paration et de vigilance afin de faire face aux diff\u00e9rentes menaces.<\/p>\n<p>En conclusion, le Pr\u00e9sident de la R\u00e9publique a renouvel\u00e9 ses f\u00e9licitations aux membres des Forces arm\u00e9es et de s\u00e9curit\u00e9 pour leurs sacrifices au service de la nation, priant pour la protection de la Mauritanie et de ses citoyens.<\/p>\n<p>(avec Ami)<\/p>\n","protected":false},"excerpt":{"rendered":"<p>Atar \u2013 Le Pr\u00e9sident de la R\u00e9publique, Mohamed Ould Cheikh El Ghazouani, a salu\u00e9 jeudi soir le r\u00f4le des Forces arm\u00e9es et de s\u00e9curit\u00e9 dans la protection de la patrie et la pr\u00e9servation de la stabilit\u00e9 du pays, exprimant sa fiert\u00e9 pour leur courage, leur discipline et leur sens des responsabilit\u00e9s. Ces propos ont \u00e9t\u00e9 &hellip;<\/p>\n","protected":false},"author":2,"featured_media":20895,"comment_status":"open","ping_status":"open","sticky":false,"template":"","format":"standard","meta":{"footnotes":""},"categories":[18,31],"tags":[],"class_list":["post-20894","post","type-post","status-publish","format-standard","has-post-thumbnail","hentry","category-actualites","category-politique-et-reportages"],"_links":{"self":[{"href":"https:\/\/ladepeche.mr\/index.php?rest_route=\/wp\/v2\/posts\/20894","targetHints":{"allow":["GET"]}}],"collection":[{"href":"https:\/\/ladepeche.mr\/index.php?rest_route=\/wp\/v2\/posts"}],"about":[{"href":"https:\/\/ladepeche.mr\/index.php?rest_route=\/wp\/v2\/types\/post"}],"author":[{"embeddable":true,"href":"https:\/\/ladepeche.mr\/index.php?rest_route=\/wp\/v2\/users\/2"}],"replies":[{"embeddable":true,"href":"https:\/\/ladepeche.mr\/index.php?rest_route=%2Fwp%2Fv2%2Fcomments&post=20894"}],"version-history":[{"count":1,"href":"https:\/\/ladepeche.mr\/index.php?rest_route=\/wp\/v2\/posts\/20894\/revisions"}],"predecessor-version":[{"id":20896,"href":"https:\/\/ladepeche.mr\/index.php?rest_route=\/wp\/v2\/posts\/20894\/revisions\/20896"}],"wp:featuredmedia":[{"embeddable":true,"href":"https:\/\/ladepeche.mr\/index.php?rest_route=\/wp\/v2\/media\/20895"}],"wp:attachment":[{"href":"https:\/\/ladepeche.mr\/index.php?rest_route=%2Fwp%2Fv2%2Fmedia&parent=20894"}],"wp:term":[{"taxonomy":"category","embeddable":true,"href":"https:\/\/ladepeche.mr\/index.php?rest_route=%2Fwp%2Fv2%2Fcategories&post=20894"},{"taxonomy":"post_tag","embeddable":true,"href":"https:\/\/ladepeche.mr\/index.php?rest_route=%2Fwp%2Fv2%2Ftags&post=20894"}],"curies":[{"name":"wp","href":"https:\/\/api.w.org\/{rel}","templated":true}]}}