{"id":20897,"date":"2026-03-13T15:29:31","date_gmt":"2026-03-13T15:29:31","guid":{"rendered":"https:\/\/ladepeche.mr\/?p=20897"},"modified":"2026-03-13T15:29:31","modified_gmt":"2026-03-13T15:29:31","slug":"aes-lue-exige-la-liberation-de-bazoum-le-niger-denonce-une-ingerence","status":"publish","type":"post","link":"https:\/\/ladepeche.mr\/?p=20897","title":{"rendered":"AES : l&#8217;UE exige la lib\u00e9ration de Bazoum, le Niger d\u00e9nonce une \u00ab ing\u00e9rence \u00bb"},"content":{"rendered":"<p data-t=\"{&quot;n&quot;:&quot;blueLinks&quot;,&quot;t&quot;:13,&quot;a&quot;:&quot;click&quot;,&quot;b&quot;:76}\"><strong>Le Niger a vivement r\u00e9agi apr\u00e8s l\u2019adoption par le Parlement europ\u00e9en d\u2019une r\u00e9solution demandant la lib\u00e9ration du pr\u00e9sident Mohamed Bazoum, d\u00e9tenu depuis le coup d\u2019\u00c9tat de 2023.<\/strong><\/p>\n<div class=\"article-image-slot image-slot-placeholder\" data-doc-id=\"cms\/api\/amp\/image\/AA1YyEQ5\">\n<div class=\"article-image-slot\">\n<div class=\"article-image-container polished\" data-t=\"{&quot;n&quot;:&quot;OpenModal&quot;,&quot;t&quot;:13,&quot;b&quot;:8,&quot;c.i&quot;:&quot;AA1YyOGD&quot;,&quot;c.l&quot;:false,&quot;c.t&quot;:13,&quot;c.v&quot;:&quot;news&quot;,&quot;c.c&quot;:&quot;others&quot;,&quot;c.b&quot;:&quot;Euronews (Fran\u00e7ais)&quot;,&quot;c.bi&quot;:&quot;AA2qy7x&quot;,&quot;c.tv&quot;:&quot;news&quot;,&quot;c.tc&quot;:&quot;general&quot;,&quot;c.hl&quot;:&quot;AES : l'UE exige la lib\u00e9ration de Bazoum, le Niger d\u00e9nonce une \u00ab ing\u00e9rence \u00bb&quot;}\" data-test-id=\"AA1YyEQ5\">\n<p data-t=\"{&quot;n&quot;:&quot;blueLinks&quot;,&quot;t&quot;:13,&quot;a&quot;:&quot;click&quot;,&quot;b&quot;:76}\">Les autorit\u00e9s de Niamey d\u00e9noncent une ing\u00e9rence de l\u2019Union europ\u00e9enne dans ce qu\u2019elles consid\u00e8rent comme une affaire strictement interne au Niger. Dans ce contexte, la charg\u00e9e d\u2019affaires de l\u2019Union europ\u00e9enne \u00e0 Niamey, Nicoletta Avella, a \u00e9t\u00e9 convoqu\u00e9e par les autorit\u00e9s militaires.<\/p>\n<p class=\"continue-read-break\" data-t=\"{&quot;n&quot;:&quot;blueLinks&quot;,&quot;t&quot;:13,&quot;a&quot;:&quot;click&quot;,&quot;b&quot;:76}\">Celles-ci lui ont remis une lettre condamnant ce qu\u2019elles qualifient d\u2019ing\u00e9rence de l\u2019UE dans les affaires int\u00e9rieures du pays.<\/p>\n<p data-t=\"{&quot;n&quot;:&quot;blueLinks&quot;,&quot;t&quot;:13,&quot;a&quot;:&quot;click&quot;,&quot;b&quot;:76}\">Le gouvernement nig\u00e9rien critique \u00e9galement une \u00ab attitude paternaliste et condescendante \u00bb de l\u2019Union europ\u00e9enne, affirmant qu\u2019il \u00ab n\u2019acceptera aucune directive, d\u2019o\u00f9 qu\u2019elle vienne \u00bb. La r\u00e9solution non contraignante du Parlement europ\u00e9en, adopt\u00e9e jeudi par 524 voix, condamne notamment \u00ab la r\u00e9pression exerc\u00e9e \u00e0 l\u2019encontre des acteurs politiques&#8230;<\/p>\n<p data-t=\"{&quot;n&quot;:&quot;blueLinks&quot;,&quot;t&quot;:13,&quot;a&quot;:&quot;click&quot;,&quot;b&quot;:76}\"><a href=\"https:\/\/www.msn.com\/fr-xl\/actualite\/other\/aes-l-ue-exige-la-lib%C3%A9ration-de-bazoum-le-niger-d%C3%A9nonce-une-ing%C3%A9rence\/ar-AA1YyOGD?ocid=msedgntp&amp;pc=U531&amp;cvid=69b4292be94c407c94c112ebbce24047&amp;ei=42\">AES : l&#8217;UE exige la lib\u00e9ration de Bazoum, le Niger d\u00e9nonce une \u00ab ing\u00e9rence \u00bb<\/a><\/p>\n<\/div>\n<\/div>\n<\/div>\n","protected":false},"excerpt":{"rendered":"<p>Le Niger a vivement r\u00e9agi apr\u00e8s l\u2019adoption par le Parlement europ\u00e9en d\u2019une r\u00e9solution demandant la lib\u00e9ration du pr\u00e9sident Mohamed Bazoum, d\u00e9tenu depuis le coup d\u2019\u00c9tat de 2023. Les autorit\u00e9s de Niamey d\u00e9noncent une ing\u00e9rence de l\u2019Union europ\u00e9enne dans ce qu\u2019elles consid\u00e8rent comme une affaire strictement interne au Niger. Dans ce contexte, la charg\u00e9e d\u2019affaires de &hellip;<\/p>\n","protected":false},"author":2,"featured_media":20898,"comment_status":"open","ping_status":"open","sticky":false,"template":"","format":"standard","meta":{"footnotes":""},"categories":[18,28],"tags":[],"class_list":["post-20897","post","type-post","status-publish","format-standard","has-post-thumbnail","hentry","category-actualites","category-sahel"],"_links":{"self":[{"href":"https:\/\/ladepeche.mr\/index.php?rest_route=\/wp\/v2\/posts\/20897","targetHints":{"allow":["GET"]}}],"collection":[{"href":"https:\/\/ladepeche.mr\/index.php?rest_route=\/wp\/v2\/posts"}],"about":[{"href":"https:\/\/ladepeche.mr\/index.php?rest_route=\/wp\/v2\/types\/post"}],"author":[{"embeddable":true,"href":"https:\/\/ladepeche.mr\/index.php?rest_route=\/wp\/v2\/users\/2"}],"replies":[{"embeddable":true,"href":"https:\/\/ladepeche.mr\/index.php?rest_route=%2Fwp%2Fv2%2Fcomments&post=20897"}],"version-history":[{"count":1,"href":"https:\/\/ladepeche.mr\/index.php?rest_route=\/wp\/v2\/posts\/20897\/revisions"}],"predecessor-version":[{"id":20899,"href":"https:\/\/ladepeche.mr\/index.php?rest_route=\/wp\/v2\/posts\/20897\/revisions\/20899"}],"wp:featuredmedia":[{"embeddable":true,"href":"https:\/\/ladepeche.mr\/index.php?rest_route=\/wp\/v2\/media\/20898"}],"wp:attachment":[{"href":"https:\/\/ladepeche.mr\/index.php?rest_route=%2Fwp%2Fv2%2Fmedia&parent=20897"}],"wp:term":[{"taxonomy":"category","embeddable":true,"href":"https:\/\/ladepeche.mr\/index.php?rest_route=%2Fwp%2Fv2%2Fcategories&post=20897"},{"taxonomy":"post_tag","embeddable":true,"href":"https:\/\/ladepeche.mr\/index.php?rest_route=%2Fwp%2Fv2%2Ftags&post=20897"}],"curies":[{"name":"wp","href":"https:\/\/api.w.org\/{rel}","templated":true}]}}