{"id":20900,"date":"2026-03-13T17:30:24","date_gmt":"2026-03-13T17:30:24","guid":{"rendered":"https:\/\/ladepeche.mr\/?p=20900"},"modified":"2026-03-13T16:46:00","modified_gmt":"2026-03-13T16:46:00","slug":"senegal-guerre-froide-avec-diomaye-faye-ousmane-sonko-sexplique","status":"publish","type":"post","link":"https:\/\/ladepeche.mr\/?p=20900","title":{"rendered":"S\u00e9n\u00e9gal : guerre froide avec Diomaye Faye, Ousmane Sonko s\u2019explique"},"content":{"rendered":"<p data-t=\"{&quot;n&quot;:&quot;blueLinks&quot;,&quot;t&quot;:13,&quot;a&quot;:&quot;click&quot;,&quot;b&quot;:76}\">Au\u00a0S\u00e9n\u00e9gal, le Premier ministre\u00a0Ousmane Sonko\u00a0a pris la parole ce dimanche 1er mars 2026. Il est revenu sur ses incompr\u00e9hensions avec le Pr\u00e9sident de la R\u00e9publique,\u00a0Bassirou Diomaye Faye.<\/p>\n<p class=\"continue-read-break\" data-t=\"{&quot;n&quot;:&quot;blueLinks&quot;,&quot;t&quot;:13,&quot;a&quot;:&quot;click&quot;,&quot;b&quot;:76}\">Au S\u00e9n\u00e9gal, le Premier ministre et pr\u00e9sident de Pastef,\u00a0<a href=\"https:\/\/www.afrique-sur7.fr\/senegal-la-brouille-entre-faye-et-sonko-relancee\" target=\"_blank\" rel=\"noopener\" data-t=\"{&quot;n&quot;:&quot;destination&quot;,&quot;t&quot;:13,&quot;a&quot;:&quot;click&quot;,&quot;b&quot;:1,&quot;c.t&quot;:7}\">Ousmane Sonko, a apport\u00e9 ce dimanche des \u00e9claircissements sur les\u00a0<em>\u00ab incompr\u00e9hensions \u00bb<\/em><\/a>\u00a0apparues ces derniers jours avec le pr\u00e9sident de la R\u00e9publique,\u00a0Bassirou Diomaye Faye. Reconnaissant tr\u00e8s bien l\u2019existence de divergences politiques et de gestion au sommet de l\u2019\u00c9tat, le chef du gouvernement a r\u00e9affirm\u00e9 la solidit\u00e9 du projet commun tout en mettant en garde contre les\u00a0<em>\u00ab tentations \u00bb<\/em>\u00a0li\u00e9es \u00e0 l\u2019exercice du pouvoir.<\/p>\n<p data-t=\"{&quot;n&quot;:&quot;blueLinks&quot;,&quot;t&quot;:13,&quot;a&quot;:&quot;click&quot;,&quot;b&quot;:76}\"><em>\u00ab Le pouvoir change beaucoup de choses. Si on ne s\u2019y est pas pr\u00e9par\u00e9, c\u2019est difficile. Le pouvoir va avec la tentation \u00bb<\/em>, a laiss\u00e9 entendre Ousmane Sonko selon la presse locale. Il rappelle ainsi le pass\u00e9 de lutte difficile ayant conduit la majorit\u00e9 actuelle aux responsabilit\u00e9s. A l\u2019en croire, les avis contraires sont une cons\u00e9quence normale de l\u2019exercice du pouvoir et doivent \u00eatre r\u00e9solus imp\u00e9rativement au sein des instances internes du parti, qu\u2019il qualifie de formation\u00a0<em>\u00ab la plus forte et la plus structur\u00e9e du S\u00e9n\u00e9gal \u00bb.<\/em><\/p>\n<p data-t=\"{&quot;n&quot;:&quot;blueLinks&quot;,&quot;t&quot;:13,&quot;a&quot;:&quot;click&quot;,&quot;b&quot;:76}\">Ousmane Sonko a aussi martel\u00e9 que personne, quel que soit son statut, ne serait au-dessus des r\u00e8gles collectives.\u00a0<em>\u00ab Le parti fera justice et prendra ses responsabilit\u00e9s. Il ne courra derri\u00e8re personne (\u2026) M\u00eame si c\u2019\u00e9tait moi. \u00bb<\/em>, a-t-il lanc\u00e9.<\/p>\n<p data-t=\"{&quot;n&quot;:&quot;blueLinks&quot;,&quot;t&quot;:13,&quot;a&quot;:&quot;click&quot;,&quot;b&quot;:76}\">Pointant la responsabilit\u00e9 de certains militants dans l\u2019alimentation des pol\u00e9miques publiques,\u00a0Ousmane Sonko\u00a0a appel\u00e9 \u00e0 la vigilance et au respect de la charte du parti.<\/p>\n<p data-t=\"{&quot;n&quot;:&quot;blueLinks&quot;,&quot;t&quot;:13,&quot;a&quot;:&quot;click&quot;,&quot;b&quot;:76}\">L\u2019article\u00a0<a href=\"https:\/\/www.afrique-sur7.fr\/senegal-guerre-froide-avec-diomaye-faye-ousmane-sonko-sexplique\" target=\"_blank\" rel=\"noopener\" data-t=\"{&quot;n&quot;:&quot;destination&quot;,&quot;t&quot;:13,&quot;a&quot;:&quot;click&quot;,&quot;b&quot;:1,&quot;c.t&quot;:7}\">S\u00e9n\u00e9gal : guerre froide avec Diomaye Faye, Ousmane Sonko s\u2019explique<\/a>\u00a0est apparu en premier sur\u00a0<a href=\"https:\/\/www.afrique-sur7.fr\/\" target=\"_blank\" rel=\"noopener\" data-t=\"{&quot;n&quot;:&quot;destination&quot;,&quot;t&quot;:13,&quot;a&quot;:&quot;click&quot;,&quot;b&quot;:1,&quot;c.t&quot;:7}\">Afrique sur 7 | M\u00e9dia d\u2019actualit\u00e9s C\u00f4te d\u2019Ivoire, politique, \u00e9conomie<\/a>.<\/p>\n<p data-t=\"{&quot;n&quot;:&quot;blueLinks&quot;,&quot;t&quot;:13,&quot;a&quot;:&quot;click&quot;,&quot;b&quot;:76}\"><a href=\"https:\/\/www.msn.com\/fr-xl\/actualite\/other\/s%C3%A9n%C3%A9gal-guerre-froide-avec-diomaye-faye-ousmane-sonko-s-explique\/ar-AA1Xly2G?ocid=msedgdhp&amp;pc=U531&amp;cvid=69b424789a654ea5937b89e4e549af33&amp;cvpid=a016f7d1a9054a4baee73e70384b27d3&amp;ei=41\">S\u00e9n\u00e9gal : guerre froide avec Diomaye Faye, Ousmane Sonko s\u2019explique<\/a><\/p>\n","protected":false},"excerpt":{"rendered":"<p>Au\u00a0S\u00e9n\u00e9gal, le Premier ministre\u00a0Ousmane Sonko\u00a0a pris la parole ce dimanche 1er mars 2026. Il est revenu sur ses incompr\u00e9hensions avec le Pr\u00e9sident de la R\u00e9publique,\u00a0Bassirou Diomaye Faye. Au S\u00e9n\u00e9gal, le Premier ministre et pr\u00e9sident de Pastef,\u00a0Ousmane Sonko, a apport\u00e9 ce dimanche des \u00e9claircissements sur les\u00a0\u00ab incompr\u00e9hensions \u00bb\u00a0apparues ces derniers jours avec le pr\u00e9sident de la &hellip;<\/p>\n","protected":false},"author":2,"featured_media":20901,"comment_status":"open","ping_status":"open","sticky":false,"template":"","format":"standard","meta":{"footnotes":""},"categories":[18,29],"tags":[],"class_list":["post-20900","post","type-post","status-publish","format-standard","has-post-thumbnail","hentry","category-actualites","category-monde"],"_links":{"self":[{"href":"https:\/\/ladepeche.mr\/index.php?rest_route=\/wp\/v2\/posts\/20900","targetHints":{"allow":["GET"]}}],"collection":[{"href":"https:\/\/ladepeche.mr\/index.php?rest_route=\/wp\/v2\/posts"}],"about":[{"href":"https:\/\/ladepeche.mr\/index.php?rest_route=\/wp\/v2\/types\/post"}],"author":[{"embeddable":true,"href":"https:\/\/ladepeche.mr\/index.php?rest_route=\/wp\/v2\/users\/2"}],"replies":[{"embeddable":true,"href":"https:\/\/ladepeche.mr\/index.php?rest_route=%2Fwp%2Fv2%2Fcomments&post=20900"}],"version-history":[{"count":1,"href":"https:\/\/ladepeche.mr\/index.php?rest_route=\/wp\/v2\/posts\/20900\/revisions"}],"predecessor-version":[{"id":20903,"href":"https:\/\/ladepeche.mr\/index.php?rest_route=\/wp\/v2\/posts\/20900\/revisions\/20903"}],"wp:featuredmedia":[{"embeddable":true,"href":"https:\/\/ladepeche.mr\/index.php?rest_route=\/wp\/v2\/media\/20901"}],"wp:attachment":[{"href":"https:\/\/ladepeche.mr\/index.php?rest_route=%2Fwp%2Fv2%2Fmedia&parent=20900"}],"wp:term":[{"taxonomy":"category","embeddable":true,"href":"https:\/\/ladepeche.mr\/index.php?rest_route=%2Fwp%2Fv2%2Fcategories&post=20900"},{"taxonomy":"post_tag","embeddable":true,"href":"https:\/\/ladepeche.mr\/index.php?rest_route=%2Fwp%2Fv2%2Ftags&post=20900"}],"curies":[{"name":"wp","href":"https:\/\/api.w.org\/{rel}","templated":true}]}}