{"id":20910,"date":"2026-03-14T14:25:00","date_gmt":"2026-03-14T14:25:00","guid":{"rendered":"https:\/\/ladepeche.mr\/?p=20910"},"modified":"2026-03-14T14:39:38","modified_gmt":"2026-03-14T14:39:38","slug":"cap-sur-leurope-premiere-expedition-maritime-de-pasteques-mauritaniennes-vers-tarragone","status":"publish","type":"post","link":"https:\/\/ladepeche.mr\/?p=20910","title":{"rendered":"Premi\u00e8re exp\u00e9dition maritime de past\u00e8ques: Cap sur Tarragone, en Espagne!"},"content":{"rendered":"<p>Une nouvelle \u00e9tape vient d\u2019\u00eatre franchie dans la valorisation des produits agricoles mauritaniens. Le pr\u00e9sident de l\u2019Union nationale du patronat mauritanien (UNPM), Mohamed Zine El Abidine Ould Cheikh Ahmed, a inspect\u00e9 vendredi soir, au Port autonome de Nouakchott dit \u00ab Port de l\u2019Amiti\u00e9 \u00bb, les derniers pr\u00e9paratifs pour l\u2019exp\u00e9dition de 2 100 tonnes de past\u00e8ques rouges mauritaniennes vers la ville espagnole de Tarragone, marquant la premi\u00e8re exportation directe par voie maritime vers cette destination.<\/p>\n<p>Le navire charg\u00e9 d\u2019assurer le transport de cette cargaison est arriv\u00e9 dans la soir\u00e9e au port, et l\u2019op\u00e9ration de chargement doit d\u00e9buter samedi. Selon le pr\u00e9sident de l\u2019UNPM, cette premi\u00e8re exp\u00e9dition inaugure une s\u00e9rie d\u2019envois r\u00e9guliers vers l\u2019Espagne, \u00e0 raison d\u2019un d\u00e9part toutes les deux semaines.<\/p>\n<p>Au-del\u00e0 de l\u2019\u00e9v\u00e9nement symbolique, cette op\u00e9ration illustre la mont\u00e9e en puissance de la fili\u00e8re past\u00e8que en Mauritanie, devenue en quelques ann\u00e9es l\u2019un des segments les plus dynamiques de l\u2019agriculture nationale. Les zones de production situ\u00e9es notamment dans le sud du pays et le long de la vall\u00e9e du fleuve S\u00e9n\u00e9gal ont connu un d\u00e9veloppement rapide, favoris\u00e9 par l\u2019augmentation des superficies cultiv\u00e9es et l\u2019investissement d\u2019op\u00e9rateurs priv\u00e9s dans la production et la logistique.<\/p>\n<p>D\u2019apr\u00e8s les donn\u00e9es communiqu\u00e9es \u00e0 cette occasion, les exportations mauritaniennes de past\u00e8ques vers les march\u00e9s europ\u00e9ens ont atteint environ 30 000 tonnes au cours des trois premiers mois de l\u2019ann\u00e9e en cours, g\u00e9n\u00e9rant plus de 120 millions de dollars de recettes en devises.<\/p>\n<p>Les past\u00e8ques mauritaniennes sont principalement destin\u00e9es aux march\u00e9s europ\u00e9ens, o\u00f9 elles sont appr\u00e9ci\u00e9es pour leur qualit\u00e9 et leur disponibilit\u00e9 pr\u00e9coce dans la saison. L\u2019Espagne, les Pays-Bas et la France figurent parmi les principaux d\u00e9bouch\u00e9s, avec une demande croissante pour les fruits issus des exploitations agricoles de la vall\u00e9e et des zones irrigu\u00e9es.<\/p>\n<p>Mohamed Zine El Abidine Ould Cheikh Ahmed a salu\u00e9, \u00e0 cette occasion, le r\u00f4le des acteurs \u00e9conomiques et des investisseurs engag\u00e9s dans le secteur agricole. Il a soulign\u00e9 que la progression des exportations constitue un levier important pour l\u2019augmentation de la production locale, tout en contribuant \u00e0 renforcer la pr\u00e9sence des produits agricoles mauritaniens sur les march\u00e9s internationaux.<\/p>\n<p>Selon lui, l\u2019ouverture de nouvelles liaisons maritimes directes devrait \u00e9galement am\u00e9liorer la comp\u00e9titivit\u00e9 des produits agricoles nationaux en r\u00e9duisant les d\u00e9lais et les co\u00fbts logistiques, consolidant ainsi les perspectives de croissance de la fili\u00e8re.<\/p>\n<p>(avec Ami)<\/p>\n","protected":false},"excerpt":{"rendered":"<p>Une nouvelle \u00e9tape vient d\u2019\u00eatre franchie dans la valorisation des produits agricoles mauritaniens. Le pr\u00e9sident de l\u2019Union nationale du patronat mauritanien (UNPM), Mohamed Zine El Abidine Ould Cheikh Ahmed, a inspect\u00e9 vendredi soir, au Port autonome de Nouakchott dit \u00ab Port de l\u2019Amiti\u00e9 \u00bb, les derniers pr\u00e9paratifs pour l\u2019exp\u00e9dition de 2 100 tonnes de past\u00e8ques &hellip;<\/p>\n","protected":false},"author":2,"featured_media":20911,"comment_status":"open","ping_status":"open","sticky":false,"template":"","format":"standard","meta":{"footnotes":""},"categories":[18,2],"tags":[],"class_list":["post-20910","post","type-post","status-publish","format-standard","has-post-thumbnail","hentry","category-actualites","category-economie"],"_links":{"self":[{"href":"https:\/\/ladepeche.mr\/index.php?rest_route=\/wp\/v2\/posts\/20910","targetHints":{"allow":["GET"]}}],"collection":[{"href":"https:\/\/ladepeche.mr\/index.php?rest_route=\/wp\/v2\/posts"}],"about":[{"href":"https:\/\/ladepeche.mr\/index.php?rest_route=\/wp\/v2\/types\/post"}],"author":[{"embeddable":true,"href":"https:\/\/ladepeche.mr\/index.php?rest_route=\/wp\/v2\/users\/2"}],"replies":[{"embeddable":true,"href":"https:\/\/ladepeche.mr\/index.php?rest_route=%2Fwp%2Fv2%2Fcomments&post=20910"}],"version-history":[{"count":3,"href":"https:\/\/ladepeche.mr\/index.php?rest_route=\/wp\/v2\/posts\/20910\/revisions"}],"predecessor-version":[{"id":20917,"href":"https:\/\/ladepeche.mr\/index.php?rest_route=\/wp\/v2\/posts\/20910\/revisions\/20917"}],"wp:featuredmedia":[{"embeddable":true,"href":"https:\/\/ladepeche.mr\/index.php?rest_route=\/wp\/v2\/media\/20911"}],"wp:attachment":[{"href":"https:\/\/ladepeche.mr\/index.php?rest_route=%2Fwp%2Fv2%2Fmedia&parent=20910"}],"wp:term":[{"taxonomy":"category","embeddable":true,"href":"https:\/\/ladepeche.mr\/index.php?rest_route=%2Fwp%2Fv2%2Fcategories&post=20910"},{"taxonomy":"post_tag","embeddable":true,"href":"https:\/\/ladepeche.mr\/index.php?rest_route=%2Fwp%2Fv2%2Ftags&post=20910"}],"curies":[{"name":"wp","href":"https:\/\/api.w.org\/{rel}","templated":true}]}}