{"id":20913,"date":"2026-03-14T14:33:21","date_gmt":"2026-03-14T14:33:21","guid":{"rendered":"https:\/\/ladepeche.mr\/?p=20913"},"modified":"2026-03-14T14:33:21","modified_gmt":"2026-03-14T14:33:21","slug":"guerre-en-iran-la-base-americaine-de-djibouti-une-cible-potentielle-de-liran","status":"publish","type":"post","link":"https:\/\/ladepeche.mr\/?p=20913","title":{"rendered":"Guerre en Iran : la base am\u00e9ricaine de Djibouti, une cible potentielle de l&#8217;Iran ?"},"content":{"rendered":"<p data-t=\"{&quot;n&quot;:&quot;blueLinks&quot;,&quot;t&quot;:13,&quot;a&quot;:&quot;click&quot;,&quot;b&quot;:76}\"><strong>L&#8217;ambassade des Etats-Unis de Djibouti a appel\u00e9 ses ressortissants \u00e0 la vigilance renfor\u00e7ant l&#8217;id\u00e9e d&#8217;une possible attaque iranienne.<\/strong><\/p>\n<div class=\"article-image-slot image-slot-placeholder\" data-doc-id=\"cms\/api\/amp\/image\/AA1YzHAG\">\n<div class=\"article-image-slot\">\n<div class=\"article-image-container polished\" data-t=\"{&quot;n&quot;:&quot;OpenModal&quot;,&quot;t&quot;:13,&quot;b&quot;:8,&quot;c.i&quot;:&quot;AA1YyQYX&quot;,&quot;c.l&quot;:false,&quot;c.t&quot;:13,&quot;c.v&quot;:&quot;news&quot;,&quot;c.c&quot;:&quot;others&quot;,&quot;c.b&quot;:&quot;Euronews (Fran\u00e7ais)&quot;,&quot;c.bi&quot;:&quot;AA2qy7x&quot;,&quot;c.tv&quot;:&quot;news&quot;,&quot;c.tc&quot;:&quot;general&quot;,&quot;c.hl&quot;:&quot;Guerre en Iran : la base am\u00e9ricaine de Djibouti, une cible potentielle de l'Iran ?&quot;}\" data-test-id=\"AA1YzHAG\">\n<p data-t=\"{&quot;n&quot;:&quot;blueLinks&quot;,&quot;t&quot;:13,&quot;a&quot;:&quot;click&quot;,&quot;b&quot;:76}\"><strong>L&#8217;ambassade des Etats-Unis de Djibouti a appel\u00e9 ses ressortissants \u00e0 la vigilance renfor\u00e7ant l&#8217;id\u00e9e d&#8217;une possible attaque iranienne.<\/strong><\/p>\n<p data-t=\"{&quot;n&quot;:&quot;blueLinks&quot;,&quot;t&quot;:13,&quot;a&quot;:&quot;click&quot;,&quot;b&quot;:76}\">Il s&#8217;agit de la plus grande installation am\u00e9ricaine en Afrique avec au moins 4 000 soldats dans un camp semi-souterrain. Le site accueille \u00e9galement un a\u00e9rodrome militaire, des drones Reaper, quelques avions d\u00e9di\u00e9s \u00e0 la surveillance et au ravitaillement, ainsi que 1000 travailleurs locaux.<\/p>\n<div class=\"intra-article-module\" data-t=\"{&quot;n&quot;:&quot;intraArticle&quot;,&quot;t&quot;:13}\">\n<div class=\"articlePageIntraArticleFullWidth ad-slot-placeholder left-image-intra-ad full-bleed-image-intra-ad intra-ad-rm-bg intra-ad-rm-h collapsed\" data-ad-index=\"0\">\n<div class=\"left-image-intra-ad full-bleed-image-intra-ad\">\n<div class=\"responsive-views-ad-container\"><\/div>\n<\/div>\n<\/div>\n<\/div>\n<p class=\"continue-read-break\" data-t=\"{&quot;n&quot;:&quot;blueLinks&quot;,&quot;t&quot;:13,&quot;a&quot;:&quot;click&quot;,&quot;b&quot;:76}\">Ce complexe ultramoderne est au c\u0153ur des op\u00e9rations am\u00e9ricaines en Afrique et au Moyen-Orient. Dans un contexte o\u00f9 la guerre isra\u00e9lo-am\u00e9ricaine contre l\u2019Iran se poursuit, des frappes iraniennes ont d\u00e9j\u00e0 vis\u00e9 des ambassades, consulats et installations militaires dans le Golfe, en Irak et aux \u00c9mirats arabes unis.<\/p>\n<p data-t=\"{&quot;n&quot;:&quot;blueLinks&quot;,&quot;t&quot;:13,&quot;a&quot;:&quot;click&quot;,&quot;b&quot;:76}\">Les experts classent Djibouti parmi les cibles potentielles des frappes de l&#8217;Iran et des alli\u00e9s Houthis qui op\u00e8re dans la r\u00e9gion. Le camp est situ\u00e9 juste en face du Y\u00e9men et au c\u0153ur de toutes les tensions depuis le d\u00e9but du conflit en Iran.<\/p>\n<p data-t=\"{&quot;n&quot;:&quot;blueLinks&quot;,&quot;t&quot;:13,&quot;a&quot;:&quot;click&quot;,&quot;b&quot;:76}\"><a href=\"https:\/\/www.msn.com\/fr-xl\/actualite\/other\/guerre-en-iran-la-base-am%C3%A9ricaine-de-djibouti-une-cible-potentielle-de-l-iran\/ar-AA1YyQYX?ocid=msedgntp&amp;pc=U531&amp;cvid=69b56fe9fc1041019cb0d93324331dbc&amp;ei=60\">Guerre en Iran : la base am\u00e9ricaine de Djibouti, une cible potentielle de l&#8217;Iran ?<\/a><\/p>\n<\/div>\n<\/div>\n<\/div>\n","protected":false},"excerpt":{"rendered":"<p>L&#8217;ambassade des Etats-Unis de Djibouti a appel\u00e9 ses ressortissants \u00e0 la vigilance renfor\u00e7ant l&#8217;id\u00e9e d&#8217;une possible attaque iranienne. L&#8217;ambassade des Etats-Unis de Djibouti a appel\u00e9 ses ressortissants \u00e0 la vigilance renfor\u00e7ant l&#8217;id\u00e9e d&#8217;une possible attaque iranienne. Il s&#8217;agit de la plus grande installation am\u00e9ricaine en Afrique avec au moins 4 000 soldats dans un camp &hellip;<\/p>\n","protected":false},"author":2,"featured_media":20914,"comment_status":"open","ping_status":"open","sticky":false,"template":"","format":"standard","meta":{"footnotes":""},"categories":[18,29],"tags":[],"class_list":["post-20913","post","type-post","status-publish","format-standard","has-post-thumbnail","hentry","category-actualites","category-monde"],"_links":{"self":[{"href":"https:\/\/ladepeche.mr\/index.php?rest_route=\/wp\/v2\/posts\/20913","targetHints":{"allow":["GET"]}}],"collection":[{"href":"https:\/\/ladepeche.mr\/index.php?rest_route=\/wp\/v2\/posts"}],"about":[{"href":"https:\/\/ladepeche.mr\/index.php?rest_route=\/wp\/v2\/types\/post"}],"author":[{"embeddable":true,"href":"https:\/\/ladepeche.mr\/index.php?rest_route=\/wp\/v2\/users\/2"}],"replies":[{"embeddable":true,"href":"https:\/\/ladepeche.mr\/index.php?rest_route=%2Fwp%2Fv2%2Fcomments&post=20913"}],"version-history":[{"count":1,"href":"https:\/\/ladepeche.mr\/index.php?rest_route=\/wp\/v2\/posts\/20913\/revisions"}],"predecessor-version":[{"id":20915,"href":"https:\/\/ladepeche.mr\/index.php?rest_route=\/wp\/v2\/posts\/20913\/revisions\/20915"}],"wp:featuredmedia":[{"embeddable":true,"href":"https:\/\/ladepeche.mr\/index.php?rest_route=\/wp\/v2\/media\/20914"}],"wp:attachment":[{"href":"https:\/\/ladepeche.mr\/index.php?rest_route=%2Fwp%2Fv2%2Fmedia&parent=20913"}],"wp:term":[{"taxonomy":"category","embeddable":true,"href":"https:\/\/ladepeche.mr\/index.php?rest_route=%2Fwp%2Fv2%2Fcategories&post=20913"},{"taxonomy":"post_tag","embeddable":true,"href":"https:\/\/ladepeche.mr\/index.php?rest_route=%2Fwp%2Fv2%2Ftags&post=20913"}],"curies":[{"name":"wp","href":"https:\/\/api.w.org\/{rel}","templated":true}]}}